{"id":1276,"date":"2019-12-29T21:55:54","date_gmt":"2019-12-30T00:55:54","guid":{"rendered":"https:\/\/www.fcedu.uner.edu.ar\/arc\/?p=1276"},"modified":"2021-07-28T20:31:04","modified_gmt":"2021-07-28T23:31:04","slug":"capitulo-226","status":"publish","type":"post","link":"https:\/\/www.fcedu.uner.edu.ar\/arc\/capitulo-226\/","title":{"rendered":"Cap\u00edtulo 226"},"content":{"rendered":"<p><img loading=\"lazy\" decoding=\"async\" class=\"aligncenter wp-image-1279 size-full\" src=\"https:\/\/www.fcedu.uner.edu.ar\/arc\/wp-content\/uploads\/2020\/01\/226int.jpg\" alt=\"\" width=\"2836\" height=\"1420\" srcset=\"https:\/\/www.fcedu.uner.edu.ar\/arc\/wp-content\/uploads\/2020\/01\/226int.jpg 2836w, https:\/\/www.fcedu.uner.edu.ar\/arc\/wp-content\/uploads\/2020\/01\/226int-300x150.jpg 300w, https:\/\/www.fcedu.uner.edu.ar\/arc\/wp-content\/uploads\/2020\/01\/226int-768x385.jpg 768w, https:\/\/www.fcedu.uner.edu.ar\/arc\/wp-content\/uploads\/2020\/01\/226int-1024x513.jpg 1024w, https:\/\/www.fcedu.uner.edu.ar\/arc\/wp-content\/uploads\/2020\/01\/226int-973x487.jpg 973w, https:\/\/www.fcedu.uner.edu.ar\/arc\/wp-content\/uploads\/2020\/01\/226int-508x254.jpg 508w\" sizes=\"(max-width: 2836px) 100vw, 2836px\" \/><\/p>\n<p>El caso Storni<\/p>\n<p><audio controls=\"controls\"><source src=\"https:\/\/www.fcedu.uner.edu.ar\/ARC\/archivo\/2002\/226\/01_el_caso_storni.mp3\" type=\"audio\/mp3\" \/><\/audio><\/p>\n<p>Vicente Zaspe, el pastor<\/p>\n<p><audio controls=\"controls\"><source src=\"https:\/\/www.fcedu.uner.edu.ar\/ARC\/archivo\/2002\/226\/02_zaspe_el_pastor.mp3\" type=\"audio\/mp3\" \/><\/audio><\/p>\n<p>Storni y su relaci\u00f3n con el poder<\/p>\n<p><audio controls=\"controls\"><source src=\"https:\/\/www.fcedu.uner.edu.ar\/ARC\/archivo\/2002\/226\/03_storni_y_su_relacion_con_el_poder.mp3\" type=\"audio\/mp3\" \/><\/audio><\/p>\n<p>Carlos Mugica: El primer cura m\u00e1rtir<\/p>\n<p><audio controls=\"controls\"><source src=\"https:\/\/www.fcedu.uner.edu.ar\/ARC\/archivo\/2002\/226\/04_carlos_ugica_el_primer_cura_martir.mp3\" type=\"audio\/mp3\" \/><\/audio><\/p>\n<p>Enrique Angelelli: mucho m\u00e1s que un obispo<\/p>\n<p><audio controls=\"controls\"><source src=\"https:\/\/www.fcedu.uner.edu.ar\/ARC\/archivo\/2002\/226\/05_enrique_angelelli_mucho_mas_que_un_obispo.mp3\" type=\"audio\/mp3\" \/><\/audio><\/p>\n<p>Don Jaime<\/p>\n<p><audio controls=\"controls\"><source src=\"https:\/\/www.fcedu.uner.edu.ar\/ARC\/archivo\/2002\/226\/06_don_jaime.mp3\" type=\"audio\/mp3\" \/><\/audio><\/p>\n","protected":false},"excerpt":{"rendered":"<p>El caso Storni Vicente Zaspe, el pastor Storni y su relaci\u00f3n con el poder Carlos Mugica: El primer cura m\u00e1rtir Enrique Angelelli: mucho m\u00e1s que un obispo Don&#8230;<\/p>\n","protected":false},"author":1001018,"featured_media":1277,"comment_status":"closed","ping_status":"closed","sticky":false,"template":"","format":"standard","meta":{"footnotes":""},"categories":[23],"tags":[48],"_links":{"self":[{"href":"https:\/\/www.fcedu.uner.edu.ar\/arc\/wp-json\/wp\/v2\/posts\/1276"}],"collection":[{"href":"https:\/\/www.fcedu.uner.edu.ar\/arc\/wp-json\/wp\/v2\/posts"}],"about":[{"href":"https:\/\/www.fcedu.uner.edu.ar\/arc\/wp-json\/wp\/v2\/types\/post"}],"author":[{"embeddable":true,"href":"https:\/\/www.fcedu.uner.edu.ar\/arc\/wp-json\/wp\/v2\/users\/1001018"}],"replies":[{"embeddable":true,"href":"https:\/\/www.fcedu.uner.edu.ar\/arc\/wp-json\/wp\/v2\/comments?post=1276"}],"version-history":[{"count":4,"href":"https:\/\/www.fcedu.uner.edu.ar\/arc\/wp-json\/wp\/v2\/posts\/1276\/revisions"}],"predecessor-version":[{"id":1748,"href":"https:\/\/www.fcedu.uner.edu.ar\/arc\/wp-json\/wp\/v2\/posts\/1276\/revisions\/1748"}],"wp:featuredmedia":[{"embeddable":true,"href":"https:\/\/www.fcedu.uner.edu.ar\/arc\/wp-json\/wp\/v2\/media\/1277"}],"wp:attachment":[{"href":"https:\/\/www.fcedu.uner.edu.ar\/arc\/wp-json\/wp\/v2\/media?parent=1276"}],"wp:term":[{"taxonomy":"category","embeddable":true,"href":"https:\/\/www.fcedu.uner.edu.ar\/arc\/wp-json\/wp\/v2\/categories?post=1276"},{"taxonomy":"post_tag","embeddable":true,"href":"https:\/\/www.fcedu.uner.edu.ar\/arc\/wp-json\/wp\/v2\/tags?post=1276"}],"curies":[{"name":"wp","href":"https:\/\/api.w.org\/{rel}","templated":true}]}}