{"id":1346,"date":"2020-04-02T14:49:49","date_gmt":"2020-04-02T17:49:49","guid":{"rendered":"https:\/\/www.fcedu.uner.edu.ar\/arc\/?p=1346"},"modified":"2021-07-27T18:45:47","modified_gmt":"2021-07-27T21:45:47","slug":"capitulo-434","status":"publish","type":"post","link":"https:\/\/www.fcedu.uner.edu.ar\/arc\/capitulo-434\/","title":{"rendered":"Cap\u00edtulo 434: Retrato ind\u00edgena de M\u00e9xico"},"content":{"rendered":"<p>Serie realizada por Martha S\u00e1nchez Carballido, estudiante de la Licenciatura en Ciencias de la Comunicaci\u00f3n, de la Facultad de Ciencias Humanas, Universidad Aut\u00f3noma de Baja California. Este trabajo es parte de su pr\u00e1ctica profesional, en el marco de su estad\u00eda en nuestra Facultad por el programa JIMA (J\u00f3venes de Intercambio M\u00e9xico-Argentina).<\/p>\n<p>M\u00e9xico ind\u00edgena<\/p>\n<p><audio controls=\"controls\"><source src=\"https:\/\/www.fcedu.uner.edu.ar\/ARC\/archivo\/2012\/434\/01_mexico_indigena.mp3\" type=\"audio\/mp3\" \/><\/audio><\/p>\n<p>Un siglo de cambios (Siglo XIX)<\/p>\n<p><audio controls=\"controls\"><source src=\"https:\/\/www.fcedu.uner.edu.ar\/ARC\/archivo\/2012\/434\/02_un_siglo_de_cambios_siglo_xix.mp3\" type=\"audio\/mp3\" \/><\/audio><\/p>\n<p>Revoluci\u00f3n y zapatismo (Siglo XX)<\/p>\n<p><audio controls=\"controls\"><source src=\"https:\/\/www.fcedu.uner.edu.ar\/ARC\/archivo\/2012\/434\/03_revolucion_y_zapatismo_siglo_xx.mp3\" type=\"audio\/mp3\" \/><\/audio><\/p>\n<p>P\u00e9rdida de la identidad ind\u00edgena<\/p>\n<p><audio controls=\"controls\"><source src=\"https:\/\/www.fcedu.uner.edu.ar\/ARC\/archivo\/2012\/434\/04_perdida_de_la_identidad_indigena.mp3\" type=\"audio\/mp3\" \/><\/audio><\/p>\n<p>Realidad ind\u00edgena en la actualidad<\/p>\n<p><audio controls=\"controls\"><source src=\"https:\/\/www.fcedu.uner.edu.ar\/ARC\/archivo\/2012\/434\/05_realidad_indigena_en_la_actualidad.mp3\" type=\"audio\/mp3\" \/><\/audio><\/p>\n","protected":false},"excerpt":{"rendered":"<p>Serie realizada por Martha S\u00e1nchez Carballido, estudiante de la Licenciatura en Ciencias de la Comunicaci\u00f3n, de la Facultad de Ciencias Humanas, Universidad Aut\u00f3noma de Baja California. Este trabajo&#8230;<\/p>\n","protected":false},"author":1001018,"featured_media":1347,"comment_status":"closed","ping_status":"closed","sticky":false,"template":"","format":"standard","meta":{"footnotes":""},"categories":[8],"tags":[38,63],"_links":{"self":[{"href":"https:\/\/www.fcedu.uner.edu.ar\/arc\/wp-json\/wp\/v2\/posts\/1346"}],"collection":[{"href":"https:\/\/www.fcedu.uner.edu.ar\/arc\/wp-json\/wp\/v2\/posts"}],"about":[{"href":"https:\/\/www.fcedu.uner.edu.ar\/arc\/wp-json\/wp\/v2\/types\/post"}],"author":[{"embeddable":true,"href":"https:\/\/www.fcedu.uner.edu.ar\/arc\/wp-json\/wp\/v2\/users\/1001018"}],"replies":[{"embeddable":true,"href":"https:\/\/www.fcedu.uner.edu.ar\/arc\/wp-json\/wp\/v2\/comments?post=1346"}],"version-history":[{"count":3,"href":"https:\/\/www.fcedu.uner.edu.ar\/arc\/wp-json\/wp\/v2\/posts\/1346\/revisions"}],"predecessor-version":[{"id":2061,"href":"https:\/\/www.fcedu.uner.edu.ar\/arc\/wp-json\/wp\/v2\/posts\/1346\/revisions\/2061"}],"wp:featuredmedia":[{"embeddable":true,"href":"https:\/\/www.fcedu.uner.edu.ar\/arc\/wp-json\/wp\/v2\/media\/1347"}],"wp:attachment":[{"href":"https:\/\/www.fcedu.uner.edu.ar\/arc\/wp-json\/wp\/v2\/media?parent=1346"}],"wp:term":[{"taxonomy":"category","embeddable":true,"href":"https:\/\/www.fcedu.uner.edu.ar\/arc\/wp-json\/wp\/v2\/categories?post=1346"},{"taxonomy":"post_tag","embeddable":true,"href":"https:\/\/www.fcedu.uner.edu.ar\/arc\/wp-json\/wp\/v2\/tags?post=1346"}],"curies":[{"name":"wp","href":"https:\/\/api.w.org\/{rel}","templated":true}]}}