{"id":1383,"date":"2020-04-03T15:03:17","date_gmt":"2020-04-03T18:03:17","guid":{"rendered":"https:\/\/www.fcedu.uner.edu.ar\/arc\/?p=1383"},"modified":"2021-07-27T18:10:38","modified_gmt":"2021-07-27T21:10:38","slug":"capitulo-452","status":"publish","type":"post","link":"https:\/\/www.fcedu.uner.edu.ar\/arc\/capitulo-452\/","title":{"rendered":"Cap\u00edtulo 452: Revoluci\u00f3n y organizaci\u00f3n, por Juan Vilar"},"content":{"rendered":"<div>La editorial de la Universidad Nacional de Entre R\u00edos lanz\u00f3\u00a0<i>Revoluci\u00f3n y lucha por la organizaci\u00f3n<\/i>, el primer libro del historiador entrerriano Juan Vilar.<\/div>\n<div>Este trabajo es el resultado de largos a\u00f1os de an\u00e1lisis y acopio de material y documentaci\u00f3n hist\u00f3rica que sirve de fundamentaci\u00f3n al escrito del profesor que, ya retirado de la actividad docente, se dedica a la escritura.<\/div>\n<div>Con un enfoque particular de la historia de nuestro pa\u00eds, descentralizado pero no por eso regionalista, Vilar cuenta qu\u00e9 sucedi\u00f3, desde su \u00f3ptica, desde 1801 hasta 1829. Habla de las cuentas pendientes de la Asamblea del A\u00f1o XIII y plantea interrogantes que ser\u00e1n respondidos en pr\u00f3ximos libros.<\/div>\n<div>Aqu\u00ed les presentamos al autor, su obra y algunos datos de la cocina de la producci\u00f3n del texto del docente de la UNER.<\/div>\n<p>&nbsp;<\/p>\n<p>Juan Vilar, historiador<\/p>\n<p><audio controls=\"controls\"><source src=\"https:\/\/www.fcedu.uner.edu.ar\/ARC\/archivo\/2014\/452\/01_juan_vilar_historiador.mp3\" type=\"audio\/mp3\" \/><\/audio><\/p>\n<p>Esta es otra historia<\/p>\n<p><audio controls=\"controls\"><source src=\"https:\/\/www.fcedu.uner.edu.ar\/ARC\/archivo\/2014\/452\/02_esta_es_otra_historia.mp3\" type=\"audio\/mp3\" \/><\/audio><\/p>\n<p>Revoluci\u00f3n y organizaci\u00f3n<\/p>\n<p><audio controls=\"controls\"><source src=\"https:\/\/www.fcedu.uner.edu.ar\/ARC\/archivo\/2014\/452\/03_revolucion_y_organizacion.mp3\" type=\"audio\/mp3\" \/><\/audio><\/p>\n<p>Artiguismo<\/p>\n<p><audio controls=\"controls\"><source src=\"https:\/\/www.fcedu.uner.edu.ar\/ARC\/archivo\/2014\/452\/04_artiguismo.mp3\" type=\"audio\/mp3\" \/><\/audio><\/p>\n<p>El contexto mundial<\/p>\n<p><audio controls=\"controls\"><source src=\"https:\/\/www.fcedu.uner.edu.ar\/ARC\/archivo\/2014\/452\/05_el_contexto_mundial.mp3\" type=\"audio\/mp3\" \/><\/audio><\/p>\n<p>La Asamblea del A\u00f1o XIII<\/p>\n<p><audio controls=\"controls\"><source src=\"https:\/\/www.fcedu.uner.edu.ar\/ARC\/archivo\/2014\/452\/06_la_asamblea_del_ano_xiii.mp3\" type=\"audio\/mp3\" \/><\/audio><\/p>\n","protected":false},"excerpt":{"rendered":"<p>La editorial de la Universidad Nacional de Entre R\u00edos lanz\u00f3\u00a0Revoluci\u00f3n y lucha por la organizaci\u00f3n, el primer libro del historiador entrerriano Juan Vilar. Este trabajo es el resultado&#8230;<\/p>\n","protected":false},"author":1001018,"featured_media":1384,"comment_status":"closed","ping_status":"closed","sticky":false,"template":"","format":"standard","meta":{"footnotes":""},"categories":[6],"tags":[37],"_links":{"self":[{"href":"https:\/\/www.fcedu.uner.edu.ar\/arc\/wp-json\/wp\/v2\/posts\/1383"}],"collection":[{"href":"https:\/\/www.fcedu.uner.edu.ar\/arc\/wp-json\/wp\/v2\/posts"}],"about":[{"href":"https:\/\/www.fcedu.uner.edu.ar\/arc\/wp-json\/wp\/v2\/types\/post"}],"author":[{"embeddable":true,"href":"https:\/\/www.fcedu.uner.edu.ar\/arc\/wp-json\/wp\/v2\/users\/1001018"}],"replies":[{"embeddable":true,"href":"https:\/\/www.fcedu.uner.edu.ar\/arc\/wp-json\/wp\/v2\/comments?post=1383"}],"version-history":[{"count":4,"href":"https:\/\/www.fcedu.uner.edu.ar\/arc\/wp-json\/wp\/v2\/posts\/1383\/revisions"}],"predecessor-version":[{"id":2115,"href":"https:\/\/www.fcedu.uner.edu.ar\/arc\/wp-json\/wp\/v2\/posts\/1383\/revisions\/2115"}],"wp:featuredmedia":[{"embeddable":true,"href":"https:\/\/www.fcedu.uner.edu.ar\/arc\/wp-json\/wp\/v2\/media\/1384"}],"wp:attachment":[{"href":"https:\/\/www.fcedu.uner.edu.ar\/arc\/wp-json\/wp\/v2\/media?parent=1383"}],"wp:term":[{"taxonomy":"category","embeddable":true,"href":"https:\/\/www.fcedu.uner.edu.ar\/arc\/wp-json\/wp\/v2\/categories?post=1383"},{"taxonomy":"post_tag","embeddable":true,"href":"https:\/\/www.fcedu.uner.edu.ar\/arc\/wp-json\/wp\/v2\/tags?post=1383"}],"curies":[{"name":"wp","href":"https:\/\/api.w.org\/{rel}","templated":true}]}}