{"id":2450,"date":"2020-03-15T17:40:57","date_gmt":"2020-03-15T20:40:57","guid":{"rendered":"https:\/\/www.fcedu.uner.edu.ar\/arc\/?p=2450"},"modified":"2020-03-19T19:42:52","modified_gmt":"2020-03-19T22:42:52","slug":"capitulo-380","status":"publish","type":"post","link":"https:\/\/www.fcedu.uner.edu.ar\/arc\/capitulo-380\/","title":{"rendered":"Cap\u00edtulo 380"},"content":{"rendered":"<p><img loading=\"lazy\" decoding=\"async\" class=\"aligncenter wp-image-2452 size-full\" src=\"https:\/\/www.fcedu.uner.edu.ar\/arc\/wp-content\/uploads\/2020\/03\/380int.png\" alt=\"\" width=\"2832\" height=\"1383\" srcset=\"https:\/\/www.fcedu.uner.edu.ar\/arc\/wp-content\/uploads\/2020\/03\/380int.png 2832w, https:\/\/www.fcedu.uner.edu.ar\/arc\/wp-content\/uploads\/2020\/03\/380int-300x147.png 300w, https:\/\/www.fcedu.uner.edu.ar\/arc\/wp-content\/uploads\/2020\/03\/380int-768x375.png 768w, https:\/\/www.fcedu.uner.edu.ar\/arc\/wp-content\/uploads\/2020\/03\/380int-1024x500.png 1024w, https:\/\/www.fcedu.uner.edu.ar\/arc\/wp-content\/uploads\/2020\/03\/380int-973x475.png 973w, https:\/\/www.fcedu.uner.edu.ar\/arc\/wp-content\/uploads\/2020\/03\/380int-508x248.png 508w\" sizes=\"(max-width: 2832px) 100vw, 2832px\" \/><\/p>\n<p><strong>10\u00ba Encuentro de la Uni\u00f3n de Asambleas Ciudadanas<\/strong><br \/>\nSe llev\u00f3 a cabo en San Salvador de Jujuy, del 24 al 26 de julio de 2009. \u00abContra el saqueo de nuestros bienes naturales y la contaminaci\u00f3n, por la soberan\u00eda alimentaria y la vida\u201d.<br \/>\nAudios: Radio Minka, Jujuy<\/p>\n<p><audio controls=\"controls\"><source src=\"https:\/\/www.fcedu.uner.edu.ar\/ARC\/archivo\/2009\/380\/01_10_encuentro_de_la_union_de_asambleas_ciudadanas.mp3\" type=\"audio\/mp3\" \/><\/audio><\/p>\n<p><strong>La culpa no es del chancho &#8211; Parte I\u00a0<\/strong><br \/>\nLa culpa es del sistema industrial de producci\u00f3n animal.<\/p>\n<p><audio controls=\"controls\"><source src=\"https:\/\/www.fcedu.uner.edu.ar\/ARC\/archivo\/2009\/380\/02_la_culpa_no_es_del_chancho_parte_i.mp3\" type=\"audio\/mp3\" \/><\/audio><\/p>\n<p><strong>La culpa no es del chancho &#8211; Parte II\u00a0<\/strong><br \/>\nCon el miedo y la desinformaci\u00f3n, la \u00fanica privilegiada es la dictadura global de las corporaciones.<\/p>\n<p><audio controls=\"controls\"><source src=\"https:\/\/www.fcedu.uner.edu.ar\/ARC\/archivo\/2009\/380\/03_la_culpa_no_es_del_chancho_parte_ii.mp3\" type=\"audio\/mp3\" \/><\/audio><\/p>\n<p><strong>Lo social. La radio como nexo entre los diferentes sectores\u00a0<\/strong><br \/>\n\u00bfCu\u00e1l es la funci\u00f3n que tuvo, tiene o deber\u00eda tener la radio en pos de un mejor destino com\u00fan? Un informe del pasante Sim\u00f3n Volcoff.<\/p>\n<p><audio controls=\"controls\"><source src=\"https:\/\/www.fcedu.uner.edu.ar\/ARC\/archivo\/2009\/380\/04_lo_social_la_radio_como_nexo_entre_los_diferentes_sectores.mp3\" type=\"audio\/mp3\" \/><\/audio><\/p>\n<p><strong>La contribuci\u00f3n de la radio a la convivencia en democracia\u00a0<\/strong><br \/>\nOtro informe del pasante Sim\u00f3n Volcoff que, en este caso, convoca a dirigentes de trayectoria en la vida pol\u00edtica local.<\/p>\n<p><audio controls=\"controls\"><source src=\"https:\/\/www.fcedu.uner.edu.ar\/ARC\/archivo\/2009\/380\/05_la_contribucion_de_la_radio_a_la_convivencia_en_democracia.mp3\" type=\"audio\/mp3\" \/><\/audio><\/p>\n","protected":false},"excerpt":{"rendered":"<p>10\u00ba Encuentro de la Uni\u00f3n de Asambleas Ciudadanas Se llev\u00f3 a cabo en San Salvador de Jujuy, del 24 al 26 de julio de 2009. \u00abContra el saqueo&#8230;<\/p>\n","protected":false},"author":1001018,"featured_media":2451,"comment_status":"closed","ping_status":"closed","sticky":false,"template":"","format":"standard","meta":{"footnotes":""},"categories":[11],"tags":[35,59,48,66],"_links":{"self":[{"href":"https:\/\/www.fcedu.uner.edu.ar\/arc\/wp-json\/wp\/v2\/posts\/2450"}],"collection":[{"href":"https:\/\/www.fcedu.uner.edu.ar\/arc\/wp-json\/wp\/v2\/posts"}],"about":[{"href":"https:\/\/www.fcedu.uner.edu.ar\/arc\/wp-json\/wp\/v2\/types\/post"}],"author":[{"embeddable":true,"href":"https:\/\/www.fcedu.uner.edu.ar\/arc\/wp-json\/wp\/v2\/users\/1001018"}],"replies":[{"embeddable":true,"href":"https:\/\/www.fcedu.uner.edu.ar\/arc\/wp-json\/wp\/v2\/comments?post=2450"}],"version-history":[{"count":3,"href":"https:\/\/www.fcedu.uner.edu.ar\/arc\/wp-json\/wp\/v2\/posts\/2450\/revisions"}],"predecessor-version":[{"id":2630,"href":"https:\/\/www.fcedu.uner.edu.ar\/arc\/wp-json\/wp\/v2\/posts\/2450\/revisions\/2630"}],"wp:featuredmedia":[{"embeddable":true,"href":"https:\/\/www.fcedu.uner.edu.ar\/arc\/wp-json\/wp\/v2\/media\/2451"}],"wp:attachment":[{"href":"https:\/\/www.fcedu.uner.edu.ar\/arc\/wp-json\/wp\/v2\/media?parent=2450"}],"wp:term":[{"taxonomy":"category","embeddable":true,"href":"https:\/\/www.fcedu.uner.edu.ar\/arc\/wp-json\/wp\/v2\/categories?post=2450"},{"taxonomy":"post_tag","embeddable":true,"href":"https:\/\/www.fcedu.uner.edu.ar\/arc\/wp-json\/wp\/v2\/tags?post=2450"}],"curies":[{"name":"wp","href":"https:\/\/api.w.org\/{rel}","templated":true}]}}