{"id":2462,"date":"2020-03-15T17:53:12","date_gmt":"2020-03-15T20:53:12","guid":{"rendered":"https:\/\/www.fcedu.uner.edu.ar\/arc\/?p=2462"},"modified":"2020-03-19T19:59:47","modified_gmt":"2020-03-19T22:59:47","slug":"capitulo-384","status":"publish","type":"post","link":"https:\/\/www.fcedu.uner.edu.ar\/arc\/capitulo-384\/","title":{"rendered":"Cap\u00edtulo 384"},"content":{"rendered":"<p><img loading=\"lazy\" decoding=\"async\" class=\"aligncenter wp-image-2464 size-full\" src=\"https:\/\/www.fcedu.uner.edu.ar\/arc\/wp-content\/uploads\/2020\/03\/384int.png\" alt=\"\" width=\"2832\" height=\"1383\" srcset=\"https:\/\/www.fcedu.uner.edu.ar\/arc\/wp-content\/uploads\/2020\/03\/384int.png 2832w, https:\/\/www.fcedu.uner.edu.ar\/arc\/wp-content\/uploads\/2020\/03\/384int-300x147.png 300w, https:\/\/www.fcedu.uner.edu.ar\/arc\/wp-content\/uploads\/2020\/03\/384int-768x375.png 768w, https:\/\/www.fcedu.uner.edu.ar\/arc\/wp-content\/uploads\/2020\/03\/384int-1024x500.png 1024w, https:\/\/www.fcedu.uner.edu.ar\/arc\/wp-content\/uploads\/2020\/03\/384int-973x475.png 973w, https:\/\/www.fcedu.uner.edu.ar\/arc\/wp-content\/uploads\/2020\/03\/384int-508x248.png 508w\" sizes=\"(max-width: 2832px) 100vw, 2832px\" \/><\/p>\n<p><strong>La radio: una oportunidad. Primera parte<\/strong><br \/>\nEn formato de taller, nuestro modesto pero potente medio de comunicaci\u00f3n, sorprende por los resultados y convoca nuevos adeptos a cada momento.<\/p>\n<p><audio controls=\"controls\"><source src=\"https:\/\/www.fcedu.uner.edu.ar\/ARC\/archivo\/2009\/384\/01_la_radio_una_oportunidad_parte_1.mp3\" type=\"audio\/mp3\" \/><\/audio><\/p>\n<p><strong>La radio: una oportunidad. Segunda parte<\/strong><br \/>\nAprender, compartir, pensar, jugar, son todas instancias del mismo taller de radio. En ella \u2013por la radio- los integrantes de este grupo de j\u00f3venes encontraron un canal propicio para \u201cdecir\u201d.<\/p>\n<p><audio controls=\"controls\"><source src=\"https:\/\/www.fcedu.uner.edu.ar\/ARC\/archivo\/2009\/384\/02_la_radio_una_oportunidad_parte_2.mp3\" type=\"audio\/mp3\" \/><\/audio><\/p>\n<p><strong>Anosmia \u2013 parte I<\/strong><br \/>\n\u00bfQu\u00e9 es? \u00bfDe qu\u00e9 se trata? \u00bfQui\u00e9n o qui\u00e9nes pueden tener este tipo de trastornos? S\u00f3lo algunas de las inquietudes en relaci\u00f3n a esta tem\u00e1tica<\/p>\n<p><audio controls=\"controls\"><source src=\"https:\/\/www.fcedu.uner.edu.ar\/ARC\/archivo\/2009\/384\/03_anosmia_parte_1.mp3\" type=\"audio\/mp3\" \/><\/audio><\/p>\n<p><strong>Anosmia \u2013 parte II<\/strong><br \/>\nEl olfato, tierra de nadie en la medicina. Entrevista a la investigadora, Dra. Matilde Otero Losada.<\/p>\n<p><audio controls=\"controls\"><source src=\"https:\/\/www.fcedu.uner.edu.ar\/ARC\/archivo\/2009\/384\/04_anosmia_parte_2.mp3\" type=\"audio\/mp3\" \/><\/audio><\/p>\n<p><strong>Anosmia \u2013 parte III<\/strong><br \/>\nEl mundo inodoro e ins\u00edpido.<\/p>\n<p><audio controls=\"controls\"><source src=\"https:\/\/www.fcedu.uner.edu.ar\/ARC\/archivo\/2009\/384\/05_anosmia_parte_3.mp3\" type=\"audio\/mp3\" \/><\/audio><\/p>\n<p><strong>Anosmia \u2013 parte IV<\/strong><br \/>\nLos olores, las sensaciones y los recuerdos.<\/p>\n<p><audio controls=\"controls\"><source src=\"https:\/\/www.fcedu.uner.edu.ar\/ARC\/archivo\/2009\/384\/06_anosmia_parte_4.mp3\" type=\"audio\/mp3\" \/><\/audio><\/p>\n","protected":false},"excerpt":{"rendered":"<p>La radio: una oportunidad. Primera parte En formato de taller, nuestro modesto pero potente medio de comunicaci\u00f3n, sorprende por los resultados y convoca nuevos adeptos a cada momento&#8230;.<\/p>\n","protected":false},"author":1001018,"featured_media":2463,"comment_status":"closed","ping_status":"closed","sticky":false,"template":"","format":"standard","meta":{"footnotes":""},"categories":[11],"tags":[42,59,47],"_links":{"self":[{"href":"https:\/\/www.fcedu.uner.edu.ar\/arc\/wp-json\/wp\/v2\/posts\/2462"}],"collection":[{"href":"https:\/\/www.fcedu.uner.edu.ar\/arc\/wp-json\/wp\/v2\/posts"}],"about":[{"href":"https:\/\/www.fcedu.uner.edu.ar\/arc\/wp-json\/wp\/v2\/types\/post"}],"author":[{"embeddable":true,"href":"https:\/\/www.fcedu.uner.edu.ar\/arc\/wp-json\/wp\/v2\/users\/1001018"}],"replies":[{"embeddable":true,"href":"https:\/\/www.fcedu.uner.edu.ar\/arc\/wp-json\/wp\/v2\/comments?post=2462"}],"version-history":[{"count":3,"href":"https:\/\/www.fcedu.uner.edu.ar\/arc\/wp-json\/wp\/v2\/posts\/2462\/revisions"}],"predecessor-version":[{"id":2639,"href":"https:\/\/www.fcedu.uner.edu.ar\/arc\/wp-json\/wp\/v2\/posts\/2462\/revisions\/2639"}],"wp:featuredmedia":[{"embeddable":true,"href":"https:\/\/www.fcedu.uner.edu.ar\/arc\/wp-json\/wp\/v2\/media\/2463"}],"wp:attachment":[{"href":"https:\/\/www.fcedu.uner.edu.ar\/arc\/wp-json\/wp\/v2\/media?parent=2462"}],"wp:term":[{"taxonomy":"category","embeddable":true,"href":"https:\/\/www.fcedu.uner.edu.ar\/arc\/wp-json\/wp\/v2\/categories?post=2462"},{"taxonomy":"post_tag","embeddable":true,"href":"https:\/\/www.fcedu.uner.edu.ar\/arc\/wp-json\/wp\/v2\/tags?post=2462"}],"curies":[{"name":"wp","href":"https:\/\/api.w.org\/{rel}","templated":true}]}}