{"id":2479,"date":"2020-03-15T18:08:52","date_gmt":"2020-03-15T21:08:52","guid":{"rendered":"https:\/\/www.fcedu.uner.edu.ar\/arc\/?p=2479"},"modified":"2020-03-19T20:08:22","modified_gmt":"2020-03-19T23:08:22","slug":"capitulo-388","status":"publish","type":"post","link":"https:\/\/www.fcedu.uner.edu.ar\/arc\/capitulo-388\/","title":{"rendered":"Cap\u00edtulo 388"},"content":{"rendered":"<p><img loading=\"lazy\" decoding=\"async\" class=\"aligncenter wp-image-2481 size-full\" src=\"https:\/\/www.fcedu.uner.edu.ar\/arc\/wp-content\/uploads\/2020\/03\/388int.png\" alt=\"\" width=\"2832\" height=\"1383\" srcset=\"https:\/\/www.fcedu.uner.edu.ar\/arc\/wp-content\/uploads\/2020\/03\/388int.png 2832w, https:\/\/www.fcedu.uner.edu.ar\/arc\/wp-content\/uploads\/2020\/03\/388int-300x147.png 300w, https:\/\/www.fcedu.uner.edu.ar\/arc\/wp-content\/uploads\/2020\/03\/388int-768x375.png 768w, https:\/\/www.fcedu.uner.edu.ar\/arc\/wp-content\/uploads\/2020\/03\/388int-1024x500.png 1024w, https:\/\/www.fcedu.uner.edu.ar\/arc\/wp-content\/uploads\/2020\/03\/388int-973x475.png 973w, https:\/\/www.fcedu.uner.edu.ar\/arc\/wp-content\/uploads\/2020\/03\/388int-508x248.png 508w\" sizes=\"(max-width: 2832px) 100vw, 2832px\" \/><\/p>\n<p><strong>Brutos y baratos<\/strong><br \/>\nEl Centro de Estudios e Investigaciones en Ciencias Sociales lanz\u00f3 \u00abBrutos y baratos\u00bb, de Romina De Luca, un libro que reflexiona sobre la \u00abdescentralizaci\u00f3n y privatizaci\u00f3n en la educaci\u00f3n argentina entre 1955 y 2001\u00bb.<\/p>\n<p><audio controls=\"controls\"><source src=\"https:\/\/www.fcedu.uner.edu.ar\/ARC\/archivo\/2009\/388\/01_brutos_y_baratos.mp3\" type=\"audio\/mp3\" \/><\/audio><\/p>\n<p><strong>Y la escuela&#8230; \u00bfPor qu\u00e9 no?\u00a0<\/strong><br \/>\nEn su libro, \u201cBrutos y baratos\u201d, la licenciada Romina De Luca intenta llamar la atenci\u00f3n sobre un determinado proceso: una sociedad que se degrada permanentemente, la Argentina, produce una educaci\u00f3n degradada.<\/p>\n<p><audio controls=\"controls\"><source src=\"https:\/\/www.fcedu.uner.edu.ar\/ARC\/archivo\/2009\/388\/02_y_la_escuela_por_que_no.mp3\" type=\"audio\/mp3\" \/><\/audio><\/p>\n<p><strong>D\u00eda a d\u00eda, cara a cara<\/strong><br \/>\nAMMAR \u2013Asociaci\u00f3n de Mujeres Meretrices de Argentina- trabaja todo el a\u00f1o en la prevenci\u00f3n de enfermedades de transmisi\u00f3n sexual. El trabajo se intensifica cerca del 1\u00ba de diciembre, fecha en que a\u00f1o a a\u00f1o se realiza la jornada de lucha contra el sida.<\/p>\n<p><audio controls=\"controls\"><source src=\"https:\/\/www.fcedu.uner.edu.ar\/ARC\/archivo\/2009\/388\/03_dia_a_dia_cara_a_cara.mp3\" type=\"audio\/mp3\" \/><\/audio><\/p>\n<p><strong>Prevenci\u00f3n: sensibilizar a la sociedad<\/strong><br \/>\nEl nivel de conciencia de las trabajadoras sexuales nucleadas en AMMAR Paran\u00e1 las llev\u00f3 a convertirse en multiplicadoras de conciencia en su ciudad.<\/p>\n<p><audio controls=\"controls\"><source src=\"https:\/\/www.fcedu.uner.edu.ar\/ARC\/archivo\/2009\/388\/04_prevencion_sensibilizar_a_la_sociedad.mp3\" type=\"audio\/mp3\" \/><\/audio><\/p>\n<p><strong>El \u201cpueblo chico\u201d y la discriminaci\u00f3n<\/strong><br \/>\nLas problem\u00e1ticas de las peque\u00f1as ciudades en relaci\u00f3n al complejo tema del sida.<\/p>\n<p><audio controls=\"controls\"><source src=\"https:\/\/www.fcedu.uner.edu.ar\/ARC\/archivo\/2009\/388\/05_el_pueblo_chico_y_la_discriminacion.mp3\" type=\"audio\/mp3\" \/><\/audio><\/p>\n","protected":false},"excerpt":{"rendered":"<p>Brutos y baratos El Centro de Estudios e Investigaciones en Ciencias Sociales lanz\u00f3 \u00abBrutos y baratos\u00bb, de Romina De Luca, un libro que reflexiona sobre la \u00abdescentralizaci\u00f3n y&#8230;<\/p>\n","protected":false},"author":1001018,"featured_media":2480,"comment_status":"closed","ping_status":"closed","sticky":false,"template":"","format":"standard","meta":{"footnotes":""},"categories":[11],"tags":[44,49,47],"_links":{"self":[{"href":"https:\/\/www.fcedu.uner.edu.ar\/arc\/wp-json\/wp\/v2\/posts\/2479"}],"collection":[{"href":"https:\/\/www.fcedu.uner.edu.ar\/arc\/wp-json\/wp\/v2\/posts"}],"about":[{"href":"https:\/\/www.fcedu.uner.edu.ar\/arc\/wp-json\/wp\/v2\/types\/post"}],"author":[{"embeddable":true,"href":"https:\/\/www.fcedu.uner.edu.ar\/arc\/wp-json\/wp\/v2\/users\/1001018"}],"replies":[{"embeddable":true,"href":"https:\/\/www.fcedu.uner.edu.ar\/arc\/wp-json\/wp\/v2\/comments?post=2479"}],"version-history":[{"count":4,"href":"https:\/\/www.fcedu.uner.edu.ar\/arc\/wp-json\/wp\/v2\/posts\/2479\/revisions"}],"predecessor-version":[{"id":2646,"href":"https:\/\/www.fcedu.uner.edu.ar\/arc\/wp-json\/wp\/v2\/posts\/2479\/revisions\/2646"}],"wp:featuredmedia":[{"embeddable":true,"href":"https:\/\/www.fcedu.uner.edu.ar\/arc\/wp-json\/wp\/v2\/media\/2480"}],"wp:attachment":[{"href":"https:\/\/www.fcedu.uner.edu.ar\/arc\/wp-json\/wp\/v2\/media?parent=2479"}],"wp:term":[{"taxonomy":"category","embeddable":true,"href":"https:\/\/www.fcedu.uner.edu.ar\/arc\/wp-json\/wp\/v2\/categories?post=2479"},{"taxonomy":"post_tag","embeddable":true,"href":"https:\/\/www.fcedu.uner.edu.ar\/arc\/wp-json\/wp\/v2\/tags?post=2479"}],"curies":[{"name":"wp","href":"https:\/\/api.w.org\/{rel}","templated":true}]}}