{"id":3302,"date":"2023-06-27T10:00:00","date_gmt":"2023-06-27T13:00:00","guid":{"rendered":"https:\/\/www.fcedu.uner.edu.ar\/arc\/?p=3302"},"modified":"2023-06-27T10:00:00","modified_gmt":"2023-06-27T13:00:00","slug":"capitulo-507-efemerides-culturales-de-julio","status":"publish","type":"post","link":"https:\/\/www.fcedu.uner.edu.ar\/arc\/capitulo-507-efemerides-culturales-de-julio\/","title":{"rendered":"Cap\u00edtulo 507: Efem\u00e9rides culturales de julio"},"content":{"rendered":"<h3>Voces, sucesos y personajes para recordar<\/h3>\n<p>En el a\u00f1o de su trig\u00e9simo aniversario, la Agencia Radiof\u00f3nica de Comunicaci\u00f3n presenta este ciclo de piezas breves que tiene un doble objetivo: poner en valor nuestro rico archivo sonoro y rescatar hechos y personalidades destacadas de nuestra cultura, en especial de la regi\u00f3n, en sinton\u00eda con uno de los lineamientos trazados en el Plan de Desarrollo Institucional y Participativo de la UNER.<\/p>\n<p>01\/4 de julio: muere el m\u00fasico y compositor \u00c1stor Piazzolla<\/p>\n<p><audio controls=\"controls\"><source src=\"https:\/\/www.fcedu.uner.edu.ar\/ARC\/archivo\/2023\/507_efemerides_julio\/01_4_de_julio_muerte_piazzolla.mp3\" type=\"audio\/mp3\" \/><\/audio><\/p>\n<p>02\/ 11 de julio: nace el bandoneonista An\u00edbal Troilo<\/p>\n<p><audio controls=\"controls\"><source src=\"https:\/\/www.fcedu.uner.edu.ar\/ARC\/archivo\/2023\/507_efemerides_julio\/02_11_de_julio_nace_anibal_troilo.mp3\" type=\"audio\/mp3\" \/><\/audio><\/p>\n<p>03\/ 15 de julio: nace el m\u00fasico entrerriano Carlos \u201cNegro\u201d Aguirre<\/p>\n<p><audio controls=\"controls\"><source src=\"https:\/\/www.fcedu.uner.edu.ar\/ARC\/archivo\/2023\/507_efemerides_julio\/03_15_de_julio_nace_carlos_negro_aguirre.mp3\" type=\"audio\/mp3\" \/><\/audio><\/p>\n<p>04\/ 16 de julio: nace el m\u00fasico uruguayo Rub\u00e9n Rada<\/p>\n<p><audio controls=\"controls\"><source src=\"https:\/\/www.fcedu.uner.edu.ar\/ARC\/archivo\/2023\/507_efemerides_julio\/04_16_de_julio_nace_ruben_rada.mp3\" type=\"audio\/mp3\" \/><\/audio><\/p>\n<p>05\/ 19 de julio: muere el humorista gr\u00e1fico y escritor Roberto Fontanarrosa<\/p>\n<p><audio controls=\"controls\"><source src=\"https:\/\/www.fcedu.uner.edu.ar\/ARC\/archivo\/2023\/507_efemerides_julio\/05_19_de_julio_muere_roberto_fontanarrosa.mp3\" type=\"audio\/mp3\" \/><\/audio><\/p>\n<p>06\/ 24 de julio: nace el m\u00fasico y trovador Daniel Viglietti<\/p>\n<p><audio controls=\"controls\"><source src=\"https:\/\/www.fcedu.uner.edu.ar\/ARC\/archivo\/2023\/507_efemerides_julio\/06_24_de_julio_nace_daniel_viglieti.mp3\" type=\"audio\/mp3\" \/><\/audio><\/p>\n<p>07\/ 25 de julio: muere el pianista y compositor Osvaldo Pugliese<\/p>\n<p><audio controls=\"controls\"><source src=\"https:\/\/www.fcedu.uner.edu.ar\/ARC\/archivo\/2023\/507_efemerides_julio\/07_25_de_julio_muere_osvaldo_pugliese.mp3\" type=\"audio\/mp3\" \/><\/audio><\/p>\n<p>08\/ 30 de julio: muere el escritor juje\u00f1o H\u00e9ctor Tiz\u00f3n<\/p>\n<p><audio controls=\"controls\"><source src=\"https:\/\/www.fcedu.uner.edu.ar\/ARC\/archivo\/2023\/507_efemerides_julio\/08_30_de_julio_muere_hector_tizon.mp3\" type=\"audio\/mp3\" \/><\/audio><\/p>\n","protected":false},"excerpt":{"rendered":"<p>Voces, sucesos y personajes para recordar En el a\u00f1o de su trig\u00e9simo aniversario, la Agencia Radiof\u00f3nica de Comunicaci\u00f3n presenta este ciclo de piezas breves que tiene un doble&#8230;<\/p>\n","protected":false},"author":1001018,"featured_media":3303,"comment_status":"closed","ping_status":"closed","sticky":false,"template":"","format":"standard","meta":{"footnotes":""},"categories":[73],"tags":[44,39,46],"_links":{"self":[{"href":"https:\/\/www.fcedu.uner.edu.ar\/arc\/wp-json\/wp\/v2\/posts\/3302"}],"collection":[{"href":"https:\/\/www.fcedu.uner.edu.ar\/arc\/wp-json\/wp\/v2\/posts"}],"about":[{"href":"https:\/\/www.fcedu.uner.edu.ar\/arc\/wp-json\/wp\/v2\/types\/post"}],"author":[{"embeddable":true,"href":"https:\/\/www.fcedu.uner.edu.ar\/arc\/wp-json\/wp\/v2\/users\/1001018"}],"replies":[{"embeddable":true,"href":"https:\/\/www.fcedu.uner.edu.ar\/arc\/wp-json\/wp\/v2\/comments?post=3302"}],"version-history":[{"count":1,"href":"https:\/\/www.fcedu.uner.edu.ar\/arc\/wp-json\/wp\/v2\/posts\/3302\/revisions"}],"predecessor-version":[{"id":3304,"href":"https:\/\/www.fcedu.uner.edu.ar\/arc\/wp-json\/wp\/v2\/posts\/3302\/revisions\/3304"}],"wp:featuredmedia":[{"embeddable":true,"href":"https:\/\/www.fcedu.uner.edu.ar\/arc\/wp-json\/wp\/v2\/media\/3303"}],"wp:attachment":[{"href":"https:\/\/www.fcedu.uner.edu.ar\/arc\/wp-json\/wp\/v2\/media?parent=3302"}],"wp:term":[{"taxonomy":"category","embeddable":true,"href":"https:\/\/www.fcedu.uner.edu.ar\/arc\/wp-json\/wp\/v2\/categories?post=3302"},{"taxonomy":"post_tag","embeddable":true,"href":"https:\/\/www.fcedu.uner.edu.ar\/arc\/wp-json\/wp\/v2\/tags?post=3302"}],"curies":[{"name":"wp","href":"https:\/\/api.w.org\/{rel}","templated":true}]}}