{"id":3306,"date":"2023-07-27T19:03:47","date_gmt":"2023-07-27T22:03:47","guid":{"rendered":"https:\/\/www.fcedu.uner.edu.ar\/arc\/?p=3306"},"modified":"2023-07-27T19:30:56","modified_gmt":"2023-07-27T22:30:56","slug":"capitulo-508-efemerides-culturales-de-agosto","status":"publish","type":"post","link":"https:\/\/www.fcedu.uner.edu.ar\/arc\/capitulo-508-efemerides-culturales-de-agosto\/","title":{"rendered":"Cap\u00edtulo 508: Efem\u00e9rides culturales de agosto"},"content":{"rendered":"<h3>Voces, sucesos y personajes para recordar<\/h3>\n<p>En el a\u00f1o de su trig\u00e9simo aniversario, la Agencia Radiof\u00f3nica de Comunicaci\u00f3n presenta este ciclo de piezas breves que tiene un doble objetivo: poner en valor nuestro rico archivo sonoro y rescatar hechos y personalidades destacadas de nuestra cultura, en especial de la regi\u00f3n, en sinton\u00eda con uno de los lineamientos trazados en el Plan de Desarrollo Institucional y Participativo de la UNER.<\/p>\n<p>01\/ 2 de agosto: nace el docente, periodista y escritor Mempo Giardinelli<\/p>\n<p><audio controls=\"controls\"><source src=\"https:\/\/www.fcedu.uner.edu.ar\/ARC\/archivo\/2023\/508_efemerides_agosto\/01_2_de_agosto_nace_mempo_giardinelli.mp3\"type=\"audio\/mp3\" \/><\/audio><\/p>\n<p>02\/ 5 de agosto: nace el escritor, periodista y guionista de historietas, Juan Sasturain<\/p>\n<p><audio controls=\"controls\"><source src=\"https:\/\/www.fcedu.uner.edu.ar\/ARC\/archivo\/2023\/508_efemerides_agosto\/02_5_de_agosto_nace_juan_sasturain.mp3\"type=\"audio\/mp3\" \/><\/audio><\/p>\n<p>03\/ 10 de agosto: aniversario de la actuaci\u00f3n de Pappo, junto a B.B. King, en el Madison Square Garden<\/p>\n<p><audio controls=\"controls\"><source src=\"https:\/\/www.fcedu.uner.edu.ar\/ARC\/archivo\/2023\/508_efemerides_agosto\/03_10_de_agosto_pappo_toca_junto_a_b_b_king.mp3\"type=\"audio\/mp3\" \/><\/audio><\/p>\n<p>04\/  11 de agosto: nace el cantante y guitarrista Gustavo Cerati<\/p>\n<p><audio controls=\"controls\"><source src=\"https:\/\/www.fcedu.uner.edu.ar\/ARC\/archivo\/2023\/508_efemerides_agosto\/04_11_de_agosto_nace_gustavo_ceratti.mp3\"type=\"audio\/mp3\" \/><\/audio><\/p>\n<p>05\/  14 de agosto: muere el poeta y periodista Ra\u00fal Gonz\u00e1lez Tu\u00f1\u00f3n <\/p>\n<p><audio controls=\"controls\"><source src=\"https:\/\/www.fcedu.uner.edu.ar\/ARC\/archivo\/2023\/508_efemerides_agosto\/05_14_de_agosto_muere_raul_gonzalez_tu\u00f1on.mp3\"type=\"audio\/mp3\" \/><\/audio><\/p>\n<p>06\/  24 de agosto: nace el pintor santafesino Juan Arancio<\/p>\n<p><audio controls=\"controls\"><source src=\"https:\/\/www.fcedu.uner.edu.ar\/ARC\/archivo\/2023\/508_efemerides_agosto\/06_24_de_agosto_nace_juan_arancio.mp3\"type=\"audio\/mp3\" \/><\/audio><\/p>\n<p>07\/ 26 de agosto: nace el escritor Julio Cort\u00e1zar<\/p>\n<p><audio controls=\"controls\"><source src=\"https:\/\/www.fcedu.uner.edu.ar\/ARC\/archivo\/2023\/508_efemerides_agosto\/07_26_de_agosto_nace_julio_cortazar.mp3\"type=\"audio\/mp3\" \/><\/audio><\/p>\n<p>08\/31 de agosto: muere la cantante y compositora Eladia Bl\u00e1zquez<\/p>\n<p><audio controls=\"controls\"><source src=\"https:\/\/www.fcedu.uner.edu.ar\/ARC\/archivo\/2023\/508_efemerides_agosto\/08_31_de_agosto_muere_eladia_blazquez.mp3\"type=\"audio\/mp3\" \/><\/audio><\/p>\n","protected":false},"excerpt":{"rendered":"<p>Voces, sucesos y personajes para recordar En el a\u00f1o de su trig\u00e9simo aniversario, la Agencia Radiof\u00f3nica de Comunicaci\u00f3n presenta este ciclo de piezas breves que tiene un doble&#8230;<\/p>\n","protected":false},"author":1001018,"featured_media":3310,"comment_status":"closed","ping_status":"closed","sticky":false,"template":"","format":"standard","meta":{"footnotes":""},"categories":[73],"tags":[39,46,59],"_links":{"self":[{"href":"https:\/\/www.fcedu.uner.edu.ar\/arc\/wp-json\/wp\/v2\/posts\/3306"}],"collection":[{"href":"https:\/\/www.fcedu.uner.edu.ar\/arc\/wp-json\/wp\/v2\/posts"}],"about":[{"href":"https:\/\/www.fcedu.uner.edu.ar\/arc\/wp-json\/wp\/v2\/types\/post"}],"author":[{"embeddable":true,"href":"https:\/\/www.fcedu.uner.edu.ar\/arc\/wp-json\/wp\/v2\/users\/1001018"}],"replies":[{"embeddable":true,"href":"https:\/\/www.fcedu.uner.edu.ar\/arc\/wp-json\/wp\/v2\/comments?post=3306"}],"version-history":[{"count":4,"href":"https:\/\/www.fcedu.uner.edu.ar\/arc\/wp-json\/wp\/v2\/posts\/3306\/revisions"}],"predecessor-version":[{"id":3311,"href":"https:\/\/www.fcedu.uner.edu.ar\/arc\/wp-json\/wp\/v2\/posts\/3306\/revisions\/3311"}],"wp:featuredmedia":[{"embeddable":true,"href":"https:\/\/www.fcedu.uner.edu.ar\/arc\/wp-json\/wp\/v2\/media\/3310"}],"wp:attachment":[{"href":"https:\/\/www.fcedu.uner.edu.ar\/arc\/wp-json\/wp\/v2\/media?parent=3306"}],"wp:term":[{"taxonomy":"category","embeddable":true,"href":"https:\/\/www.fcedu.uner.edu.ar\/arc\/wp-json\/wp\/v2\/categories?post=3306"},{"taxonomy":"post_tag","embeddable":true,"href":"https:\/\/www.fcedu.uner.edu.ar\/arc\/wp-json\/wp\/v2\/tags?post=3306"}],"curies":[{"name":"wp","href":"https:\/\/api.w.org\/{rel}","templated":true}]}}