{"id":3467,"date":"2024-10-09T05:44:20","date_gmt":"2024-10-09T08:44:20","guid":{"rendered":"https:\/\/www.fcedu.uner.edu.ar\/arc\/?p=3467"},"modified":"2024-09-25T16:49:33","modified_gmt":"2024-09-25T19:49:33","slug":"capitulo-532-gustavo-koky-satler-la-musica-siempre","status":"publish","type":"post","link":"https:\/\/www.fcedu.uner.edu.ar\/arc\/capitulo-532-gustavo-koky-satler-la-musica-siempre\/","title":{"rendered":"Cap\u00edtulo 532:  Gustavo \u201cKoky\u201d Satler. La m\u00fasica, siempre"},"content":{"rendered":"<p>El 10 de marzo de 2021 nuestra Facultad suscribi\u00f3 un Convenio Espec\u00edfico con el Consejo General de Educaci\u00f3n de Entre R\u00edos para coeditar, a trav\u00e9s del Instituto de Formaci\u00f3n Docente Escuela Municipal de M\u00fasica \u201cJusto Jos\u00e9 de Urquiza\u201d, un libro de partituras del repertorio entrerriano en sus versiones para piano denominado \u201cEntre R\u00edos, m\u00fasica de mi terru\u00f1o\u201d.<br \/>\nAquel texto colectivo fue el disparador de un universo narrativo que se expresa en diferentes lenguajes. Esta serie de podcast que aqu\u00ed presentamos tiene como protagonistas a las palabras y las obras de los artistas que integran la publicaci\u00f3n mencionada.<\/p>\n<p>1\/ Crecer<br \/>\n<audio controls=\"controls\"><source src=\"https:\/\/www.fcedu.uner.edu.ar\/ARC\/archivo\/2024\/532_koky_satler\/01_crecer.mp3\"type=\"audio\/mp3\" \/><\/audio><\/p>\n<p>2\/ Componer<br \/>\n<audio controls=\"controls\"><source src=\"https:\/\/www.fcedu.uner.edu.ar\/ARC\/archivo\/2024\/532_koky_satler\/02_componer.mp3\"type=\"audio\/mp3\" \/><\/audio><\/p>\n<p>3\/ Ense\u00f1ar<br \/>\n<audio controls=\"controls\"><source src=\"https:\/\/www.fcedu.uner.edu.ar\/ARC\/archivo\/2024\/532_koky_satler\/03_ensenar.mp3\"type=\"audio\/mp3\" \/><\/audio><\/p>\n<p>4\/ Gestar<br \/>\n<audio controls=\"controls\"><source src=\"https:\/\/www.fcedu.uner.edu.ar\/ARC\/archivo\/2024\/532_koky_satler\/04_gestar.mp3\"type=\"audio\/mp3\" \/><\/audio><\/p>\n<p>5\/ Escribir<br \/>\n<audio controls=\"controls\"><source src=\"https:\/\/www.fcedu.uner.edu.ar\/ARC\/archivo\/2024\/532_koky_satler\/05_escribir.mp3\"type=\"audio\/mp3\" \/><\/audio><\/p>\n<p>6\/ Proteger<\/p>\n<p><audio controls=\"controls\"><source src=\"https:\/\/www.fcedu.uner.edu.ar\/ARC\/archivo\/2024\/532_koky_satler\/06_preservar.mp3\"type=\"audio\/mp3\" \/><\/audio><\/p>\n","protected":false},"excerpt":{"rendered":"<p>El 10 de marzo de 2021 nuestra Facultad suscribi\u00f3 un Convenio Espec\u00edfico con el Consejo General de Educaci\u00f3n de Entre R\u00edos para coeditar, a trav\u00e9s del Instituto de&#8230;<\/p>\n","protected":false},"author":2,"featured_media":3470,"comment_status":"closed","ping_status":"closed","sticky":false,"template":"","format":"standard","meta":{"footnotes":""},"categories":[75],"tags":[44,46],"_links":{"self":[{"href":"https:\/\/www.fcedu.uner.edu.ar\/arc\/wp-json\/wp\/v2\/posts\/3467"}],"collection":[{"href":"https:\/\/www.fcedu.uner.edu.ar\/arc\/wp-json\/wp\/v2\/posts"}],"about":[{"href":"https:\/\/www.fcedu.uner.edu.ar\/arc\/wp-json\/wp\/v2\/types\/post"}],"author":[{"embeddable":true,"href":"https:\/\/www.fcedu.uner.edu.ar\/arc\/wp-json\/wp\/v2\/users\/2"}],"replies":[{"embeddable":true,"href":"https:\/\/www.fcedu.uner.edu.ar\/arc\/wp-json\/wp\/v2\/comments?post=3467"}],"version-history":[{"count":2,"href":"https:\/\/www.fcedu.uner.edu.ar\/arc\/wp-json\/wp\/v2\/posts\/3467\/revisions"}],"predecessor-version":[{"id":3469,"href":"https:\/\/www.fcedu.uner.edu.ar\/arc\/wp-json\/wp\/v2\/posts\/3467\/revisions\/3469"}],"wp:featuredmedia":[{"embeddable":true,"href":"https:\/\/www.fcedu.uner.edu.ar\/arc\/wp-json\/wp\/v2\/media\/3470"}],"wp:attachment":[{"href":"https:\/\/www.fcedu.uner.edu.ar\/arc\/wp-json\/wp\/v2\/media?parent=3467"}],"wp:term":[{"taxonomy":"category","embeddable":true,"href":"https:\/\/www.fcedu.uner.edu.ar\/arc\/wp-json\/wp\/v2\/categories?post=3467"},{"taxonomy":"post_tag","embeddable":true,"href":"https:\/\/www.fcedu.uner.edu.ar\/arc\/wp-json\/wp\/v2\/tags?post=3467"}],"curies":[{"name":"wp","href":"https:\/\/api.w.org\/{rel}","templated":true}]}}