{"id":3478,"date":"2024-10-23T06:04:50","date_gmt":"2024-10-23T09:04:50","guid":{"rendered":"https:\/\/www.fcedu.uner.edu.ar\/arc\/?p=3478"},"modified":"2024-10-14T12:08:46","modified_gmt":"2024-10-14T15:08:46","slug":"capitulo-534-vejez-y-calidad-de-vida-2o-parte","status":"publish","type":"post","link":"https:\/\/www.fcedu.uner.edu.ar\/arc\/capitulo-534-vejez-y-calidad-de-vida-2o-parte\/","title":{"rendered":"Cap\u00edtulo 534: Vejez y calidad de vida (2\u00ba parte)"},"content":{"rendered":"<h3><strong>40 a\u00f1os del Departamento de la Mediana y Tercera Edad<\/strong><\/h3>\n<p>En 1984, la decana Martha Sald\u00edas de Uranga y un destacado equipo de trabajo entre quienes estaba la profesora Yolanda Darrieux de Nux, comenzaron un trabajo de normalizaci\u00f3n y democratizaci\u00f3n de la universidad p\u00fablica tras el fin de la dictadura c\u00edvico, militar y eclesi\u00e1stica. A la actualizaci\u00f3n de los planes de estudio, de los programas, de la bibliograf\u00eda y el desarrollo de los concursos docentes en las c\u00e1tedras, se sum\u00f3 el proyecto de la creaci\u00f3n del Departamento de la Mediana y la Tercera Edad DMyTE) de nuestra Facultad. La iniciativa fue impulsada por la profesora Darrieux de Nux y se inspir\u00f3 en la Primera Universidad de la Tercera Edad creada en la d\u00e9cada de 1970 en Toulouse, Francia, por el Profesor Pierre Vellas. Desde entonces, el DMyTE se afianza como un espacio institucional que hace un aporte insoslayable al derecho a la educaci\u00f3n en todas las edades y a la calidad de vida de las personas mayores.<\/p>\n<p><strong>1\/ Envejecimiento y entornos sociales favorables<\/strong><br \/>\nEl an\u00e1lisis de Claudia Arias, Doctora en Psicolog\u00eda, Mag\u00edster en Psicolog\u00eda Social y docente en la Universidad Nacional de Mar del Plata.<\/p>\n<p><audio controls=\"controls\"><source src=\"https:\/\/www.fcedu.uner.edu.ar\/ARC\/archivo\/2024\/534\/master_40_dpto myte_micro_34.mp3\"type=\"audio\/mp3\" \/><\/audio><\/p>\n<p><strong>2\/ Envejecimiento y entornos f\u00edsicos favorables<\/strong><br \/>\nLos aportes de Eduardo Schmunis, arquitecto, especialista en accesibilidad para personas mayores y coautor del libro \u201cArquitectura y envejecimiento: hacia un h\u00e1bitat inclusivo\u201d.<\/p>\n<p><audio controls=\"controls\"><source src=\"https:\/\/www.fcedu.uner.edu.ar\/ARC\/archivo\/2024\/534\/master_40_dpto myte_micro_35.mp3\"type=\"audio\/mp3\" \/><\/audio><\/p>\n<p><strong>3\/ Expresi\u00f3n art\u00edstica y calidad de vida en la vejez<\/strong><br \/>\nLos aportes de Enrique Gaspar\u00edn, estudiante del Taller de Fotograf\u00eda del Departamento de la Mediana y Tercera Edad de la Facultad de Ciencias de la Educaci\u00f3n.<\/p>\n<p><audio controls=\"controls\"><source src=\"https:\/\/www.fcedu.uner.edu.ar\/ARC\/archivo\/2024\/534\/master_40_dpto myte_micro_36.mp3\"type=\"audio\/mp3\" \/><\/audio><\/p>\n<p><strong>4\/ Salud y bienestar en la vejez. Parte II<\/strong><br \/>\nLos testimonios de H\u00e9ctor y Sonia, participantes del Taller de Taichi que ofrece el Departamento de la Mediana y Tercera Edad y la Municipalidad de Cerrito.<\/p>\n<p><audio controls=\"controls\"><source src=\"https:\/\/www.fcedu.uner.edu.ar\/ARC\/archivo\/2024\/534\/master_40_dpto myte_micro_37.mp3\"type=\"audio\/mp3\" \/><\/audio><\/p>\n","protected":false},"excerpt":{"rendered":"<p>40 a\u00f1os del Departamento de la Mediana y Tercera Edad En 1984, la decana Martha Sald\u00edas de Uranga y un destacado equipo de trabajo entre quienes estaba la&#8230;<\/p>\n","protected":false},"author":2,"featured_media":3479,"comment_status":"closed","ping_status":"closed","sticky":false,"template":"","format":"standard","meta":{"footnotes":""},"categories":[75],"tags":[77,76],"_links":{"self":[{"href":"https:\/\/www.fcedu.uner.edu.ar\/arc\/wp-json\/wp\/v2\/posts\/3478"}],"collection":[{"href":"https:\/\/www.fcedu.uner.edu.ar\/arc\/wp-json\/wp\/v2\/posts"}],"about":[{"href":"https:\/\/www.fcedu.uner.edu.ar\/arc\/wp-json\/wp\/v2\/types\/post"}],"author":[{"embeddable":true,"href":"https:\/\/www.fcedu.uner.edu.ar\/arc\/wp-json\/wp\/v2\/users\/2"}],"replies":[{"embeddable":true,"href":"https:\/\/www.fcedu.uner.edu.ar\/arc\/wp-json\/wp\/v2\/comments?post=3478"}],"version-history":[{"count":2,"href":"https:\/\/www.fcedu.uner.edu.ar\/arc\/wp-json\/wp\/v2\/posts\/3478\/revisions"}],"predecessor-version":[{"id":3481,"href":"https:\/\/www.fcedu.uner.edu.ar\/arc\/wp-json\/wp\/v2\/posts\/3478\/revisions\/3481"}],"wp:featuredmedia":[{"embeddable":true,"href":"https:\/\/www.fcedu.uner.edu.ar\/arc\/wp-json\/wp\/v2\/media\/3479"}],"wp:attachment":[{"href":"https:\/\/www.fcedu.uner.edu.ar\/arc\/wp-json\/wp\/v2\/media?parent=3478"}],"wp:term":[{"taxonomy":"category","embeddable":true,"href":"https:\/\/www.fcedu.uner.edu.ar\/arc\/wp-json\/wp\/v2\/categories?post=3478"},{"taxonomy":"post_tag","embeddable":true,"href":"https:\/\/www.fcedu.uner.edu.ar\/arc\/wp-json\/wp\/v2\/tags?post=3478"}],"curies":[{"name":"wp","href":"https:\/\/api.w.org\/{rel}","templated":true}]}}