{"id":3658,"date":"2026-03-23T05:53:36","date_gmt":"2026-03-23T08:53:36","guid":{"rendered":"https:\/\/www.fcedu.uner.edu.ar\/arc\/?p=3658"},"modified":"2026-03-16T14:55:17","modified_gmt":"2026-03-16T17:55:17","slug":"capitulo-553-50-anos-relatos-contra-el-olvido-para-que-la-memoria-siga-ardiendo","status":"publish","type":"post","link":"https:\/\/www.fcedu.uner.edu.ar\/arc\/capitulo-553-50-anos-relatos-contra-el-olvido-para-que-la-memoria-siga-ardiendo\/","title":{"rendered":"Cap\u00edtulo 553: 50 a\u00f1os &#8211; Relatos Contra el Olvido \u201cPara que la Memoria Siga Ardiendo\u201d"},"content":{"rendered":"<p>Este a\u00f1o se cumplen cinco d\u00e9cadas del inicio de la \u00faltima dictadura c\u00edvico militar y eclesi\u00e1stica. El plan de exterminio implementado en todo el pa\u00eds dej\u00f3 30.000 personas desaparecidas. Entre ellas, hab\u00eda mujeres embarazadas y alrededor de 500 hijos e hijas que nacieron en cautiverio y fueron apropiados entre 1975 y 1980.<br \/>\nCon el fin de aportar al proceso de Memoria, Verdad y Justicia vigente, pese al negacionismo del genocidio, presentamos esta nueva Serie, que re\u00fane historias de vida de sobrevivientes del terrorismo de Estado, ex presas y presos pol\u00edticos y exiliados, nietos restituidos, familiares de las v\u00edctimas y militantes de Derechos Humanos. Resguardar sus an\u00e9cdotas, sus vivencias familiares, sus recuerdos de las persecuciones, secuestros, torturas, asesinatos y desapariciones, as\u00ed como las redes que los sostuvieron durante y despu\u00e9s del r\u00e9gimen de terror, es una apuesta a mantener viva la memoria hist\u00f3rica.<br \/>\nEn esta primera entrega compartimos la voz de la paranaense Luz Pi\u00e9rola, militante de DDHH, secuestrada el 25 de febrero de 1977, en Concordia, y liberada el 8 de octubre de ese a\u00f1o. Hija de Amanda Mayor y H\u00e9ctor Pi\u00e9rola. Hermana de \u00c1lvaro, detenido en 1976 en Paran\u00e1 y liberado 41 d\u00edas despu\u00e9s; de Fernando, asesinado en la Masacre de Margarita Bel\u00e9n el 13 de diciembre de 1976 y que a\u00fan permanece desaparecido; de Gustavo, exiliado en Brasil, y de Cristela y Emilce.<\/p>\n<p>1\/ Remembranzas previas al Golpe (05:10)<\/p>\n<p><audio controls=\"controls\"><source src=\"https:\/\/www.fcedu.uner.edu.ar\/ARC\/archivo\/2026\/553\/01_remembranzas_previas_al_golpe.mp3\" type=\"audio\/mp3\" \/><\/audio><\/p>\n<p>2\/ La Noche m\u00e1s oscura (06:26)<\/p>\n<p><audio controls=\"controls\"><source src=\"https:\/\/www.fcedu.uner.edu.ar\/ARC\/archivo\/2026\/553\/02_la_noche_mas_oscura.mp3\" type=\"audio\/mp3\" \/><\/audio><\/p>\n<p>3\/ La Democracia, la Lucha Contin\u00faa (06:06)<\/p>\n<p><audio controls=\"controls\"><source src=\"https:\/\/www.fcedu.uner.edu.ar\/ARC\/archivo\/2026\/553\/03_la_democracia_la_lucha_continua.mp3\" type=\"audio\/mp3\" \/><\/audio><\/p>\n<p>Material de difusi\u00f3n educativa.<\/p>\n<p><strong>Marzo de 2026<\/strong><\/p>\n<p><strong>Equipo de producci\u00f3n:<\/strong><br \/>\nOscar Bosetti (coordinador), Valent\u00edn Benavidez, Erika Bidal, Miguel Latuff, Lea Lvovich, C\u00e9sar Penna, Gisela Romero, Federico Vimberg.<\/p>\n<p><strong>Dise\u00f1o de portada:<\/strong><br \/>\n\u00c1rea Gr\u00e1fica (CePCE)<br \/>\nRegina Kuchen (coordinadora), Fortunato Galizzi, M. Lucrecia Grubert, Florencia Hernandez Ross.<\/p>\n","protected":false},"excerpt":{"rendered":"<p>Este a\u00f1o se cumplen cinco d\u00e9cadas del inicio de la \u00faltima dictadura c\u00edvico militar y eclesi\u00e1stica. El plan de exterminio implementado en todo el pa\u00eds dej\u00f3 30.000 personas&#8230;<\/p>\n","protected":false},"author":2,"featured_media":3660,"comment_status":"closed","ping_status":"closed","sticky":false,"template":"","format":"standard","meta":{"footnotes":""},"categories":[80],"tags":[50,37,48],"_links":{"self":[{"href":"https:\/\/www.fcedu.uner.edu.ar\/arc\/wp-json\/wp\/v2\/posts\/3658"}],"collection":[{"href":"https:\/\/www.fcedu.uner.edu.ar\/arc\/wp-json\/wp\/v2\/posts"}],"about":[{"href":"https:\/\/www.fcedu.uner.edu.ar\/arc\/wp-json\/wp\/v2\/types\/post"}],"author":[{"embeddable":true,"href":"https:\/\/www.fcedu.uner.edu.ar\/arc\/wp-json\/wp\/v2\/users\/2"}],"replies":[{"embeddable":true,"href":"https:\/\/www.fcedu.uner.edu.ar\/arc\/wp-json\/wp\/v2\/comments?post=3658"}],"version-history":[{"count":2,"href":"https:\/\/www.fcedu.uner.edu.ar\/arc\/wp-json\/wp\/v2\/posts\/3658\/revisions"}],"predecessor-version":[{"id":3661,"href":"https:\/\/www.fcedu.uner.edu.ar\/arc\/wp-json\/wp\/v2\/posts\/3658\/revisions\/3661"}],"wp:featuredmedia":[{"embeddable":true,"href":"https:\/\/www.fcedu.uner.edu.ar\/arc\/wp-json\/wp\/v2\/media\/3660"}],"wp:attachment":[{"href":"https:\/\/www.fcedu.uner.edu.ar\/arc\/wp-json\/wp\/v2\/media?parent=3658"}],"wp:term":[{"taxonomy":"category","embeddable":true,"href":"https:\/\/www.fcedu.uner.edu.ar\/arc\/wp-json\/wp\/v2\/categories?post=3658"},{"taxonomy":"post_tag","embeddable":true,"href":"https:\/\/www.fcedu.uner.edu.ar\/arc\/wp-json\/wp\/v2\/tags?post=3658"}],"curies":[{"name":"wp","href":"https:\/\/api.w.org\/{rel}","templated":true}]}}