{"id":3674,"date":"2026-04-24T05:54:20","date_gmt":"2026-04-24T08:54:20","guid":{"rendered":"https:\/\/www.fcedu.uner.edu.ar\/arc\/?p=3674"},"modified":"2026-04-13T17:55:44","modified_gmt":"2026-04-13T20:55:44","slug":"capitulo-556-50-anos-archivo-contra-el-olvido","status":"publish","type":"post","link":"https:\/\/www.fcedu.uner.edu.ar\/arc\/capitulo-556-50-anos-archivo-contra-el-olvido\/","title":{"rendered":"Cap\u00edtulo 556: 50 a\u00f1os &#8211; Archivo contra el olvido"},"content":{"rendered":"<p>La serie <em>Archivo contra el olvido<\/em> re\u00fane episodios publicados a lo largo de la historia de la Agencia Radiof\u00f3nica de Comunicaci\u00f3n, producidos bajo  un eje com\u00f9n: las secuelas del terrorismo de Estado instaurado con el \u00faltimo golpe c\u00edvico militar y eclesi\u00e1stico.<br \/>\nLo que se archiva no desaparece. Guardamos voces, testimonios e investigaciones que, en distintos momentos, volvieron sobre los mismos cr\u00edmenes, las mismas ausencias, las mismas preguntas y el mismo inquebrantable reclamo: Memoria, Verdad, Justicia. <\/p>\n<p><strong>1\/ Las formas de la ausencia<\/strong><br \/>\nDel cap\u00edtulo 419: Entre los r\u00edos de la memoria. A\u00f1o 2011<\/p>\n<p><audio controls=\"controls\"><source  \nsrc=\"https:\/\/www.fcedu.uner.edu.ar\/ARC\/archivo\/2011\/419\/03_las_formas_de_la_ausencia.mp3\"type=\"audio\/mp3\" \/><\/audio><\/p>\n<p><strong>2\/ Las formas de la represi\u00f3n<\/strong><br \/>\nDel cap\u00edtulo 423: Fusiles y rosas. A\u00f1o 2012<\/p>\n<p><audio controls=\"controls\"><source  \nsrc=\"https:\/\/www.fcedu.uner.edu.ar\/ARC\/archivo\/2011\/423\/02_las_formas_de_la_represion.mp3\"type=\"audio\/mp3\" \/><\/audio><\/p>\n<p><strong>3\/ Radiotuits<\/strong><br \/>\nDel cap\u00edtulo 462: Radiotuits. Identidad en 140 caracteres. A\u00f1o 2015<\/p>\n<p><audio controls=\"controls\"><source  \nsrc=\"https:\/\/www.fcedu.uner.edu.ar\/ARC\/archivo\/2015\/462\/01_agostina_radio_tweets.mp3\"type=\"audio\/mp3\" \/><\/audio><\/p>\n<p><audio controls=\"controls\"><source  \nsrc=\"https:\/\/www.fcedu.uner.edu.ar\/ARC\/archivo\/2015\/462\/04_franco_radio_tweets.mp3\"type=\"audio\/mp3\" \/><\/audio><\/p>\n<p><audio controls=\"controls\"><source  \nsrc=\"https:\/\/www.fcedu.uner.edu.ar\/ARC\/archivo\/2015\/462\/08_mariana_radio_tweets.mp3\"type=\"audio\/mp3\" \/><\/audio><\/p>\n<p><audio controls=\"controls\"><source  \nsrc=\"https:\/\/www.fcedu.uner.edu.ar\/ARC\/archivo\/2015\/462\/13_ana_radio_tweets.mp3\"type=\"audio\/mp3\" \/><\/audio><\/p>\n<p><strong>4\/ Carmen Aguiar <\/strong><br \/>\nDel cap\u00edtulo 468: De golpe. 40 a\u00f1os. A\u00f1o 2016 Coproducci\u00f3n con Radio UNER Paran\u00e1.<\/p>\n<p><audio controls=\"controls\"><source  \nsrc=\"https:\/\/www.fcedu.uner.edu.ar\/ARC\/archivo\/2016\/468\/02_aguiar.mp3\"type=\"audio\/mp3\" \/><\/audio><\/p>\n<p><strong>5\/ El amor y lo siniestro<\/strong><br \/>\nDel cap\u00edtulo 488: Historias desobedientes. A\u00f1o 2019<\/p>\n<p><audio controls=\"controls\"><source  \nsrc=\"https:\/\/www.fcedu.uner.edu.ar\/ARC\/archivo\/2019\/488\/03_el_amor_ y_ lo_siniestro.mp3\"type=\"audio\/mp3\" \/><\/audio><\/p>\n<p>Material de difusi\u00f3n educativa.<\/p>\n<p><strong>Abril de 2026<\/strong><\/p>\n<p><strong>Equipo de producci\u00f3n:<\/strong><br \/>\nOscar Bosetti (coordinador), Valent\u00edn Benavidez, Erika Bidal, Miguel Latuff, Lea Lvovich, C\u00e9sar Penna, Gisela Romero, Federico Vimberg.<\/p>\n<p><strong>Dise\u00f1o de portada:<\/strong><br \/>\n\u00c1rea Gr\u00e1fica (CePCE)<br \/>\nRegina Kuchen (coordinadora), Fortunato Galizzi, M. Lucrecia Grubert, Florencia Hernandez Ross.<\/p>\n","protected":false},"excerpt":{"rendered":"<p>La serie Archivo contra el olvido re\u00fane episodios publicados a lo largo de la historia de la Agencia Radiof\u00f3nica de Comunicaci\u00f3n, producidos bajo un eje com\u00f9n: las secuelas&#8230;<\/p>\n","protected":false},"author":2,"featured_media":3679,"comment_status":"closed","ping_status":"closed","sticky":false,"template":"","format":"standard","meta":{"footnotes":""},"categories":[80,13],"tags":[50,37,48],"_links":{"self":[{"href":"https:\/\/www.fcedu.uner.edu.ar\/arc\/wp-json\/wp\/v2\/posts\/3674"}],"collection":[{"href":"https:\/\/www.fcedu.uner.edu.ar\/arc\/wp-json\/wp\/v2\/posts"}],"about":[{"href":"https:\/\/www.fcedu.uner.edu.ar\/arc\/wp-json\/wp\/v2\/types\/post"}],"author":[{"embeddable":true,"href":"https:\/\/www.fcedu.uner.edu.ar\/arc\/wp-json\/wp\/v2\/users\/2"}],"replies":[{"embeddable":true,"href":"https:\/\/www.fcedu.uner.edu.ar\/arc\/wp-json\/wp\/v2\/comments?post=3674"}],"version-history":[{"count":4,"href":"https:\/\/www.fcedu.uner.edu.ar\/arc\/wp-json\/wp\/v2\/posts\/3674\/revisions"}],"predecessor-version":[{"id":3678,"href":"https:\/\/www.fcedu.uner.edu.ar\/arc\/wp-json\/wp\/v2\/posts\/3674\/revisions\/3678"}],"wp:featuredmedia":[{"embeddable":true,"href":"https:\/\/www.fcedu.uner.edu.ar\/arc\/wp-json\/wp\/v2\/media\/3679"}],"wp:attachment":[{"href":"https:\/\/www.fcedu.uner.edu.ar\/arc\/wp-json\/wp\/v2\/media?parent=3674"}],"wp:term":[{"taxonomy":"category","embeddable":true,"href":"https:\/\/www.fcedu.uner.edu.ar\/arc\/wp-json\/wp\/v2\/categories?post=3674"},{"taxonomy":"post_tag","embeddable":true,"href":"https:\/\/www.fcedu.uner.edu.ar\/arc\/wp-json\/wp\/v2\/tags?post=3674"}],"curies":[{"name":"wp","href":"https:\/\/api.w.org\/{rel}","templated":true}]}}