{"id":454,"date":"2019-08-19T21:07:38","date_gmt":"2019-08-20T00:07:38","guid":{"rendered":"https:\/\/www.fcedu.uner.edu.ar\/arc\/?p=454"},"modified":"2019-08-19T21:07:38","modified_gmt":"2019-08-20T00:07:38","slug":"capitulo-61","status":"publish","type":"post","link":"https:\/\/www.fcedu.uner.edu.ar\/arc\/capitulo-61\/","title":{"rendered":"Cap\u00edtulo 61"},"content":{"rendered":"<p>Ley de Emergencia Econ\u00f3mica I<\/p>\n<p><audio controls=\"controls\"><source src=\"https:\/\/www.fcedu.uner.edu.ar\/ARC\/archivo\/1995\/61\/01_ley_de_emergencia_economica_i.mp3\" type=\"audio\/mp3\" \/><\/audio><\/p>\n<p>Ley de Emergencia Econ\u00f3mica II<\/p>\n<p><audio controls=\"controls\"><source src=\"https:\/\/www.fcedu.uner.edu.ar\/ARC\/archivo\/1995\/61\/02_ley_de_emergencia_economica_ii.mp3\" type=\"audio\/mp3\" \/><\/audio><\/p>\n<p>Puerto de Concepci\u00f3n del Uruguay I<\/p>\n<p><audio controls=\"controls\"><source src=\"https:\/\/www.fcedu.uner.edu.ar\/ARC\/archivo\/1995\/61\/03_puerto_de_concepcion_del_uruguay.mp3\" type=\"audio\/mp3\" \/><\/audio><\/p>\n<p>Ley de Emergencia y Educaci\u00f3n <\/p>\n<p><audio controls=\"controls\"><source src=\"https:\/\/www.fcedu.uner.edu.ar\/ARC\/archivo\/1995\/61\/04_ley_de_emergencia_y_educacion.mp3\" type=\"audio\/mp3\" \/><\/audio><\/p>\n<p>Ra\u00edces del Mercosur<\/p>\n<p><audio controls=\"controls\"><source src=\"https:\/\/www.fcedu.uner.edu.ar\/ARC\/archivo\/1995\/61\/05_vision_restrospectiva.mp3\" type=\"audio\/mp3\" \/><\/audio><\/p>\n<p>La cisterna de la plaza<\/p>\n<p><audio controls=\"controls\"><source src=\"https:\/\/www.fcedu.uner.edu.ar\/ARC\/archivo\/1995\/61\/06_la_cisterna_de_la_plaza_1_de_mayo.mp3\" type=\"audio\/mp3\" \/><\/audio><\/p>\n<p>Puerto de Concepci\u00f3n de Uruguay II<\/p>\n<p><audio controls=\"controls\"><source src=\"https:\/\/www.fcedu.uner.edu.ar\/ARC\/archivo\/1995\/61\/07_puerto_de_uruguay.mp3\" type=\"audio\/mp3\" \/><\/audio><\/p>\n","protected":false},"excerpt":{"rendered":"<p>Ley de Emergencia Econ\u00f3mica I Ley de Emergencia Econ\u00f3mica II Puerto de Concepci\u00f3n del Uruguay I Ley de Emergencia y Educaci\u00f3n Ra\u00edces del Mercosur La cisterna de la&#8230;<\/p>\n","protected":false},"author":1001018,"featured_media":455,"comment_status":"closed","ping_status":"closed","sticky":false,"template":"","format":"standard","meta":{"footnotes":""},"categories":[16],"tags":[36,49,43,41],"_links":{"self":[{"href":"https:\/\/www.fcedu.uner.edu.ar\/arc\/wp-json\/wp\/v2\/posts\/454"}],"collection":[{"href":"https:\/\/www.fcedu.uner.edu.ar\/arc\/wp-json\/wp\/v2\/posts"}],"about":[{"href":"https:\/\/www.fcedu.uner.edu.ar\/arc\/wp-json\/wp\/v2\/types\/post"}],"author":[{"embeddable":true,"href":"https:\/\/www.fcedu.uner.edu.ar\/arc\/wp-json\/wp\/v2\/users\/1001018"}],"replies":[{"embeddable":true,"href":"https:\/\/www.fcedu.uner.edu.ar\/arc\/wp-json\/wp\/v2\/comments?post=454"}],"version-history":[{"count":1,"href":"https:\/\/www.fcedu.uner.edu.ar\/arc\/wp-json\/wp\/v2\/posts\/454\/revisions"}],"predecessor-version":[{"id":456,"href":"https:\/\/www.fcedu.uner.edu.ar\/arc\/wp-json\/wp\/v2\/posts\/454\/revisions\/456"}],"wp:featuredmedia":[{"embeddable":true,"href":"https:\/\/www.fcedu.uner.edu.ar\/arc\/wp-json\/wp\/v2\/media\/455"}],"wp:attachment":[{"href":"https:\/\/www.fcedu.uner.edu.ar\/arc\/wp-json\/wp\/v2\/media?parent=454"}],"wp:term":[{"taxonomy":"category","embeddable":true,"href":"https:\/\/www.fcedu.uner.edu.ar\/arc\/wp-json\/wp\/v2\/categories?post=454"},{"taxonomy":"post_tag","embeddable":true,"href":"https:\/\/www.fcedu.uner.edu.ar\/arc\/wp-json\/wp\/v2\/tags?post=454"}],"curies":[{"name":"wp","href":"https:\/\/api.w.org\/{rel}","templated":true}]}}