{"id":466,"date":"2019-08-19T21:29:18","date_gmt":"2019-08-20T00:29:18","guid":{"rendered":"https:\/\/www.fcedu.uner.edu.ar\/arc\/?p=466"},"modified":"2020-02-13T13:27:23","modified_gmt":"2020-02-13T16:27:23","slug":"capitulo-65","status":"publish","type":"post","link":"https:\/\/www.fcedu.uner.edu.ar\/arc\/capitulo-65\/","title":{"rendered":"Cap\u00edtulo 65"},"content":{"rendered":"<p>Patrimonio arquitect\u00f3nico de Paran\u00e1<\/p>\n<p><audio controls=\"controls\"><source src=\"https:\/\/www.fcedu.uner.edu.ar\/ARC\/archivo\/1995\/65\/01_conservacion_del_patrimonio_arquitectonico_de_parana.mp3\" type=\"audio\/mp3\" \/><\/audio><\/p>\n<p>Entrevista a No\u00e9 Jitrik<\/p>\n<p><audio controls=\"controls\"><source src=\"https:\/\/www.fcedu.uner.edu.ar\/ARC\/archivo\/1995\/65\/02_noe_jitrik.mp3\" type=\"audio\/mp3\" \/><\/audio><\/p>\n<p>El problema de la vivienda en Entre R\u00edos<\/p>\n<p><audio controls=\"controls\"><source src=\"https:\/\/www.fcedu.uner.edu.ar\/ARC\/archivo\/1995\/65\/03_problematica_habitacional_i.mp3\" type=\"audio\/mp3\" \/><\/audio><\/p>\n<p>Creaci\u00f3n del fondo provincial de la vivienda<\/p>\n<p><audio controls=\"controls\"><source src=\"https:\/\/www.fcedu.uner.edu.ar\/ARC\/archivo\/1995\/65\/04_problematica_habitacional_ii.mp3\" type=\"audio\/mp3\" \/><\/audio><\/p>\n<p>Violencia familiar<\/p>\n<p><audio controls=\"controls\"><source src=\"https:\/\/www.fcedu.uner.edu.ar\/ARC\/archivo\/1995\/65\/05_violencia_familiar.mp3\" type=\"audio\/mp3\" \/><\/audio><\/p>\n<p>Nacimiento y or\u00edgenes del tango I<\/p>\n<p><audio controls=\"controls\"><source src=\"https:\/\/www.fcedu.uner.edu.ar\/ARC\/archivo\/1995\/65\/06_nacimiento_y_origenes_del_tango_i.mp3\" type=\"audio\/mp3\" \/><\/audio><\/p>\n<p>Un viaje al pa\u00eds de otros ni\u00f1os. Hoy, Venezuela<\/p>\n<p><audio controls=\"controls\"><source src=\"https:\/\/www.fcedu.uner.edu.ar\/ARC\/archivo\/1995\/65\/07_un_viaje_al_pais_de_otros_ninos_venezuela.mp3\" type=\"audio\/mp3\" \/><\/audio><\/p>\n","protected":false},"excerpt":{"rendered":"<p>Patrimonio arquitect\u00f3nico de Paran\u00e1 Entrevista a No\u00e9 Jitrik El problema de la vivienda en Entre R\u00edos Creaci\u00f3n del fondo provincial de la vivienda Violencia familiar Nacimiento y or\u00edgenes&#8230;<\/p>\n","protected":false},"author":1001018,"featured_media":467,"comment_status":"closed","ping_status":"closed","sticky":false,"template":"","format":"standard","meta":{"footnotes":""},"categories":[16],"tags":[56,44,54,43,39,46],"_links":{"self":[{"href":"https:\/\/www.fcedu.uner.edu.ar\/arc\/wp-json\/wp\/v2\/posts\/466"}],"collection":[{"href":"https:\/\/www.fcedu.uner.edu.ar\/arc\/wp-json\/wp\/v2\/posts"}],"about":[{"href":"https:\/\/www.fcedu.uner.edu.ar\/arc\/wp-json\/wp\/v2\/types\/post"}],"author":[{"embeddable":true,"href":"https:\/\/www.fcedu.uner.edu.ar\/arc\/wp-json\/wp\/v2\/users\/1001018"}],"replies":[{"embeddable":true,"href":"https:\/\/www.fcedu.uner.edu.ar\/arc\/wp-json\/wp\/v2\/comments?post=466"}],"version-history":[{"count":2,"href":"https:\/\/www.fcedu.uner.edu.ar\/arc\/wp-json\/wp\/v2\/posts\/466\/revisions"}],"predecessor-version":[{"id":1538,"href":"https:\/\/www.fcedu.uner.edu.ar\/arc\/wp-json\/wp\/v2\/posts\/466\/revisions\/1538"}],"wp:featuredmedia":[{"embeddable":true,"href":"https:\/\/www.fcedu.uner.edu.ar\/arc\/wp-json\/wp\/v2\/media\/467"}],"wp:attachment":[{"href":"https:\/\/www.fcedu.uner.edu.ar\/arc\/wp-json\/wp\/v2\/media?parent=466"}],"wp:term":[{"taxonomy":"category","embeddable":true,"href":"https:\/\/www.fcedu.uner.edu.ar\/arc\/wp-json\/wp\/v2\/categories?post=466"},{"taxonomy":"post_tag","embeddable":true,"href":"https:\/\/www.fcedu.uner.edu.ar\/arc\/wp-json\/wp\/v2\/tags?post=466"}],"curies":[{"name":"wp","href":"https:\/\/api.w.org\/{rel}","templated":true}]}}