{"id":481,"date":"2019-08-23T15:19:05","date_gmt":"2019-08-23T18:19:05","guid":{"rendered":"https:\/\/www.fcedu.uner.edu.ar\/arc\/?p=481"},"modified":"2020-02-13T13:33:20","modified_gmt":"2020-02-13T16:33:20","slug":"capitulo-69","status":"publish","type":"post","link":"https:\/\/www.fcedu.uner.edu.ar\/arc\/capitulo-69\/","title":{"rendered":"Cap\u00edtulo 69"},"content":{"rendered":"<p>La m\u00fasica de bailanta I<\/p>\n<p><audio controls=\"controls\"><source src=\"https:\/\/www.fcedu.uner.edu.ar\/ARC\/archivo\/1996\/69\/01_bailantas_i.mp3\" type=\"audio\/mp3\" \/><\/audio><\/p>\n<p>La m\u00fasica de bailanta II<\/p>\n<p><audio controls=\"controls\"><source src=\"https:\/\/www.fcedu.uner.edu.ar\/ARC\/archivo\/1996\/69\/02_bailantas_ii.mp3\" type=\"audio\/mp3\" \/><\/audio><\/p>\n<p>Mercosur e innovaci\u00f3n tecnol\u00f3gica <\/p>\n<p><audio controls=\"controls\"><source src=\"https:\/\/www.fcedu.uner.edu.ar\/ARC\/archivo\/1996\/69\/03_innovacion_tecnologica.mp3\" type=\"audio\/mp3\" \/><\/audio><\/p>\n<p>SIDA: grupos de riesgo<\/p>\n<p><audio controls=\"controls\"><source src=\"https:\/\/www.fcedu.uner.edu.ar\/ARC\/archivo\/1996\/69\/04_aler_sida_grupos_de_riesgo.mp3\" type=\"audio\/mp3\" \/><\/audio><\/p>\n<p>SIDA: portadores sanos<\/p>\n<p><audio controls=\"controls\"><source src=\"https:\/\/www.fcedu.uner.edu.ar\/ARC\/archivo\/1996\/69\/05_aler_sida_portadores_sanos.mp3\" type=\"audio\/mp3\" \/><\/audio><\/p>\n<p>Entrevista a Jorge Mockert III<\/p>\n<p><audio controls=\"controls\"><source src=\"https:\/\/www.fcedu.uner.edu.ar\/ARC\/archivo\/1996\/69\/06_jorge_mocker_iii.mp3\" type=\"audio\/mp3\" \/><\/audio><\/p>\n<p>Historia de tango: \u00c1ngel Villoldo <\/p>\n<p><audio controls=\"controls\"><source src=\"https:\/\/www.fcedu.uner.edu.ar\/ARC\/archivo\/1996\/69\/07_angel_villaldo.mp3\" type=\"audio\/mp3\" \/><\/audio><\/p>\n<p>Un viaje al pa\u00eds de otros ni\u00f1os. Hoy, M\u00e9xico<\/p>\n<p><audio controls=\"controls\"><source src=\"https:\/\/www.fcedu.uner.edu.ar\/ARC\/archivo\/1996\/69\/08_un_viaje_al_pais_de_otros_ninos_mejico.mp3\" type=\"audio\/mp3\" \/><\/audio><\/p>\n<p>SIDA: gastos en salud<\/p>\n<p><audio controls=\"controls\"><source src=\"https:\/\/www.fcedu.uner.edu.ar\/ARC\/archivo\/1996\/69\/09_aler_sida_gastos_en_salud.mp3\" type=\"audio\/mp3\" \/><\/audio><\/p>\n<p>SIDA: que no se repita la ignorancia<\/p>\n<p><audio controls=\"controls\"><source src=\"https:\/\/www.fcedu.uner.edu.ar\/ARC\/archivo\/1996\/69\/10_aler_sida_que_no_se_repita_la_ignorancia.mp3\" type=\"audio\/mp3\" \/><\/audio><\/p>\n","protected":false},"excerpt":{"rendered":"<p>La m\u00fasica de bailanta I La m\u00fasica de bailanta II Mercosur e innovaci\u00f3n tecnol\u00f3gica SIDA: grupos de riesgo SIDA: portadores sanos Entrevista a Jorge Mockert III Historia de&#8230;<\/p>\n","protected":false},"author":1001018,"featured_media":482,"comment_status":"closed","ping_status":"closed","sticky":false,"template":"","format":"standard","meta":{"footnotes":""},"categories":[17],"tags":[36,47],"_links":{"self":[{"href":"https:\/\/www.fcedu.uner.edu.ar\/arc\/wp-json\/wp\/v2\/posts\/481"}],"collection":[{"href":"https:\/\/www.fcedu.uner.edu.ar\/arc\/wp-json\/wp\/v2\/posts"}],"about":[{"href":"https:\/\/www.fcedu.uner.edu.ar\/arc\/wp-json\/wp\/v2\/types\/post"}],"author":[{"embeddable":true,"href":"https:\/\/www.fcedu.uner.edu.ar\/arc\/wp-json\/wp\/v2\/users\/1001018"}],"replies":[{"embeddable":true,"href":"https:\/\/www.fcedu.uner.edu.ar\/arc\/wp-json\/wp\/v2\/comments?post=481"}],"version-history":[{"count":3,"href":"https:\/\/www.fcedu.uner.edu.ar\/arc\/wp-json\/wp\/v2\/posts\/481\/revisions"}],"predecessor-version":[{"id":1544,"href":"https:\/\/www.fcedu.uner.edu.ar\/arc\/wp-json\/wp\/v2\/posts\/481\/revisions\/1544"}],"wp:featuredmedia":[{"embeddable":true,"href":"https:\/\/www.fcedu.uner.edu.ar\/arc\/wp-json\/wp\/v2\/media\/482"}],"wp:attachment":[{"href":"https:\/\/www.fcedu.uner.edu.ar\/arc\/wp-json\/wp\/v2\/media?parent=481"}],"wp:term":[{"taxonomy":"category","embeddable":true,"href":"https:\/\/www.fcedu.uner.edu.ar\/arc\/wp-json\/wp\/v2\/categories?post=481"},{"taxonomy":"post_tag","embeddable":true,"href":"https:\/\/www.fcedu.uner.edu.ar\/arc\/wp-json\/wp\/v2\/tags?post=481"}],"curies":[{"name":"wp","href":"https:\/\/api.w.org\/{rel}","templated":true}]}}