{"id":490,"date":"2019-08-23T15:41:52","date_gmt":"2019-08-23T18:41:52","guid":{"rendered":"https:\/\/www.fcedu.uner.edu.ar\/arc\/?p=490"},"modified":"2020-02-13T14:03:23","modified_gmt":"2020-02-13T17:03:23","slug":"capitulo-72","status":"publish","type":"post","link":"https:\/\/www.fcedu.uner.edu.ar\/arc\/capitulo-72\/","title":{"rendered":"Cap\u00edtulo 72"},"content":{"rendered":"<p>Aniversario de la Revoluci\u00f3n Cubana<\/p>\n<p><audio controls=\"controls\"><source src=\"https:\/\/www.fcedu.uner.edu.ar\/ARC\/archivo\/1996\/72\/01_revolucion_cubana.mp3\" type=\"audio\/mp3\" \/><\/audio><\/p>\n<p>Le\u00f3n Gieco X Le\u00f3n Gieco III<\/p>\n<p><audio controls=\"controls\"><source src=\"https:\/\/www.fcedu.uner.edu.ar\/ARC\/archivo\/1996\/72\/02 leon_gieco_iii.mp3\" type=\"audio\/mp3\" \/><\/audio><\/p>\n<p>El tango como aglutinador de diferentes clases sociales<\/p>\n<p><audio controls=\"controls\"><source src=\"https:\/\/www.fcedu.uner.edu.ar\/ARC\/archivo\/1996\/72\/03_el_tango_agrupa_a_diferentes_clases_sociales.mp3\" type=\"audio\/mp3\" \/><\/audio><\/p>\n<p>Historias del tango<\/p>\n<p><audio controls=\"controls\"><source src=\"https:\/\/www.fcedu.uner.edu.ar\/ARC\/archivo\/1996\/72\/04_nacimiento_de_mi_noche_triste.mp3\" type=\"audio\/mp3\" \/><\/audio><\/p>\n<p>Parque Urquiza<\/p>\n<p><audio controls=\"controls\"><source src=\"https:\/\/www.fcedu.uner.edu.ar\/ARC\/archivo\/1996\/72\/05_parque_urquiza.mp3\" type=\"audio\/mp3\" \/><\/audio><\/p>\n<p>El t\u00fanel subfluvial<\/p>\n<p><audio controls=\"controls\"><source src=\"https:\/\/www.fcedu.uner.edu.ar\/ARC\/archivo\/1996\/72\/06_tunel_subfluvial.mp3\" type=\"audio\/mp3\" \/><\/audio><\/p>\n<p>Un viaje al pa\u00eds de otros ni\u00f1os. Hoy, Colombia<\/p>\n<p><audio controls=\"controls\"><source src=\"https:\/\/www.fcedu.uner.edu.ar\/ARC\/archivo\/1996\/72\/07_micro_radio_nederland_colombia.mp3\" type=\"audio\/mp3\" \/><\/audio><\/p>\n","protected":false},"excerpt":{"rendered":"<p>Aniversario de la Revoluci\u00f3n Cubana Le\u00f3n Gieco X Le\u00f3n Gieco III El tango como aglutinador de diferentes clases sociales Historias del tango Parque Urquiza El t\u00fanel subfluvial Un&#8230;<\/p>\n","protected":false},"author":1001018,"featured_media":491,"comment_status":"closed","ping_status":"closed","sticky":false,"template":"","format":"standard","meta":{"footnotes":""},"categories":[17],"tags":[54,38,46,41],"_links":{"self":[{"href":"https:\/\/www.fcedu.uner.edu.ar\/arc\/wp-json\/wp\/v2\/posts\/490"}],"collection":[{"href":"https:\/\/www.fcedu.uner.edu.ar\/arc\/wp-json\/wp\/v2\/posts"}],"about":[{"href":"https:\/\/www.fcedu.uner.edu.ar\/arc\/wp-json\/wp\/v2\/types\/post"}],"author":[{"embeddable":true,"href":"https:\/\/www.fcedu.uner.edu.ar\/arc\/wp-json\/wp\/v2\/users\/1001018"}],"replies":[{"embeddable":true,"href":"https:\/\/www.fcedu.uner.edu.ar\/arc\/wp-json\/wp\/v2\/comments?post=490"}],"version-history":[{"count":3,"href":"https:\/\/www.fcedu.uner.edu.ar\/arc\/wp-json\/wp\/v2\/posts\/490\/revisions"}],"predecessor-version":[{"id":1549,"href":"https:\/\/www.fcedu.uner.edu.ar\/arc\/wp-json\/wp\/v2\/posts\/490\/revisions\/1549"}],"wp:featuredmedia":[{"embeddable":true,"href":"https:\/\/www.fcedu.uner.edu.ar\/arc\/wp-json\/wp\/v2\/media\/491"}],"wp:attachment":[{"href":"https:\/\/www.fcedu.uner.edu.ar\/arc\/wp-json\/wp\/v2\/media?parent=490"}],"wp:term":[{"taxonomy":"category","embeddable":true,"href":"https:\/\/www.fcedu.uner.edu.ar\/arc\/wp-json\/wp\/v2\/categories?post=490"},{"taxonomy":"post_tag","embeddable":true,"href":"https:\/\/www.fcedu.uner.edu.ar\/arc\/wp-json\/wp\/v2\/tags?post=490"}],"curies":[{"name":"wp","href":"https:\/\/api.w.org\/{rel}","templated":true}]}}