{"id":493,"date":"2019-08-23T15:53:27","date_gmt":"2019-08-23T18:53:27","guid":{"rendered":"https:\/\/www.fcedu.uner.edu.ar\/arc\/?p=493"},"modified":"2020-02-13T15:05:22","modified_gmt":"2020-02-13T18:05:22","slug":"capitulo-73","status":"publish","type":"post","link":"https:\/\/www.fcedu.uner.edu.ar\/arc\/capitulo-73\/","title":{"rendered":"Cap\u00edtulo 73"},"content":{"rendered":"<p>Apuntes: la radiodifusi\u00f3n cubana<\/p>\n<p><audio controls=\"controls\"><source src=\"https:\/\/www.fcedu.uner.edu.ar\/ARC\/archivo\/1996\/73\/01_sistema_de_radiodifusion_cubano.mp3\" type=\"audio\/mp3\" \/><\/audio><\/p>\n<p>Apuntes: Argentina, el \u00abChe\u00bb y el sentimiento cubano<\/p>\n<p><audio controls=\"controls\"><source src=\"https:\/\/www.fcedu.uner.edu.ar\/ARC\/archivo\/1996\/73\/02_el_che_y_la_argentina.mp3\" type=\"audio\/mp3\" \/><\/audio><\/p>\n<p>Le\u00f3n Gieco X Le\u00f3n Gieco IV<\/p>\n<p><audio controls=\"controls\"><source src=\"https:\/\/www.fcedu.uner.edu.ar\/ARC\/archivo\/1996\/73\/03_leon_gieco_iv.mp3\" type=\"audio\/mp3\" \/><\/audio><\/p>\n<p>Le\u00f3n Gieco X Le\u00f3n Gieco V<\/p>\n<p><audio controls=\"controls\"><source src=\"https:\/\/www.fcedu.uner.edu.ar\/ARC\/archivo\/1996\/73\/04_leon_gieco_v.mp3\" type=\"audio\/mp3\" \/><\/audio><\/p>\n<p>La partida de un artista<\/p>\n<p><audio controls=\"controls\"><source src=\"https:\/\/www.fcedu.uner.edu.ar\/ARC\/archivo\/1996\/73\/05_linares_cardozo.mp3\" type=\"audio\/mp3\" \/><\/audio><\/p>\n<p>La alternativa musical argentina<\/p>\n<p><audio controls=\"controls\"><source src=\"https:\/\/www.fcedu.uner.edu.ar\/ARC\/archivo\/1996\/73\/06_altenativa_musical_argentina.mp3\" type=\"audio\/mp3\" \/><\/audio><\/p>\n<p>Un viaje al pa\u00eds de otros ni\u00f1os. Hoy, Nicaragua<\/p>\n<p><audio controls=\"controls\"><source src=\"https:\/\/www.fcedu.uner.edu.ar\/ARC\/archivo\/1996\/73\/07_un_viaje_al_pais_de_otros_ninos_nicaragua.mp3\" type=\"audio\/mp3\" \/><\/audio><\/p>\n","protected":false},"excerpt":{"rendered":"<p>Apuntes: la radiodifusi\u00f3n cubana Apuntes: Argentina, el \u00abChe\u00bb y el sentimiento cubano Le\u00f3n Gieco X Le\u00f3n Gieco IV Le\u00f3n Gieco X Le\u00f3n Gieco V La partida de un&#8230;<\/p>\n","protected":false},"author":1001018,"featured_media":494,"comment_status":"closed","ping_status":"closed","sticky":false,"template":"","format":"standard","meta":{"footnotes":""},"categories":[17],"tags":[42,54,38,46],"_links":{"self":[{"href":"https:\/\/www.fcedu.uner.edu.ar\/arc\/wp-json\/wp\/v2\/posts\/493"}],"collection":[{"href":"https:\/\/www.fcedu.uner.edu.ar\/arc\/wp-json\/wp\/v2\/posts"}],"about":[{"href":"https:\/\/www.fcedu.uner.edu.ar\/arc\/wp-json\/wp\/v2\/types\/post"}],"author":[{"embeddable":true,"href":"https:\/\/www.fcedu.uner.edu.ar\/arc\/wp-json\/wp\/v2\/users\/1001018"}],"replies":[{"embeddable":true,"href":"https:\/\/www.fcedu.uner.edu.ar\/arc\/wp-json\/wp\/v2\/comments?post=493"}],"version-history":[{"count":3,"href":"https:\/\/www.fcedu.uner.edu.ar\/arc\/wp-json\/wp\/v2\/posts\/493\/revisions"}],"predecessor-version":[{"id":1551,"href":"https:\/\/www.fcedu.uner.edu.ar\/arc\/wp-json\/wp\/v2\/posts\/493\/revisions\/1551"}],"wp:featuredmedia":[{"embeddable":true,"href":"https:\/\/www.fcedu.uner.edu.ar\/arc\/wp-json\/wp\/v2\/media\/494"}],"wp:attachment":[{"href":"https:\/\/www.fcedu.uner.edu.ar\/arc\/wp-json\/wp\/v2\/media?parent=493"}],"wp:term":[{"taxonomy":"category","embeddable":true,"href":"https:\/\/www.fcedu.uner.edu.ar\/arc\/wp-json\/wp\/v2\/categories?post=493"},{"taxonomy":"post_tag","embeddable":true,"href":"https:\/\/www.fcedu.uner.edu.ar\/arc\/wp-json\/wp\/v2\/tags?post=493"}],"curies":[{"name":"wp","href":"https:\/\/api.w.org\/{rel}","templated":true}]}}