{"id":505,"date":"2019-08-23T16:18:12","date_gmt":"2019-08-23T19:18:12","guid":{"rendered":"https:\/\/www.fcedu.uner.edu.ar\/arc\/?p=505"},"modified":"2019-08-23T16:18:12","modified_gmt":"2019-08-23T19:18:12","slug":"capitulo-77","status":"publish","type":"post","link":"https:\/\/www.fcedu.uner.edu.ar\/arc\/capitulo-77\/","title":{"rendered":"Cap\u00edtulo 77"},"content":{"rendered":"<p>Entrevista a Don Trabajo<\/p>\n<p><audio controls=\"controls\"><source src=\"https:\/\/www.fcedu.uner.edu.ar\/ARC\/archivo\/1996\/77\/01_don_trabajo.mp3\" type=\"audio\/mp3\" \/><\/audio><\/p>\n<p>Santa Elena tres a\u00f1os despu\u00e9s&#8230;<\/p>\n<p><audio controls=\"controls\"><source src=\"https:\/\/www.fcedu.uner.edu.ar\/ARC\/archivo\/1996\/77\/02_santa_elena.mp3\" type=\"audio\/mp3\" \/><\/audio><\/p>\n<p>Reflexiones acerca del d\u00eda del trabajador<\/p>\n<p><audio controls=\"controls\"><source src=\"https:\/\/www.fcedu.uner.edu.ar\/ARC\/archivo\/1996\/77\/03_reflexion_sobre_el_dia_del_trabajado.mp3\" type=\"audio\/mp3\" \/><\/audio><\/p>\n<p>Flexibilizaci\u00f3n laboral<\/p>\n<p><audio controls=\"controls\"><source src=\"https:\/\/www.fcedu.uner.edu.ar\/ARC\/archivo\/1996\/77\/04_flexibilizacion_laboral.mp3\" type=\"audio\/mp3\" \/><\/audio><\/p>\n<p>Deterioro del salario real<\/p>\n<p><audio controls=\"controls\"><source src=\"https:\/\/www.fcedu.uner.edu.ar\/ARC\/archivo\/1996\/77\/05_convertibilidad.mp3\" type=\"audio\/mp3\" \/><\/audio><\/p>\n<p>Desocupaci\u00f3n<\/p>\n<p><audio controls=\"controls\"><source src=\"https:\/\/www.fcedu.uner.edu.ar\/ARC\/archivo\/1996\/77\/06_desocupacion.mp3\" type=\"audio\/mp3\" \/><\/audio><\/p>\n","protected":false},"excerpt":{"rendered":"<p>Entrevista a Don Trabajo Santa Elena tres a\u00f1os despu\u00e9s&#8230; Reflexiones acerca del d\u00eda del trabajador Flexibilizaci\u00f3n laboral Deterioro del salario real Desocupaci\u00f3n<\/p>\n","protected":false},"author":1001018,"featured_media":506,"comment_status":"closed","ping_status":"closed","sticky":false,"template":"","format":"standard","meta":{"footnotes":""},"categories":[17],"tags":[48],"_links":{"self":[{"href":"https:\/\/www.fcedu.uner.edu.ar\/arc\/wp-json\/wp\/v2\/posts\/505"}],"collection":[{"href":"https:\/\/www.fcedu.uner.edu.ar\/arc\/wp-json\/wp\/v2\/posts"}],"about":[{"href":"https:\/\/www.fcedu.uner.edu.ar\/arc\/wp-json\/wp\/v2\/types\/post"}],"author":[{"embeddable":true,"href":"https:\/\/www.fcedu.uner.edu.ar\/arc\/wp-json\/wp\/v2\/users\/1001018"}],"replies":[{"embeddable":true,"href":"https:\/\/www.fcedu.uner.edu.ar\/arc\/wp-json\/wp\/v2\/comments?post=505"}],"version-history":[{"count":1,"href":"https:\/\/www.fcedu.uner.edu.ar\/arc\/wp-json\/wp\/v2\/posts\/505\/revisions"}],"predecessor-version":[{"id":507,"href":"https:\/\/www.fcedu.uner.edu.ar\/arc\/wp-json\/wp\/v2\/posts\/505\/revisions\/507"}],"wp:featuredmedia":[{"embeddable":true,"href":"https:\/\/www.fcedu.uner.edu.ar\/arc\/wp-json\/wp\/v2\/media\/506"}],"wp:attachment":[{"href":"https:\/\/www.fcedu.uner.edu.ar\/arc\/wp-json\/wp\/v2\/media?parent=505"}],"wp:term":[{"taxonomy":"category","embeddable":true,"href":"https:\/\/www.fcedu.uner.edu.ar\/arc\/wp-json\/wp\/v2\/categories?post=505"},{"taxonomy":"post_tag","embeddable":true,"href":"https:\/\/www.fcedu.uner.edu.ar\/arc\/wp-json\/wp\/v2\/tags?post=505"}],"curies":[{"name":"wp","href":"https:\/\/api.w.org\/{rel}","templated":true}]}}