{"id":508,"date":"2019-08-23T16:21:26","date_gmt":"2019-08-23T19:21:26","guid":{"rendered":"https:\/\/www.fcedu.uner.edu.ar\/arc\/?p=508"},"modified":"2019-08-23T16:21:26","modified_gmt":"2019-08-23T19:21:26","slug":"capitulo-78","status":"publish","type":"post","link":"https:\/\/www.fcedu.uner.edu.ar\/arc\/capitulo-78\/","title":{"rendered":"Cap\u00edtulo 78"},"content":{"rendered":"<p>Proyecto de represa del Paran\u00e1 medio. 1ra parte<\/p>\n<p><audio controls=\"controls\"><source src=\"https:\/\/www.fcedu.uner.edu.ar\/ARC\/archivo\/1996\/78\/01_parana_medio_i.mp3\" type=\"audio\/mp3\" \/><\/audio><\/p>\n<p>Proyecto de represa del Paran\u00e1 medio. 2da parte<\/p>\n<p><audio controls=\"controls\"><source src=\"https:\/\/www.fcedu.uner.edu.ar\/ARC\/archivo\/1996\/78\/02_parana_medio_ii.mp3\" type=\"audio\/mp3\" \/><\/audio><\/p>\n<p>Proyecto de represa del Paran\u00e1 medio. 3ra parte<\/p>\n<p><audio controls=\"controls\"><source src=\"https:\/\/www.fcedu.uner.edu.ar\/ARC\/archivo\/1996\/78\/03_parana_medio_iii.mp3\" type=\"audio\/mp3\" \/><\/audio><\/p>\n<p>Proyecto de represa del Paran\u00e1 medio. 4ta parte<\/p>\n<p><audio controls=\"controls\"><source src=\"https:\/\/www.fcedu.uner.edu.ar\/ARC\/archivo\/1996\/78\/04_parana_medio_iv.mp3\" type=\"audio\/mp3\" \/><\/audio><\/p>\n","protected":false},"excerpt":{"rendered":"<p>Proyecto de represa del Paran\u00e1 medio. 1ra parte Proyecto de represa del Paran\u00e1 medio. 2da parte Proyecto de represa del Paran\u00e1 medio. 3ra parte Proyecto de represa del&#8230;<\/p>\n","protected":false},"author":1001018,"featured_media":509,"comment_status":"closed","ping_status":"closed","sticky":false,"template":"","format":"standard","meta":{"footnotes":""},"categories":[17],"tags":[35],"_links":{"self":[{"href":"https:\/\/www.fcedu.uner.edu.ar\/arc\/wp-json\/wp\/v2\/posts\/508"}],"collection":[{"href":"https:\/\/www.fcedu.uner.edu.ar\/arc\/wp-json\/wp\/v2\/posts"}],"about":[{"href":"https:\/\/www.fcedu.uner.edu.ar\/arc\/wp-json\/wp\/v2\/types\/post"}],"author":[{"embeddable":true,"href":"https:\/\/www.fcedu.uner.edu.ar\/arc\/wp-json\/wp\/v2\/users\/1001018"}],"replies":[{"embeddable":true,"href":"https:\/\/www.fcedu.uner.edu.ar\/arc\/wp-json\/wp\/v2\/comments?post=508"}],"version-history":[{"count":1,"href":"https:\/\/www.fcedu.uner.edu.ar\/arc\/wp-json\/wp\/v2\/posts\/508\/revisions"}],"predecessor-version":[{"id":510,"href":"https:\/\/www.fcedu.uner.edu.ar\/arc\/wp-json\/wp\/v2\/posts\/508\/revisions\/510"}],"wp:featuredmedia":[{"embeddable":true,"href":"https:\/\/www.fcedu.uner.edu.ar\/arc\/wp-json\/wp\/v2\/media\/509"}],"wp:attachment":[{"href":"https:\/\/www.fcedu.uner.edu.ar\/arc\/wp-json\/wp\/v2\/media?parent=508"}],"wp:term":[{"taxonomy":"category","embeddable":true,"href":"https:\/\/www.fcedu.uner.edu.ar\/arc\/wp-json\/wp\/v2\/categories?post=508"},{"taxonomy":"post_tag","embeddable":true,"href":"https:\/\/www.fcedu.uner.edu.ar\/arc\/wp-json\/wp\/v2\/tags?post=508"}],"curies":[{"name":"wp","href":"https:\/\/api.w.org\/{rel}","templated":true}]}}