{"id":533,"date":"2019-08-26T15:11:05","date_gmt":"2019-08-26T18:11:05","guid":{"rendered":"https:\/\/www.fcedu.uner.edu.ar\/arc\/?p=533"},"modified":"2020-02-13T15:30:42","modified_gmt":"2020-02-13T18:30:42","slug":"capitulo-86","status":"publish","type":"post","link":"https:\/\/www.fcedu.uner.edu.ar\/arc\/capitulo-86\/","title":{"rendered":"Cap\u00edtulo 86"},"content":{"rendered":"<p>D\u00eda del estudiante<\/p>\n<p><audio controls=\"controls\"><source src=\"https:\/\/www.fcedu.uner.edu.ar\/ARC\/archivo\/1996\/86\/01_el_dia_del_estudiante.mp3\" type=\"audio\/mp3\" \/><\/audio><\/p>\n<p>Chicos abandonados<\/p>\n<p><audio controls=\"controls\"><source src=\"https:\/\/www.fcedu.uner.edu.ar\/ARC\/archivo\/1996\/86\/02_chicos_abandonados_parte_1.mp3\" type=\"audio\/mp3\" \/><\/audio><\/p>\n<p>Paran\u00e1: un r\u00edo de vida amenazado de muerte I<\/p>\n<p><audio controls=\"controls\"><source src=\"https:\/\/www.fcedu.uner.edu.ar\/ARC\/archivo\/1996\/86\/03_parana_un_rio_de_vida_amenazado_de_muerte_incupo_parte_1.mp3\" type=\"audio\/mp3\" \/><\/audio><\/p>\n<p>Situaci\u00f3n social de los trabajadores I<\/p>\n<p><audio controls=\"controls\"><source src=\"https:\/\/www.fcedu.uner.edu.ar\/ARC\/archivo\/1996\/86\/04_situacion_de_los_trabajadores_parte_2.mp3\" type=\"audio\/mp3\" \/><\/audio><\/p>\n<p>Situaci\u00f3n social de los trabajadores II<\/p>\n<p><audio controls=\"controls\"><source src=\"https:\/\/www.fcedu.uner.edu.ar\/ARC\/archivo\/1996\/86\/05_situacion_de_los_trabajadores_parte_3.mp3\" type=\"audio\/mp3\" \/><\/audio><\/p>\n<p>Paran\u00e1: un r\u00edo de vida amenazado de muerte II<\/p>\n<p><audio controls=\"controls\"><source src=\"https:\/\/www.fcedu.uner.edu.ar\/ARC\/archivo\/1996\/86\/06_parana_un_rio_de_vida_amenazado_de_muerte_incupo_parte_2.mp3\" type=\"audio\/mp3\" \/><\/audio><\/p>\n","protected":false},"excerpt":{"rendered":"<p>D\u00eda del estudiante Chicos abandonados Paran\u00e1: un r\u00edo de vida amenazado de muerte I Situaci\u00f3n social de los trabajadores I Situaci\u00f3n social de los trabajadores II Paran\u00e1: un&#8230;<\/p>\n","protected":false},"author":1001018,"featured_media":534,"comment_status":"closed","ping_status":"closed","sticky":false,"template":"","format":"standard","meta":{"footnotes":""},"categories":[17],"tags":[44,35,40,48],"_links":{"self":[{"href":"https:\/\/www.fcedu.uner.edu.ar\/arc\/wp-json\/wp\/v2\/posts\/533"}],"collection":[{"href":"https:\/\/www.fcedu.uner.edu.ar\/arc\/wp-json\/wp\/v2\/posts"}],"about":[{"href":"https:\/\/www.fcedu.uner.edu.ar\/arc\/wp-json\/wp\/v2\/types\/post"}],"author":[{"embeddable":true,"href":"https:\/\/www.fcedu.uner.edu.ar\/arc\/wp-json\/wp\/v2\/users\/1001018"}],"replies":[{"embeddable":true,"href":"https:\/\/www.fcedu.uner.edu.ar\/arc\/wp-json\/wp\/v2\/comments?post=533"}],"version-history":[{"count":3,"href":"https:\/\/www.fcedu.uner.edu.ar\/arc\/wp-json\/wp\/v2\/posts\/533\/revisions"}],"predecessor-version":[{"id":1558,"href":"https:\/\/www.fcedu.uner.edu.ar\/arc\/wp-json\/wp\/v2\/posts\/533\/revisions\/1558"}],"wp:featuredmedia":[{"embeddable":true,"href":"https:\/\/www.fcedu.uner.edu.ar\/arc\/wp-json\/wp\/v2\/media\/534"}],"wp:attachment":[{"href":"https:\/\/www.fcedu.uner.edu.ar\/arc\/wp-json\/wp\/v2\/media?parent=533"}],"wp:term":[{"taxonomy":"category","embeddable":true,"href":"https:\/\/www.fcedu.uner.edu.ar\/arc\/wp-json\/wp\/v2\/categories?post=533"},{"taxonomy":"post_tag","embeddable":true,"href":"https:\/\/www.fcedu.uner.edu.ar\/arc\/wp-json\/wp\/v2\/tags?post=533"}],"curies":[{"name":"wp","href":"https:\/\/api.w.org\/{rel}","templated":true}]}}