{"id":539,"date":"2019-08-26T15:30:19","date_gmt":"2019-08-26T18:30:19","guid":{"rendered":"https:\/\/www.fcedu.uner.edu.ar\/arc\/?p=539"},"modified":"2020-02-13T15:58:29","modified_gmt":"2020-02-13T18:58:29","slug":"capitulo-88","status":"publish","type":"post","link":"https:\/\/www.fcedu.uner.edu.ar\/arc\/capitulo-88\/","title":{"rendered":"Cap\u00edtulo 88"},"content":{"rendered":"<p>Feria artesanal del mundo y de las comunidades ind\u00edgenas<\/p>\n<p><audio controls=\"controls\"><source src=\"https:\/\/www.fcedu.uner.edu.ar\/ARC\/archivo\/1996\/88\/01_feria_artesanal_del_mundo_y_de_comunidades_indigenas.mp3\" type=\"audio\/mp3\" \/><\/audio><\/p>\n<p>Situaci\u00f3n social de los trabajadores<\/p>\n<p><audio controls=\"controls\"><source src=\"https:\/\/www.fcedu.uner.edu.ar\/ARC\/archivo\/1996\/88\/02_situacion_de_los_trabajadores_parte_5.mp3\" type=\"audio\/mp3\" \/><\/audio><\/p>\n<p>Paran\u00e1: un r\u00edo de vida amenazado de muerte. Parte V<\/p>\n<p><audio controls=\"controls\"><source src=\"https:\/\/www.fcedu.uner.edu.ar\/ARC\/archivo\/1996\/88\/03_parana_medio_incupo_parte_3.mp3\" type=\"audio\/mp3\" \/><\/audio><\/p>\n<p>Crisis laboral: despidos masivos<\/p>\n<p><audio controls=\"controls\"><source src=\"https:\/\/www.fcedu.uner.edu.ar\/ARC\/archivo\/1996\/88\/04_crisis_laboral_despidos_masivos.mp3\" type=\"audio\/mp3\" \/><\/audio><\/p>\n<p>Contaminaci\u00f3n sonora: causa de nuevas enfermedades en las grandes urbes<\/p>\n<p><audio controls=\"controls\"><source src=\"https:\/\/www.fcedu.uner.edu.ar\/ARC\/archivo\/1996\/88\/05_contaminacion_sonora.mp3\" type=\"audio\/mp3\" \/><\/audio><\/p>\n<p>Tel\u00e9fono del ni\u00f1o: una iniciativa en defensa de los derechos de los menores<\/p>\n<p><audio controls=\"controls\"><source src=\"https:\/\/www.fcedu.uner.edu.ar\/ARC\/archivo\/1996\/88\/06_telefono_del_nino_parte_1.mp3\" type=\"audio\/mp3\" \/><\/audio><\/p>\n<p>Paran\u00e1, un r\u00edo de vida amenazado de muerte<\/p>\n<p><audio controls=\"controls\"><source src=\"https:\/\/www.fcedu.uner.edu.ar\/ARC\/archivo\/1996\/88\/07_parana_medio_incupo_parte_4.mp3\" type=\"audio\/mp3\" \/><\/audio><\/p>\n","protected":false},"excerpt":{"rendered":"<p>Feria artesanal del mundo y de las comunidades ind\u00edgenas Situaci\u00f3n social de los trabajadores Paran\u00e1: un r\u00edo de vida amenazado de muerte. Parte V Crisis laboral: despidos masivos&#8230;<\/p>\n","protected":false},"author":1001018,"featured_media":540,"comment_status":"closed","ping_status":"closed","sticky":false,"template":"","format":"standard","meta":{"footnotes":""},"categories":[17],"tags":[44,35,40,48,47],"_links":{"self":[{"href":"https:\/\/www.fcedu.uner.edu.ar\/arc\/wp-json\/wp\/v2\/posts\/539"}],"collection":[{"href":"https:\/\/www.fcedu.uner.edu.ar\/arc\/wp-json\/wp\/v2\/posts"}],"about":[{"href":"https:\/\/www.fcedu.uner.edu.ar\/arc\/wp-json\/wp\/v2\/types\/post"}],"author":[{"embeddable":true,"href":"https:\/\/www.fcedu.uner.edu.ar\/arc\/wp-json\/wp\/v2\/users\/1001018"}],"replies":[{"embeddable":true,"href":"https:\/\/www.fcedu.uner.edu.ar\/arc\/wp-json\/wp\/v2\/comments?post=539"}],"version-history":[{"count":2,"href":"https:\/\/www.fcedu.uner.edu.ar\/arc\/wp-json\/wp\/v2\/posts\/539\/revisions"}],"predecessor-version":[{"id":1559,"href":"https:\/\/www.fcedu.uner.edu.ar\/arc\/wp-json\/wp\/v2\/posts\/539\/revisions\/1559"}],"wp:featuredmedia":[{"embeddable":true,"href":"https:\/\/www.fcedu.uner.edu.ar\/arc\/wp-json\/wp\/v2\/media\/540"}],"wp:attachment":[{"href":"https:\/\/www.fcedu.uner.edu.ar\/arc\/wp-json\/wp\/v2\/media?parent=539"}],"wp:term":[{"taxonomy":"category","embeddable":true,"href":"https:\/\/www.fcedu.uner.edu.ar\/arc\/wp-json\/wp\/v2\/categories?post=539"},{"taxonomy":"post_tag","embeddable":true,"href":"https:\/\/www.fcedu.uner.edu.ar\/arc\/wp-json\/wp\/v2\/tags?post=539"}],"curies":[{"name":"wp","href":"https:\/\/api.w.org\/{rel}","templated":true}]}}