{"id":545,"date":"2019-08-26T15:40:59","date_gmt":"2019-08-26T18:40:59","guid":{"rendered":"https:\/\/www.fcedu.uner.edu.ar\/arc\/?p=545"},"modified":"2019-08-26T15:41:00","modified_gmt":"2019-08-26T18:41:00","slug":"capitulo-90","status":"publish","type":"post","link":"https:\/\/www.fcedu.uner.edu.ar\/arc\/capitulo-90\/","title":{"rendered":"Cap\u00edtulo 90"},"content":{"rendered":"<p>Jos\u00e9 Hern\u00e1ndez y El Mart\u00edn Fierro<\/p>\n<p><audio controls=\"controls\"><source src=\"https:\/\/www.fcedu.uner.edu.ar\/ARC\/archivo\/1996\/90\/01_jose_hernandez_martin_fierro.mp3\" type=\"audio\/mp3\" \/><\/audio><\/p>\n<p>Paran\u00e1: un r\u00edo de vida amenazado de muerte<\/p>\n<p><audio controls=\"controls\"><source src=\"https:\/\/www.fcedu.uner.edu.ar\/ARC\/archivo\/1996\/90\/02_parana_un_rio_de_vida_amenazado_de_muerte_incupo_parte_4.mp3\" type=\"audio\/mp3\" \/><\/audio><\/p>\n<p>Crisis laboral: efectos sobre la persona I <\/p>\n<p><audio controls=\"controls\"><source src=\"https:\/\/www.fcedu.uner.edu.ar\/ARC\/archivo\/1996\/90\/03_crisis_laboral_efectos_sobre_la_persona_parte_1.mp3\" type=\"audio\/mp3\" \/><\/audio><\/p>\n<p>Paran\u00e1: un r\u00edo de vida amenazado de muerte<\/p>\n<p><audio controls=\"controls\"><source src=\"https:\/\/www.fcedu.uner.edu.ar\/ARC\/archivo\/1996\/90\/04_parana_un_rio_de_vida_amenazado_de_muerte_incupo_parte_5.mp3\" type=\"audio\/mp3\" \/><\/audio><\/p>\n","protected":false},"excerpt":{"rendered":"<p>Jos\u00e9 Hern\u00e1ndez y El Mart\u00edn Fierro Paran\u00e1: un r\u00edo de vida amenazado de muerte Crisis laboral: efectos sobre la persona I Paran\u00e1: un r\u00edo de vida amenazado de&#8230;<\/p>\n","protected":false},"author":1001018,"featured_media":546,"comment_status":"closed","ping_status":"closed","sticky":false,"template":"","format":"standard","meta":{"footnotes":""},"categories":[17],"tags":[35,39,48],"_links":{"self":[{"href":"https:\/\/www.fcedu.uner.edu.ar\/arc\/wp-json\/wp\/v2\/posts\/545"}],"collection":[{"href":"https:\/\/www.fcedu.uner.edu.ar\/arc\/wp-json\/wp\/v2\/posts"}],"about":[{"href":"https:\/\/www.fcedu.uner.edu.ar\/arc\/wp-json\/wp\/v2\/types\/post"}],"author":[{"embeddable":true,"href":"https:\/\/www.fcedu.uner.edu.ar\/arc\/wp-json\/wp\/v2\/users\/1001018"}],"replies":[{"embeddable":true,"href":"https:\/\/www.fcedu.uner.edu.ar\/arc\/wp-json\/wp\/v2\/comments?post=545"}],"version-history":[{"count":1,"href":"https:\/\/www.fcedu.uner.edu.ar\/arc\/wp-json\/wp\/v2\/posts\/545\/revisions"}],"predecessor-version":[{"id":547,"href":"https:\/\/www.fcedu.uner.edu.ar\/arc\/wp-json\/wp\/v2\/posts\/545\/revisions\/547"}],"wp:featuredmedia":[{"embeddable":true,"href":"https:\/\/www.fcedu.uner.edu.ar\/arc\/wp-json\/wp\/v2\/media\/546"}],"wp:attachment":[{"href":"https:\/\/www.fcedu.uner.edu.ar\/arc\/wp-json\/wp\/v2\/media?parent=545"}],"wp:term":[{"taxonomy":"category","embeddable":true,"href":"https:\/\/www.fcedu.uner.edu.ar\/arc\/wp-json\/wp\/v2\/categories?post=545"},{"taxonomy":"post_tag","embeddable":true,"href":"https:\/\/www.fcedu.uner.edu.ar\/arc\/wp-json\/wp\/v2\/tags?post=545"}],"curies":[{"name":"wp","href":"https:\/\/api.w.org\/{rel}","templated":true}]}}