{"id":565,"date":"2019-08-30T14:45:48","date_gmt":"2019-08-30T17:45:48","guid":{"rendered":"https:\/\/www.fcedu.uner.edu.ar\/arc\/?p=565"},"modified":"2019-08-30T14:45:48","modified_gmt":"2019-08-30T17:45:48","slug":"capitulo-96","status":"publish","type":"post","link":"https:\/\/www.fcedu.uner.edu.ar\/arc\/capitulo-96\/","title":{"rendered":"Cap\u00edtulo 96"},"content":{"rendered":"<p>Minoridad y volencia familiar<\/p>\n<p><audio controls=\"controls\"><source src=\"https:\/\/www.fcedu.uner.edu.ar\/ARC\/archivo\/1997\/96\/01_informe_sobre_minoridad.mp3\" type=\"audio\/mp3\" \/><\/audio><\/p>\n<p>Segmento econ\u00f3mico<\/p>\n<p><audio controls=\"controls\"><source src=\"https:\/\/www.fcedu.uner.edu.ar\/ARC\/archivo\/1997\/96\/02_canasta_familiar.mp3\" type=\"audio\/mp3\" \/><\/audio><\/p>\n<p>Capacitaci\u00f3n laboral I<\/p>\n<p><audio controls=\"controls\"><source src=\"https:\/\/www.fcedu.uner.edu.ar\/ARC\/archivo\/1997\/96\/03_crisis_laboral_capacitacion_parte_1.mp3\" type=\"audio\/mp3\" \/><\/audio><\/p>\n<p>Capacitaci\u00f3n laboral II<\/p>\n<p><audio controls=\"controls\"><source src=\"https:\/\/www.fcedu.uner.edu.ar\/ARC\/archivo\/1997\/96\/04_crisis_laboral_capacitacion_parte_2.mp3\" type=\"audio\/mp3\" \/><\/audio><\/p>\n<p>Ajuste del Estado<\/p>\n<p><audio controls=\"controls\"><source src=\"https:\/\/www.fcedu.uner.edu.ar\/ARC\/archivo\/1997\/96\/05_ajuste_del_estado.mp3\" type=\"audio\/mp3\" \/><\/audio><\/p>\n<p>Mercosur<\/p>\n<p><audio controls=\"controls\"><source src=\"https:\/\/www.fcedu.uner.edu.ar\/ARC\/archivo\/1997\/96\/06_mercosur_tareas_por_realizar.mp3\" type=\"audio\/mp3\" \/><\/audio><\/p>\n","protected":false},"excerpt":{"rendered":"<p>Minoridad y volencia familiar Segmento econ\u00f3mico Capacitaci\u00f3n laboral I Capacitaci\u00f3n laboral II Ajuste del Estado Mercosur<\/p>\n","protected":false},"author":1001018,"featured_media":567,"comment_status":"closed","ping_status":"closed","sticky":false,"template":"","format":"standard","meta":{"footnotes":""},"categories":[18],"tags":[36,40,48],"_links":{"self":[{"href":"https:\/\/www.fcedu.uner.edu.ar\/arc\/wp-json\/wp\/v2\/posts\/565"}],"collection":[{"href":"https:\/\/www.fcedu.uner.edu.ar\/arc\/wp-json\/wp\/v2\/posts"}],"about":[{"href":"https:\/\/www.fcedu.uner.edu.ar\/arc\/wp-json\/wp\/v2\/types\/post"}],"author":[{"embeddable":true,"href":"https:\/\/www.fcedu.uner.edu.ar\/arc\/wp-json\/wp\/v2\/users\/1001018"}],"replies":[{"embeddable":true,"href":"https:\/\/www.fcedu.uner.edu.ar\/arc\/wp-json\/wp\/v2\/comments?post=565"}],"version-history":[{"count":1,"href":"https:\/\/www.fcedu.uner.edu.ar\/arc\/wp-json\/wp\/v2\/posts\/565\/revisions"}],"predecessor-version":[{"id":566,"href":"https:\/\/www.fcedu.uner.edu.ar\/arc\/wp-json\/wp\/v2\/posts\/565\/revisions\/566"}],"wp:featuredmedia":[{"embeddable":true,"href":"https:\/\/www.fcedu.uner.edu.ar\/arc\/wp-json\/wp\/v2\/media\/567"}],"wp:attachment":[{"href":"https:\/\/www.fcedu.uner.edu.ar\/arc\/wp-json\/wp\/v2\/media?parent=565"}],"wp:term":[{"taxonomy":"category","embeddable":true,"href":"https:\/\/www.fcedu.uner.edu.ar\/arc\/wp-json\/wp\/v2\/categories?post=565"},{"taxonomy":"post_tag","embeddable":true,"href":"https:\/\/www.fcedu.uner.edu.ar\/arc\/wp-json\/wp\/v2\/tags?post=565"}],"curies":[{"name":"wp","href":"https:\/\/api.w.org\/{rel}","templated":true}]}}