{"id":1414,"date":"2022-09-09T14:07:13","date_gmt":"2022-09-09T14:07:13","guid":{"rendered":"https:\/\/www.fcedu.uner.edu.ar\/graficacepce\/?p=1414"},"modified":"2024-07-25T10:33:09","modified_gmt":"2024-07-25T13:33:09","slug":"identidad","status":"publish","type":"post","link":"https:\/\/www.fcedu.uner.edu.ar\/graficacepce\/2022\/09\/09\/identidad\/","title":{"rendered":"Identidad"},"content":{"rendered":"<p>Redcom2021<img fetchpriority=\"high\" decoding=\"async\" class=\"alignnone wp-image-1415 size-medium\" src=\"https:\/\/www.fcedu.uner.edu.ar\/graficacepce\/wp-content\/uploads\/2022\/09\/REDCOM-2021-300x215.jpg\" alt=\"\" width=\"300\" height=\"215\" srcset=\"https:\/\/www.fcedu.uner.edu.ar\/graficacepce\/wp-content\/uploads\/2022\/09\/REDCOM-2021-300x215.jpg 300w, https:\/\/www.fcedu.uner.edu.ar\/graficacepce\/wp-content\/uploads\/2022\/09\/REDCOM-2021-1024x732.jpg 1024w, https:\/\/www.fcedu.uner.edu.ar\/graficacepce\/wp-content\/uploads\/2022\/09\/REDCOM-2021-768x549.jpg 768w, https:\/\/www.fcedu.uner.edu.ar\/graficacepce\/wp-content\/uploads\/2022\/09\/REDCOM-2021-973x696.jpg 973w, https:\/\/www.fcedu.uner.edu.ar\/graficacepce\/wp-content\/uploads\/2022\/09\/REDCOM-2021-508x363.jpg 508w, https:\/\/www.fcedu.uner.edu.ar\/graficacepce\/wp-content\/uploads\/2022\/09\/REDCOM-2021.jpg 1081w\" sizes=\"(max-width: 300px) 100vw, 300px\" \/><\/p>\n<p>Feria de Mar\u00eda Grande: Identidad y se\u00f1ales<\/p>\n<div id=\"envira-gallery-wrap-2192\" class=\"envira-gallery-wrap envira-gallery-theme-base envira-lightbox-theme-base\" itemscope itemtype=\"https:\/\/schema.org\/ImageGallery\"><div data-row-height=\"\" data-gallery-theme=\"\" id=\"envira-gallery-2192\" class=\"envira-gallery-public  envira-gallery-1-columns envira-clear enviratope envira-gallery-css-animations\" data-envira-columns=\"1\"><div id=\"envira-gallery-item-1423\" class=\"envira-gallery-item enviratope-item envira-gallery-item-1\" style=\"padding-left: 5px; padding-bottom: 10px; padding-right: 5px;\"  itemscope itemtype=\"https:\/\/schema.org\/ImageObject\"><div class=\"envira-gallery-item-inner\"><div class=\"envira-gallery-position-overlay  envira-gallery-top-left\"><\/div><div class=\"envira-gallery-position-overlay  envira-gallery-top-right\"><\/div><div class=\"envira-gallery-position-overlay  envira-gallery-bottom-left\"><\/div><div class=\"envira-gallery-position-overlay  envira-gallery-bottom-right\"><\/div><a href=\"https:\/\/www.fcedu.uner.edu.ar\/graficacepce\/wp-content\/uploads\/2022\/09\/prueba-gif-Feria-Maria-Grande.gif\" class=\"envira-gallery-2192 envira-gallery-link\" rel=\"enviragallery2192\" title=\"prueba gif Feria Maria Grande\" data-envira-caption=\"prueba gif Feria Maria Grande\" data-envira-retina=\"\" data-thumbnail=\"\"  itemprop=\"contentUrl\"><img decoding=\"async\" id=\"envira-gallery-image-1423\" class=\"envira-gallery-image envira-gallery-image-1\" data-envira-index=\"1\" src=\"https:\/\/www.fcedu.uner.edu.ar\/graficacepce\/wp-content\/uploads\/2022\/09\/prueba-gif-Feria-Maria-Grande.gif\" data-envira-src=\"https:\/\/www.fcedu.uner.edu.ar\/graficacepce\/wp-content\/uploads\/2022\/09\/prueba-gif-Feria-Maria-Grande.gif\" data-envira-gallery-id=\"2192\" data-envira-item-id=\"1423\" data-envira-caption=\"prueba gif Feria Maria Grande\" alt=\"\" title=\"prueba gif Feria Maria Grande\"  itemprop=\"thumbnailUrl\" data-envira-srcset=\"https:\/\/www.fcedu.uner.edu.ar\/graficacepce\/wp-content\/uploads\/2022\/09\/prueba-gif-Feria-Maria-Grande.gif 400w,https:\/\/www.fcedu.uner.edu.ar\/graficacepce\/wp-content\/uploads\/2022\/09\/prueba-gif-Feria-Maria-Grande.gif 2x\" srcset=\"https:\/\/www.fcedu.uner.edu.ar\/graficacepce\/wp-content\/uploads\/2022\/09\/prueba-gif-Feria-Maria-Grande.gif 2x\" \/><\/a><\/div><\/div><\/div><\/div><noscript><img decoding=\"async\" src=\"https:\/\/www.fcedu.uner.edu.ar\/graficacepce\/wp-content\/uploads\/2022\/09\/prueba-gif-Feria-Maria-Grande.gif\" alt=\"\" \/><\/noscript>\n<p>OPE 2021:<\/p>\n<p><img decoding=\"async\" class=\"alignnone wp-image-1443 size-medium\" src=\"https:\/\/www.fcedu.uner.edu.ar\/graficacepce\/wp-content\/uploads\/2022\/09\/01-Portadilla-OPE-2021-213x300.jpg\" alt=\"\" width=\"213\" height=\"300\" srcset=\"https:\/\/www.fcedu.uner.edu.ar\/graficacepce\/wp-content\/uploads\/2022\/09\/01-Portadilla-OPE-2021-213x300.jpg 213w, https:\/\/www.fcedu.uner.edu.ar\/graficacepce\/wp-content\/uploads\/2022\/09\/01-Portadilla-OPE-2021-726x1024.jpg 726w, https:\/\/www.fcedu.uner.edu.ar\/graficacepce\/wp-content\/uploads\/2022\/09\/01-Portadilla-OPE-2021-768x1084.jpg 768w, https:\/\/www.fcedu.uner.edu.ar\/graficacepce\/wp-content\/uploads\/2022\/09\/01-Portadilla-OPE-2021-1089x1536.jpg 1089w, https:\/\/www.fcedu.uner.edu.ar\/graficacepce\/wp-content\/uploads\/2022\/09\/01-Portadilla-OPE-2021-1451x2048.jpg 1451w, https:\/\/www.fcedu.uner.edu.ar\/graficacepce\/wp-content\/uploads\/2022\/09\/01-Portadilla-OPE-2021-973x1373.jpg 973w, https:\/\/www.fcedu.uner.edu.ar\/graficacepce\/wp-content\/uploads\/2022\/09\/01-Portadilla-OPE-2021-508x717.jpg 508w, https:\/\/www.fcedu.uner.edu.ar\/graficacepce\/wp-content\/uploads\/2022\/09\/01-Portadilla-OPE-2021-scaled.jpg 1814w\" sizes=\"(max-width: 213px) 100vw, 213px\" \/> <img decoding=\"async\" class=\"alignnone wp-image-1444 size-medium\" src=\"https:\/\/www.fcedu.uner.edu.ar\/graficacepce\/wp-content\/uploads\/2022\/09\/02-Portadilla-OPE-2021-213x300.jpg\" alt=\"\" width=\"213\" height=\"300\" srcset=\"https:\/\/www.fcedu.uner.edu.ar\/graficacepce\/wp-content\/uploads\/2022\/09\/02-Portadilla-OPE-2021-213x300.jpg 213w, https:\/\/www.fcedu.uner.edu.ar\/graficacepce\/wp-content\/uploads\/2022\/09\/02-Portadilla-OPE-2021-726x1024.jpg 726w, https:\/\/www.fcedu.uner.edu.ar\/graficacepce\/wp-content\/uploads\/2022\/09\/02-Portadilla-OPE-2021-768x1084.jpg 768w, https:\/\/www.fcedu.uner.edu.ar\/graficacepce\/wp-content\/uploads\/2022\/09\/02-Portadilla-OPE-2021-1089x1536.jpg 1089w, https:\/\/www.fcedu.uner.edu.ar\/graficacepce\/wp-content\/uploads\/2022\/09\/02-Portadilla-OPE-2021-1451x2048.jpg 1451w, https:\/\/www.fcedu.uner.edu.ar\/graficacepce\/wp-content\/uploads\/2022\/09\/02-Portadilla-OPE-2021-973x1373.jpg 973w, https:\/\/www.fcedu.uner.edu.ar\/graficacepce\/wp-content\/uploads\/2022\/09\/02-Portadilla-OPE-2021-508x717.jpg 508w, https:\/\/www.fcedu.uner.edu.ar\/graficacepce\/wp-content\/uploads\/2022\/09\/02-Portadilla-OPE-2021-scaled.jpg 1814w\" sizes=\"(max-width: 213px) 100vw, 213px\" \/><\/p>\n<p>Bolet\u00edn Institucional MyTE:<\/p>\n<p><img loading=\"lazy\" decoding=\"async\" class=\"alignnone wp-image-1446 size-medium\" src=\"https:\/\/www.fcedu.uner.edu.ar\/graficacepce\/wp-content\/uploads\/2022\/09\/tapa-212x300.jpg\" alt=\"\" width=\"212\" height=\"300\" srcset=\"https:\/\/www.fcedu.uner.edu.ar\/graficacepce\/wp-content\/uploads\/2022\/09\/tapa-212x300.jpg 212w, https:\/\/www.fcedu.uner.edu.ar\/graficacepce\/wp-content\/uploads\/2022\/09\/tapa-722x1024.jpg 722w, https:\/\/www.fcedu.uner.edu.ar\/graficacepce\/wp-content\/uploads\/2022\/09\/tapa-768x1089.jpg 768w, https:\/\/www.fcedu.uner.edu.ar\/graficacepce\/wp-content\/uploads\/2022\/09\/tapa-508x720.jpg 508w, https:\/\/www.fcedu.uner.edu.ar\/graficacepce\/wp-content\/uploads\/2022\/09\/tapa.jpg 875w\" sizes=\"(max-width: 212px) 100vw, 212px\" \/><\/p>\n<p>30a\u00f1os Orientaci\u00f3n Vocacional:<\/p>\n<p><img loading=\"lazy\" decoding=\"async\" class=\"alignnone wp-image-1449 size-medium\" src=\"https:\/\/www.fcedu.uner.edu.ar\/graficacepce\/wp-content\/uploads\/2022\/09\/AFICHE-30-ANOS-AREA-DE-ORIENTACION-EDUCACIONAL-Y-VOCACIONAL-212x300.jpg\" alt=\"\" width=\"212\" height=\"300\" srcset=\"https:\/\/www.fcedu.uner.edu.ar\/graficacepce\/wp-content\/uploads\/2022\/09\/AFICHE-30-ANOS-AREA-DE-ORIENTACION-EDUCACIONAL-Y-VOCACIONAL-212x300.jpg 212w, https:\/\/www.fcedu.uner.edu.ar\/graficacepce\/wp-content\/uploads\/2022\/09\/AFICHE-30-ANOS-AREA-DE-ORIENTACION-EDUCACIONAL-Y-VOCACIONAL-722x1024.jpg 722w, https:\/\/www.fcedu.uner.edu.ar\/graficacepce\/wp-content\/uploads\/2022\/09\/AFICHE-30-ANOS-AREA-DE-ORIENTACION-EDUCACIONAL-Y-VOCACIONAL-768x1089.jpg 768w, https:\/\/www.fcedu.uner.edu.ar\/graficacepce\/wp-content\/uploads\/2022\/09\/AFICHE-30-ANOS-AREA-DE-ORIENTACION-EDUCACIONAL-Y-VOCACIONAL-1083x1536.jpg 1083w, https:\/\/www.fcedu.uner.edu.ar\/graficacepce\/wp-content\/uploads\/2022\/09\/AFICHE-30-ANOS-AREA-DE-ORIENTACION-EDUCACIONAL-Y-VOCACIONAL-1445x2048.jpg 1445w, https:\/\/www.fcedu.uner.edu.ar\/graficacepce\/wp-content\/uploads\/2022\/09\/AFICHE-30-ANOS-AREA-DE-ORIENTACION-EDUCACIONAL-Y-VOCACIONAL-973x1379.jpg 973w, https:\/\/www.fcedu.uner.edu.ar\/graficacepce\/wp-content\/uploads\/2022\/09\/AFICHE-30-ANOS-AREA-DE-ORIENTACION-EDUCACIONAL-Y-VOCACIONAL-508x720.jpg 508w, https:\/\/www.fcedu.uner.edu.ar\/graficacepce\/wp-content\/uploads\/2022\/09\/AFICHE-30-ANOS-AREA-DE-ORIENTACION-EDUCACIONAL-Y-VOCACIONAL.jpg 1757w\" sizes=\"(max-width: 212px) 100vw, 212px\" \/><\/p>\n<p>Jard\u00edn de Gente:<\/p>\n<p><img loading=\"lazy\" decoding=\"async\" class=\"alignnone wp-image-1448 size-medium\" src=\"https:\/\/www.fcedu.uner.edu.ar\/graficacepce\/wp-content\/uploads\/2022\/09\/02-JARDIN-DE-GENTE-BOCETOS-300x90.jpg\" alt=\"\" width=\"300\" height=\"90\" srcset=\"https:\/\/www.fcedu.uner.edu.ar\/graficacepce\/wp-content\/uploads\/2022\/09\/02-JARDIN-DE-GENTE-BOCETOS-300x90.jpg 300w, https:\/\/www.fcedu.uner.edu.ar\/graficacepce\/wp-content\/uploads\/2022\/09\/02-JARDIN-DE-GENTE-BOCETOS-1024x308.jpg 1024w, https:\/\/www.fcedu.uner.edu.ar\/graficacepce\/wp-content\/uploads\/2022\/09\/02-JARDIN-DE-GENTE-BOCETOS-768x231.jpg 768w, https:\/\/www.fcedu.uner.edu.ar\/graficacepce\/wp-content\/uploads\/2022\/09\/02-JARDIN-DE-GENTE-BOCETOS-1536x461.jpg 1536w, https:\/\/www.fcedu.uner.edu.ar\/graficacepce\/wp-content\/uploads\/2022\/09\/02-JARDIN-DE-GENTE-BOCETOS-2048x615.jpg 2048w, https:\/\/www.fcedu.uner.edu.ar\/graficacepce\/wp-content\/uploads\/2022\/09\/02-JARDIN-DE-GENTE-BOCETOS-973x292.jpg 973w, https:\/\/www.fcedu.uner.edu.ar\/graficacepce\/wp-content\/uploads\/2022\/09\/02-JARDIN-DE-GENTE-BOCETOS-508x153.jpg 508w\" sizes=\"(max-width: 300px) 100vw, 300px\" \/><\/p>\n<p>Encuentro latinoamericano de Radios y Salud:<\/p>\n<p><img loading=\"lazy\" decoding=\"async\" class=\"alignnone wp-image-1451 size-medium\" src=\"https:\/\/www.fcedu.uner.edu.ar\/graficacepce\/wp-content\/uploads\/2022\/09\/RADIO-Y-SALUD-face-02-300x300.jpg\" alt=\"\" width=\"300\" height=\"300\" srcset=\"https:\/\/www.fcedu.uner.edu.ar\/graficacepce\/wp-content\/uploads\/2022\/09\/RADIO-Y-SALUD-face-02-300x300.jpg 300w, https:\/\/www.fcedu.uner.edu.ar\/graficacepce\/wp-content\/uploads\/2022\/09\/RADIO-Y-SALUD-face-02-150x150.jpg 150w, https:\/\/www.fcedu.uner.edu.ar\/graficacepce\/wp-content\/uploads\/2022\/09\/RADIO-Y-SALUD-face-02-500x500.jpg 500w, https:\/\/www.fcedu.uner.edu.ar\/graficacepce\/wp-content\/uploads\/2022\/09\/RADIO-Y-SALUD-face-02-88x88.jpg 88w, https:\/\/www.fcedu.uner.edu.ar\/graficacepce\/wp-content\/uploads\/2022\/09\/RADIO-Y-SALUD-face-02-508x509.jpg 508w, https:\/\/www.fcedu.uner.edu.ar\/graficacepce\/wp-content\/uploads\/2022\/09\/RADIO-Y-SALUD-face-02-45x45.jpg 45w, https:\/\/www.fcedu.uner.edu.ar\/graficacepce\/wp-content\/uploads\/2022\/09\/RADIO-Y-SALUD-face-02.jpg 709w\" sizes=\"(max-width: 300px) 100vw, 300px\" \/><\/p>\n<p>Jornadas Internacionales: Las agendas curriculares en Latinoam\u00e9rica. Tensiones entre lo local, nacional y la globalizaci\u00f3n educativa. 2024:<\/p>\n<div id=\"envira-gallery-wrap-2564\" class=\"envira-gallery-wrap envira-gallery-theme-base envira-lightbox-theme-base\" itemscope itemtype=\"https:\/\/schema.org\/ImageGallery\"><div data-row-height=\"150\" data-gallery-theme=\"normal\" id=\"envira-gallery-2564\" class=\"envira-gallery-public envira-gallery-justified-public envira-gallery-0-columns envira-clear enviratope envira-gallery-css-animations\" data-envira-columns=\"0\"><div id=\"envira-gallery-item-2565\" class=\"envira-gallery-item enviratope-item envira-gallery-item-1 envira-lazy-load\" style=\"padding-left: 5px; padding-bottom: 10px; padding-right: 5px;\"  itemscope itemtype=\"https:\/\/schema.org\/ImageObject\"><div class=\"envira-gallery-item-inner\"><div class=\"envira-gallery-position-overlay  envira-gallery-top-left\"><\/div><div class=\"envira-gallery-position-overlay  envira-gallery-top-right\"><\/div><div class=\"envira-gallery-position-overlay  envira-gallery-bottom-left\"><\/div><div class=\"envira-gallery-position-overlay  envira-gallery-bottom-right\"><\/div><a href=\"https:\/\/www.fcedu.uner.edu.ar\/graficacepce\/wp-content\/uploads\/2024\/07\/logotipo-acal.jpg\" class=\"envira-gallery-2564 envira-gallery-link\" rel=\"enviragallery2564\" title=\"logotipo acal\" data-envira-caption=\"logotipo acal\" data-envira-retina=\"\" data-thumbnail=\"\"  itemprop=\"contentUrl\"><img decoding=\"async\" id=\"envira-gallery-image-2565\" class=\"envira-gallery-image envira-gallery-image-1 envira-normal envira-lazy\" data-envira-index=\"1\" src=\"https:\/\/www.fcedu.uner.edu.ar\/graficacepce\/wp-content\/uploads\/2024\/07\/logotipo-acal-973x626-640x480.jpg\" data-envira-src=\"https:\/\/www.fcedu.uner.edu.ar\/graficacepce\/wp-content\/uploads\/2024\/07\/logotipo-acal-973x626-640x480.jpg\" data-envira-gallery-id=\"2564\" data-envira-item-id=\"2565\" data-envira-caption=\"logotipo acal\" alt=\"\" title=\"logotipo acal\"  itemprop=\"thumbnailUrl\" data-envira-srcset=\"https:\/\/www.fcedu.uner.edu.ar\/graficacepce\/wp-content\/uploads\/2024\/07\/logotipo-acal-973x626-640x480.jpg 400w,https:\/\/www.fcedu.uner.edu.ar\/graficacepce\/wp-content\/uploads\/2024\/07\/logotipo-acal-973x626-640x480.jpg 2x\" data-envira-width=\"300\" data-envira-height=\"193\" srcset=\"data:image\/gif;base64,R0lGODlhAQABAIAAAP\/\/\/\/\/\/\/yH5BAEKAAEALAAAAAABAAEAAAICTAEAOw==\" data-safe-src=\"data:image\/gif;base64,R0lGODlhAQABAIAAAP\/\/\/\/\/\/\/yH5BAEKAAEALAAAAAABAAEAAAICTAEAOw==\" \/><\/a><\/div><\/div><\/div><\/div><noscript><img decoding=\"async\" src=\"https:\/\/www.fcedu.uner.edu.ar\/graficacepce\/wp-content\/uploads\/2024\/07\/logotipo-acal.jpg\" alt=\"\" \/><\/noscript>\n","protected":false},"excerpt":{"rendered":"<p>Redcom2021 Feria de Mar\u00eda Grande: Identidad y se\u00f1ales OPE 2021: Bolet\u00edn Institucional MyTE: 30a\u00f1os Orientaci\u00f3n Vocacional: Jard\u00edn de Gente: Encuentro latinoamericano de Radios y Salud: Jornadas Internacionales: Las&#8230;<\/p>\n","protected":false},"author":2,"featured_media":2427,"comment_status":"closed","ping_status":"open","sticky":false,"template":"","format":"standard","meta":{"footnotes":""},"categories":[54],"tags":[],"class_list":["post-1414","post","type-post","status-publish","format-standard","has-post-thumbnail","hentry","category-otras-producciones"],"_links":{"self":[{"href":"https:\/\/www.fcedu.uner.edu.ar\/graficacepce\/wp-json\/wp\/v2\/posts\/1414","targetHints":{"allow":["GET"]}}],"collection":[{"href":"https:\/\/www.fcedu.uner.edu.ar\/graficacepce\/wp-json\/wp\/v2\/posts"}],"about":[{"href":"https:\/\/www.fcedu.uner.edu.ar\/graficacepce\/wp-json\/wp\/v2\/types\/post"}],"author":[{"embeddable":true,"href":"https:\/\/www.fcedu.uner.edu.ar\/graficacepce\/wp-json\/wp\/v2\/users\/2"}],"replies":[{"embeddable":true,"href":"https:\/\/www.fcedu.uner.edu.ar\/graficacepce\/wp-json\/wp\/v2\/comments?post=1414"}],"version-history":[{"count":23,"href":"https:\/\/www.fcedu.uner.edu.ar\/graficacepce\/wp-json\/wp\/v2\/posts\/1414\/revisions"}],"predecessor-version":[{"id":2566,"href":"https:\/\/www.fcedu.uner.edu.ar\/graficacepce\/wp-json\/wp\/v2\/posts\/1414\/revisions\/2566"}],"wp:featuredmedia":[{"embeddable":true,"href":"https:\/\/www.fcedu.uner.edu.ar\/graficacepce\/wp-json\/wp\/v2\/media\/2427"}],"wp:attachment":[{"href":"https:\/\/www.fcedu.uner.edu.ar\/graficacepce\/wp-json\/wp\/v2\/media?parent=1414"}],"wp:term":[{"taxonomy":"category","embeddable":true,"href":"https:\/\/www.fcedu.uner.edu.ar\/graficacepce\/wp-json\/wp\/v2\/categories?post=1414"},{"taxonomy":"post_tag","embeddable":true,"href":"https:\/\/www.fcedu.uner.edu.ar\/graficacepce\/wp-json\/wp\/v2\/tags?post=1414"}],"curies":[{"name":"wp","href":"https:\/\/api.w.org\/{rel}","templated":true}]}}