{"id":1503,"date":"2022-09-12T16:41:17","date_gmt":"2022-09-12T16:41:17","guid":{"rendered":"https:\/\/www.fcedu.uner.edu.ar\/graficacepce\/?p=1503"},"modified":"2024-03-01T09:57:01","modified_gmt":"2024-03-01T12:57:01","slug":"muestra-didactica-libro-objeto-recuperar-el-cuerpo-espacio-de-experimentacion","status":"publish","type":"post","link":"https:\/\/www.fcedu.uner.edu.ar\/graficacepce\/2022\/09\/12\/muestra-didactica-libro-objeto-recuperar-el-cuerpo-espacio-de-experimentacion\/","title":{"rendered":"Recuperar el cuerpo"},"content":{"rendered":"<p><strong>Muestra did\u00e1ctica y espacio de experimentaci\u00f3n<\/strong><\/p>\n<p>En el marco de un Proyecto de Innovaci\u00f3n Pedag\u00f3gica, gestionamos una muestra interactiva del proceso de producci\u00f3n del libro en la que adem\u00e1s, se pudiera habitar el libro-objeto por un rato. En esta muestra, adem\u00e1s de los estudios de personajes, de movimiento, de encastre, etc., reprodujimos a escala humana la versi\u00f3n acabada de los distintos dispositivos que aparecen en el libro.<\/p>\n<p>Visitaron la muestra ni\u00f1as y ni\u00f1os de escuelas primarias de Paran\u00e1 y Crespo, estudiantes de Artes Visuales, Profesorados y de las carreras de la FCEdu. Adem\u00e1s, a la par se realizaron dos talleres de <em>Pop-up<\/em> coordinados por Gito Petersen.<\/p>\n<p><iframe title=\"Video de invitaci\u00f3n a la muestra \u00abLibro objeto, recuperar el cuerpo. Muestra did\u00e1ctica\u00bb\" width=\"620\" height=\"349\" src=\"https:\/\/www.youtube.com\/embed\/fbXkUAeEn74?feature=oembed\" frameborder=\"0\" allow=\"accelerometer; autoplay; clipboard-write; encrypted-media; gyroscope; picture-in-picture; web-share\" referrerpolicy=\"strict-origin-when-cross-origin\" allowfullscreen><\/iframe><\/p>\n<p><iframe title=\"Video de la muestra.  \u00abLibro objeto, recuperar el cuerpo\u00bb.\" width=\"620\" height=\"349\" src=\"https:\/\/www.youtube.com\/embed\/y4QOTjju08E?feature=oembed\" frameborder=\"0\" allow=\"accelerometer; autoplay; clipboard-write; encrypted-media; gyroscope; picture-in-picture; web-share\" referrerpolicy=\"strict-origin-when-cross-origin\" allowfullscreen><\/iframe><\/p>\n<p>&nbsp;<\/p>\n<p><strong>Con el libro en las escuelas<\/strong><\/p>\n<p>Mediante el Proyecto de Extensi\u00f3n Universitaria: \u00abPoniendo el cuerpo: otros modos de aprender, leer y construir conocimiento\u00bb llevamos el libro-objeto a las escuelas N\u00ba40 <em>Mart\u00edn Miguel de G\u00fcemes<\/em> de Colonia Nueva, N\u00ba19 <em>Mar\u00eda Rosa Balbarrey,<\/em> N\u00ba3 <em>Bernardino Rivadavia,<\/em> N\u00ba96 <em>Jos\u00e9 Manuel Estrada<\/em>\u00a0y Escuela NINA N\u00ba7 <em>Mariano Moreno,<\/em> de Paran\u00e1.<\/p>\n<p>&nbsp;<\/p>\n<p><iframe title=\"Libro Objeto  Recuperar el cuerpo\" width=\"620\" height=\"349\" src=\"https:\/\/www.youtube.com\/embed\/atx3g0lTRUY?feature=oembed\" frameborder=\"0\" allow=\"accelerometer; autoplay; clipboard-write; encrypted-media; gyroscope; picture-in-picture; web-share\" referrerpolicy=\"strict-origin-when-cross-origin\" allowfullscreen><\/iframe><\/p>\n<p>Se sumaron en esta convocatoria los estudiantes Joaqu\u00edn Esquivel, Charo Montiel y Melisa Godoy; la Bibliotecaria Roxana Schaller, Lucrecia P\u00e9rez Campos (Taller de Registro Etnogr\u00e1fico) y Mar\u00eda In\u00e9s Monz\u00f3n y\u00a0 Fabiana Vi\u00f1as como tutoras disciplinares.<\/p>\n<p>&nbsp;<\/p>\n\n<p>&nbsp;<\/p>\n<p>&nbsp;<\/p>\n<p>https:\/\/www.fcedu.uner.edu.ar\/?p=37824<\/p>\n<p>https:\/\/www.fcedu.uner.edu.ar\/?p=36727<\/p>\n","protected":false},"excerpt":{"rendered":"<p>Muestra did\u00e1ctica y espacio de experimentaci\u00f3n En el marco de un Proyecto de Innovaci\u00f3n Pedag\u00f3gica, gestionamos una muestra interactiva del proceso de producci\u00f3n del libro en la que&#8230;<\/p>\n","protected":false},"author":2,"featured_media":10,"comment_status":"closed","ping_status":"open","sticky":false,"template":"","format":"standard","meta":{"footnotes":""},"categories":[5],"tags":[],"class_list":["post-1503","post","type-post","status-publish","format-standard","has-post-thumbnail","hentry","category-linea-de-trabajo-d"],"_links":{"self":[{"href":"https:\/\/www.fcedu.uner.edu.ar\/graficacepce\/wp-json\/wp\/v2\/posts\/1503","targetHints":{"allow":["GET"]}}],"collection":[{"href":"https:\/\/www.fcedu.uner.edu.ar\/graficacepce\/wp-json\/wp\/v2\/posts"}],"about":[{"href":"https:\/\/www.fcedu.uner.edu.ar\/graficacepce\/wp-json\/wp\/v2\/types\/post"}],"author":[{"embeddable":true,"href":"https:\/\/www.fcedu.uner.edu.ar\/graficacepce\/wp-json\/wp\/v2\/users\/2"}],"replies":[{"embeddable":true,"href":"https:\/\/www.fcedu.uner.edu.ar\/graficacepce\/wp-json\/wp\/v2\/comments?post=1503"}],"version-history":[{"count":8,"href":"https:\/\/www.fcedu.uner.edu.ar\/graficacepce\/wp-json\/wp\/v2\/posts\/1503\/revisions"}],"predecessor-version":[{"id":1899,"href":"https:\/\/www.fcedu.uner.edu.ar\/graficacepce\/wp-json\/wp\/v2\/posts\/1503\/revisions\/1899"}],"wp:featuredmedia":[{"embeddable":true,"href":"https:\/\/www.fcedu.uner.edu.ar\/graficacepce\/wp-json\/wp\/v2\/media\/10"}],"wp:attachment":[{"href":"https:\/\/www.fcedu.uner.edu.ar\/graficacepce\/wp-json\/wp\/v2\/media?parent=1503"}],"wp:term":[{"taxonomy":"category","embeddable":true,"href":"https:\/\/www.fcedu.uner.edu.ar\/graficacepce\/wp-json\/wp\/v2\/categories?post=1503"},{"taxonomy":"post_tag","embeddable":true,"href":"https:\/\/www.fcedu.uner.edu.ar\/graficacepce\/wp-json\/wp\/v2\/tags?post=1503"}],"curies":[{"name":"wp","href":"https:\/\/api.w.org\/{rel}","templated":true}]}}