{"id":1968,"date":"2023-05-09T13:05:26","date_gmt":"2023-05-09T13:05:26","guid":{"rendered":"https:\/\/www.fcedu.uner.edu.ar\/graficacepce\/?p=1968"},"modified":"2024-02-29T09:24:33","modified_gmt":"2024-02-29T12:24:33","slug":"los-objetos-y-las-palabras-jornada-experiencial-de-sensibilizacion-hacia-el-hacer-artesanal-recorrido-interactivo-intervencion-manos-que-dicen-manos-que-sanan-en-la-noche-de-los-museos-c","status":"publish","type":"post","link":"https:\/\/www.fcedu.uner.edu.ar\/graficacepce\/2023\/05\/09\/los-objetos-y-las-palabras-jornada-experiencial-de-sensibilizacion-hacia-el-hacer-artesanal-recorrido-interactivo-intervencion-manos-que-dicen-manos-que-sanan-en-la-noche-de-los-museos-c\/","title":{"rendered":"\u00abManos que dicen, manos que sanan\u00bb Noche de los Museos 2022"},"content":{"rendered":"<p><strong>\u00abLos objetos y las palabras. Jornada experiencial de sensibilizaci\u00f3n hacia el hacer artesanal\u00bb Recorrido interactivo\/ Intervenci\u00f3n: \u00abManos que dicen, manos que sanan\u00bb en La Noche de los Museos con el Museo y Mercado Provincial de Artesan\u00eda \u201cCarlos Asiain\u201d<\/strong><\/p>\n<p>Con esta acci\u00f3n de extensi\u00f3n nos propusimos trabajar lo vincular, lo identitario del sector artesanal provincial y el sentido de pertenencia de artesanos y visitantes en torno al \u201cMuseo y Mercado de artesan\u00edas Carlos Asia\u00edn\u201d.<br \/>\nNuestra propuesta parti\u00f3 de lo ya trabajado en la Acci\u00f3n de Extensi\u00f3n en Emergencia 2021 \u201cEntre lo digital y lo artesanal. Un cat\u00e1logo de objetos deseables\u201d, que articulaba la producci\u00f3n de dos piezas comunicacionales para el Museo y Mercado Provincial de Artesan\u00edas Carlos Asiain: un cat\u00e1logo digital y un sistema de postales impresas que direcciona hacia, y refuerza la funci\u00f3n del primero. Entendemos a ambas producciones como soportes de mediaci\u00f3n entre los artesanos locales, el Museo y la comunidad para colaborar en la comercializaci\u00f3n de sus producciones y, a la vez, exponer el quehacer artesanal provincial invitando a apropiarse del acervo cultural de la regi\u00f3n y a reconocer su valor genuino.<\/p>\n<p>Superado el tiempo de emergencia y aislamiento, volvemos a habitar los espacios y nos propusimos una actividad presencial entendiendo al museo como un espacio de comunicaci\u00f3n. Pensamos entonces en una alternativa que traspase el formato meramente expositivo y que quienes participen puedan \u201capropiarse del espacio\u201d desde los sentidos.<br \/>\nSi bien esta acci\u00f3n relacionaba la percepci\u00f3n t\u00e1ctil de esos objetos con el cat\u00e1logo, y avanzaba en la producci\u00f3n de nuevas secciones del mismo (hasta ahora ten\u00edamos cuero, cer\u00e1mica y textil), debi\u00f3 reformularse en funci\u00f3n de una demanda del Museo: la participaci\u00f3n en la Noche de los Museos entrerrianos.<\/p>\n<p>Nuestro objetivo principal, fue generar un v\u00ednculo entre los artesanos y los visitantes del museo a partir de la materialidad de los objetos artesanales y de la palabra, que generosamente desnude los procesos implicados y habilite otro entendimiento. El plus de este di\u00e1logo est\u00e1 en que, a partir de los saberes de los artesanos y de la posibilidad de compartir una experiencia de producci\u00f3n conjunta, se termine generando una obra colectiva que a su vez pas\u00f3 a formar parte del acervo del Museo y Mercado.<\/p>\n<div id=\"envira-gallery-wrap-2135\" class=\"envira-gallery-wrap envira-gallery-theme-base envira-lightbox-theme-base\" itemscope itemtype=\"https:\/\/schema.org\/ImageGallery\"><div data-row-height=\"\" data-gallery-theme=\"\" id=\"envira-gallery-2135\" class=\"envira-gallery-public  envira-gallery-3-columns envira-clear enviratope envira-gallery-css-animations\" data-envira-columns=\"3\"><div id=\"envira-gallery-item-2136\" class=\"envira-gallery-item enviratope-item envira-gallery-item-1 envira-lazy-load\" style=\"padding-left: 10px; padding-bottom: 20px; padding-right: 10px;\"  itemscope itemtype=\"https:\/\/schema.org\/ImageObject\"><div class=\"envira-gallery-item-inner\"><div class=\"envira-gallery-position-overlay  envira-gallery-top-left\"><\/div><div class=\"envira-gallery-position-overlay  envira-gallery-top-right\"><\/div><div class=\"envira-gallery-position-overlay  envira-gallery-bottom-left\"><\/div><div class=\"envira-gallery-position-overlay  envira-gallery-bottom-right\"><\/div><a href=\"https:\/\/www.fcedu.uner.edu.ar\/graficacepce\/wp-content\/uploads\/2024\/02\/01-noche-de-los-museos.jpg\" class=\"envira-gallery-2135 envira-gallery-link\" rel=\"enviragallery2135\" title=\"01 noche de los museos\" data-envira-caption=\"01 noche de los museos\" data-envira-retina=\"\" data-thumbnail=\"\"  itemprop=\"contentUrl\"><div class=\"envira-lazy\" data-test-width=\"640\" data-test-height=\"480\" style=\"padding-bottom:75%;\"><img decoding=\"async\" id=\"envira-gallery-image-2136\" class=\"envira-gallery-image envira-gallery-image-1\" data-envira-index=\"1\" src=\"https:\/\/www.fcedu.uner.edu.ar\/graficacepce\/wp-content\/uploads\/2024\/02\/01-noche-de-los-museos-973x478-640x480.jpg\" data-envira-src=\"https:\/\/www.fcedu.uner.edu.ar\/graficacepce\/wp-content\/uploads\/2024\/02\/01-noche-de-los-museos-973x478-640x480.jpg\" data-envira-gallery-id=\"2135\" data-envira-item-id=\"2136\" data-envira-caption=\"01 noche de los museos\" alt=\"\" title=\"01 noche de los museos\"  itemprop=\"thumbnailUrl\" data-envira-srcset=\"https:\/\/www.fcedu.uner.edu.ar\/graficacepce\/wp-content\/uploads\/2024\/02\/01-noche-de-los-museos-973x478-640x480.jpg 400w,https:\/\/www.fcedu.uner.edu.ar\/graficacepce\/wp-content\/uploads\/2024\/02\/01-noche-de-los-museos-973x478-640x480.jpg 2x\" srcset=\"data:image\/gif;base64,R0lGODlhAQABAIAAAP\/\/\/\/\/\/\/yH5BAEKAAEALAAAAAABAAEAAAICTAEAOw==\" \/><\/div><\/a><\/div><\/div><div id=\"envira-gallery-item-2137\" class=\"envira-gallery-item enviratope-item envira-gallery-item-2 envira-lazy-load\" style=\"padding-left: 10px; padding-bottom: 20px; padding-right: 10px;\"  itemscope itemtype=\"https:\/\/schema.org\/ImageObject\"><div class=\"envira-gallery-item-inner\"><div class=\"envira-gallery-position-overlay  envira-gallery-top-left\"><\/div><div class=\"envira-gallery-position-overlay  envira-gallery-top-right\"><\/div><div class=\"envira-gallery-position-overlay  envira-gallery-bottom-left\"><\/div><div class=\"envira-gallery-position-overlay  envira-gallery-bottom-right\"><\/div><a href=\"https:\/\/www.fcedu.uner.edu.ar\/graficacepce\/wp-content\/uploads\/2024\/02\/02-noche-de-los-museos.jpg\" class=\"envira-gallery-2135 envira-gallery-link\" rel=\"enviragallery2135\" title=\"02 noche de los museos\" data-envira-caption=\"02 noche de los museos\" data-envira-retina=\"\" data-thumbnail=\"\"  itemprop=\"contentUrl\"><div class=\"envira-lazy\" data-test-width=\"640\" data-test-height=\"480\" style=\"padding-bottom:75%;\"><img decoding=\"async\" id=\"envira-gallery-image-2137\" class=\"envira-gallery-image envira-gallery-image-2\" data-envira-index=\"2\" src=\"https:\/\/www.fcedu.uner.edu.ar\/graficacepce\/wp-content\/uploads\/2024\/02\/02-noche-de-los-museos-973x474-640x480.jpg\" data-envira-src=\"https:\/\/www.fcedu.uner.edu.ar\/graficacepce\/wp-content\/uploads\/2024\/02\/02-noche-de-los-museos-973x474-640x480.jpg\" data-envira-gallery-id=\"2135\" data-envira-item-id=\"2137\" data-envira-caption=\"02 noche de los museos\" alt=\"\" title=\"02 noche de los museos\"  itemprop=\"thumbnailUrl\" data-envira-srcset=\"https:\/\/www.fcedu.uner.edu.ar\/graficacepce\/wp-content\/uploads\/2024\/02\/02-noche-de-los-museos-973x474-640x480.jpg 400w,https:\/\/www.fcedu.uner.edu.ar\/graficacepce\/wp-content\/uploads\/2024\/02\/02-noche-de-los-museos-973x474-640x480.jpg 2x\" srcset=\"data:image\/gif;base64,R0lGODlhAQABAIAAAP\/\/\/\/\/\/\/yH5BAEKAAEALAAAAAABAAEAAAICTAEAOw==\" \/><\/div><\/a><\/div><\/div><div id=\"envira-gallery-item-2138\" class=\"envira-gallery-item enviratope-item envira-gallery-item-3 envira-lazy-load\" style=\"padding-left: 10px; padding-bottom: 20px; padding-right: 10px;\"  itemscope itemtype=\"https:\/\/schema.org\/ImageObject\"><div class=\"envira-gallery-item-inner\"><div class=\"envira-gallery-position-overlay  envira-gallery-top-left\"><\/div><div class=\"envira-gallery-position-overlay  envira-gallery-top-right\"><\/div><div class=\"envira-gallery-position-overlay  envira-gallery-bottom-left\"><\/div><div class=\"envira-gallery-position-overlay  envira-gallery-bottom-right\"><\/div><a href=\"https:\/\/www.fcedu.uner.edu.ar\/graficacepce\/wp-content\/uploads\/2024\/02\/03-noche-de-los-museos.jpg\" class=\"envira-gallery-2135 envira-gallery-link\" rel=\"enviragallery2135\" title=\"03 noche de los museos\" data-envira-caption=\"03 noche de los museos\" data-envira-retina=\"\" data-thumbnail=\"\"  itemprop=\"contentUrl\"><div class=\"envira-lazy\" data-test-width=\"640\" data-test-height=\"480\" style=\"padding-bottom:75%;\"><img decoding=\"async\" id=\"envira-gallery-image-2138\" class=\"envira-gallery-image envira-gallery-image-3\" data-envira-index=\"3\" src=\"https:\/\/www.fcedu.uner.edu.ar\/graficacepce\/wp-content\/uploads\/2024\/02\/03-noche-de-los-museos-973x438-640x480.jpg\" data-envira-src=\"https:\/\/www.fcedu.uner.edu.ar\/graficacepce\/wp-content\/uploads\/2024\/02\/03-noche-de-los-museos-973x438-640x480.jpg\" data-envira-gallery-id=\"2135\" data-envira-item-id=\"2138\" data-envira-caption=\"03 noche de los museos\" alt=\"\" title=\"03 noche de los museos\"  itemprop=\"thumbnailUrl\" data-envira-srcset=\"https:\/\/www.fcedu.uner.edu.ar\/graficacepce\/wp-content\/uploads\/2024\/02\/03-noche-de-los-museos-973x438-640x480.jpg 400w,https:\/\/www.fcedu.uner.edu.ar\/graficacepce\/wp-content\/uploads\/2024\/02\/03-noche-de-los-museos-973x438-640x480.jpg 2x\" srcset=\"data:image\/gif;base64,R0lGODlhAQABAIAAAP\/\/\/\/\/\/\/yH5BAEKAAEALAAAAAABAAEAAAICTAEAOw==\" \/><\/div><\/a><\/div><\/div><\/div><\/div><noscript><img decoding=\"async\" src=\"https:\/\/www.fcedu.uner.edu.ar\/graficacepce\/wp-content\/uploads\/2024\/02\/01-noche-de-los-museos.jpg\" alt=\"\" \/><img decoding=\"async\" src=\"https:\/\/www.fcedu.uner.edu.ar\/graficacepce\/wp-content\/uploads\/2024\/02\/02-noche-de-los-museos.jpg\" alt=\"\" \/><img decoding=\"async\" src=\"https:\/\/www.fcedu.uner.edu.ar\/graficacepce\/wp-content\/uploads\/2024\/02\/03-noche-de-los-museos.jpg\" alt=\"\" \/><\/noscript>\n<p>&nbsp;<\/p>\n","protected":false},"excerpt":{"rendered":"<p>\u00abLos objetos y las palabras. Jornada experiencial de sensibilizaci\u00f3n hacia el hacer artesanal\u00bb Recorrido interactivo\/ Intervenci\u00f3n: \u00abManos que dicen, manos que sanan\u00bb en La Noche de los Museos&#8230;<\/p>\n","protected":false},"author":2,"featured_media":1977,"comment_status":"closed","ping_status":"open","sticky":false,"template":"","format":"standard","meta":{"footnotes":""},"categories":[4],"tags":[],"class_list":["post-1968","post","type-post","status-publish","format-standard","has-post-thumbnail","hentry","category-linea-de-trabajo-c"],"_links":{"self":[{"href":"https:\/\/www.fcedu.uner.edu.ar\/graficacepce\/wp-json\/wp\/v2\/posts\/1968","targetHints":{"allow":["GET"]}}],"collection":[{"href":"https:\/\/www.fcedu.uner.edu.ar\/graficacepce\/wp-json\/wp\/v2\/posts"}],"about":[{"href":"https:\/\/www.fcedu.uner.edu.ar\/graficacepce\/wp-json\/wp\/v2\/types\/post"}],"author":[{"embeddable":true,"href":"https:\/\/www.fcedu.uner.edu.ar\/graficacepce\/wp-json\/wp\/v2\/users\/2"}],"replies":[{"embeddable":true,"href":"https:\/\/www.fcedu.uner.edu.ar\/graficacepce\/wp-json\/wp\/v2\/comments?post=1968"}],"version-history":[{"count":6,"href":"https:\/\/www.fcedu.uner.edu.ar\/graficacepce\/wp-json\/wp\/v2\/posts\/1968\/revisions"}],"predecessor-version":[{"id":2140,"href":"https:\/\/www.fcedu.uner.edu.ar\/graficacepce\/wp-json\/wp\/v2\/posts\/1968\/revisions\/2140"}],"wp:featuredmedia":[{"embeddable":true,"href":"https:\/\/www.fcedu.uner.edu.ar\/graficacepce\/wp-json\/wp\/v2\/media\/1977"}],"wp:attachment":[{"href":"https:\/\/www.fcedu.uner.edu.ar\/graficacepce\/wp-json\/wp\/v2\/media?parent=1968"}],"wp:term":[{"taxonomy":"category","embeddable":true,"href":"https:\/\/www.fcedu.uner.edu.ar\/graficacepce\/wp-json\/wp\/v2\/categories?post=1968"},{"taxonomy":"post_tag","embeddable":true,"href":"https:\/\/www.fcedu.uner.edu.ar\/graficacepce\/wp-json\/wp\/v2\/tags?post=1968"}],"curies":[{"name":"wp","href":"https:\/\/api.w.org\/{rel}","templated":true}]}}