{"id":2372,"date":"2024-03-01T10:22:51","date_gmt":"2024-03-01T13:22:51","guid":{"rendered":"https:\/\/www.fcedu.uner.edu.ar\/graficacepce\/?p=2372"},"modified":"2024-03-04T10:18:12","modified_gmt":"2024-03-04T13:18:12","slug":"25-anos-el-cardo","status":"publish","type":"post","link":"https:\/\/www.fcedu.uner.edu.ar\/graficacepce\/2024\/03\/01\/25-anos-el-cardo\/","title":{"rendered":"25 a\u00f1os El Cardo"},"content":{"rendered":"<p>Celebramos los 25 a\u00f1os de El Cardo, la revista del \u00c1rea Did\u00e1ctica de la FCEDU que pluraliza los espacios de debate y encuentro desde diferentes registros y experiencias relacionadas con la ense\u00f1anza, los aprendizajes, la evaluaci\u00f3n, el curr\u00edculo.<\/p>\n<p>Con la participaci\u00f3n de Liliana Petrucci, Silvina Baudino, Andrea Vittori, Mar\u00eda del Carmen Castells, Fernando Fava, Regina Kuchen, Marina Hedrich y la coordinaci\u00f3n de Laura Rosell, conversamos sobre los desaf\u00edos y preguntas de sostener estos espacios de circulaci\u00f3n del conocimiento, del acceso libre a los saberes generados en la Universidad, de los aportes de El Cardo y el fuerte compromiso con la Educaci\u00f3n P\u00fablica y gratuita en estos 25 a\u00f1os.<\/p>\n<p><iframe title=\"Anime el cardo 25 a\u00f1os\" width=\"620\" height=\"349\" src=\"https:\/\/www.youtube.com\/embed\/IVEtzj7uZaI?feature=oembed\" frameborder=\"0\" allow=\"accelerometer; autoplay; clipboard-write; encrypted-media; gyroscope; picture-in-picture; web-share\" referrerpolicy=\"strict-origin-when-cross-origin\" allowfullscreen><\/iframe><\/p>\n<p><a href=\"https:\/\/www.youtube.com\/shorts\/1HwDlKYqLOs\">https:\/\/www.youtube.com\/shorts\/1HwDlKYqLOs<\/a><\/p>\n<div id=\"envira-gallery-wrap-2374\" class=\"envira-gallery-wrap envira-gallery-theme-base envira-lightbox-theme-base\" itemscope itemtype=\"https:\/\/schema.org\/ImageGallery\"><div data-row-height=\"150\" data-gallery-theme=\"normal\" id=\"envira-gallery-2374\" class=\"envira-gallery-public envira-gallery-justified-public envira-gallery-0-columns envira-clear enviratope envira-gallery-css-animations\" data-envira-columns=\"0\"><div id=\"envira-gallery-item-2377\" class=\"envira-gallery-item enviratope-item envira-gallery-item-1 envira-lazy-load\" style=\"padding-left: 5px; padding-bottom: 10px; padding-right: 5px;\"  itemscope itemtype=\"https:\/\/schema.org\/ImageObject\"><div class=\"envira-gallery-item-inner\"><div class=\"envira-gallery-position-overlay  envira-gallery-top-left\"><\/div><div class=\"envira-gallery-position-overlay  envira-gallery-top-right\"><\/div><div class=\"envira-gallery-position-overlay  envira-gallery-bottom-left\"><\/div><div class=\"envira-gallery-position-overlay  envira-gallery-bottom-right\"><\/div><a href=\"https:\/\/www.fcedu.uner.edu.ar\/graficacepce\/wp-content\/uploads\/2024\/03\/instalacion-el-cardo.jpg\" class=\"envira-gallery-2374 envira-gallery-link\" rel=\"enviragallery2374\" title=\"instalacion-el-cardo\" data-envira-caption=\"instalacion-el-cardo\" data-envira-retina=\"\" data-thumbnail=\"\"  itemprop=\"contentUrl\"><img decoding=\"async\" id=\"envira-gallery-image-2377\" class=\"envira-gallery-image envira-gallery-image-1 envira-normal envira-lazy\" data-envira-index=\"1\" src=\"https:\/\/www.fcedu.uner.edu.ar\/graficacepce\/wp-content\/uploads\/2024\/03\/instalacion-el-cardo-973x649-640x480.jpg\" data-envira-src=\"https:\/\/www.fcedu.uner.edu.ar\/graficacepce\/wp-content\/uploads\/2024\/03\/instalacion-el-cardo-973x649-640x480.jpg\" data-envira-gallery-id=\"2374\" data-envira-item-id=\"2377\" data-envira-caption=\"instalacion-el-cardo\" alt=\"\" title=\"instalacion-el-cardo\"  itemprop=\"thumbnailUrl\" data-envira-srcset=\"https:\/\/www.fcedu.uner.edu.ar\/graficacepce\/wp-content\/uploads\/2024\/03\/instalacion-el-cardo-973x649-640x480.jpg 400w,https:\/\/www.fcedu.uner.edu.ar\/graficacepce\/wp-content\/uploads\/2024\/03\/instalacion-el-cardo-973x649-640x480.jpg 2x\" data-envira-width=\"300\" data-envira-height=\"200\" srcset=\"data:image\/gif;base64,R0lGODlhAQABAIAAAP\/\/\/\/\/\/\/yH5BAEKAAEALAAAAAABAAEAAAICTAEAOw==\" data-safe-src=\"data:image\/gif;base64,R0lGODlhAQABAIAAAP\/\/\/\/\/\/\/yH5BAEKAAEALAAAAAABAAEAAAICTAEAOw==\" \/><\/a><\/div><\/div><div id=\"envira-gallery-item-2378\" class=\"envira-gallery-item enviratope-item envira-gallery-item-2 envira-lazy-load\" style=\"padding-left: 5px; padding-bottom: 10px; padding-right: 5px;\"  itemscope itemtype=\"https:\/\/schema.org\/ImageObject\"><div class=\"envira-gallery-item-inner\"><div class=\"envira-gallery-position-overlay  envira-gallery-top-left\"><\/div><div class=\"envira-gallery-position-overlay  envira-gallery-top-right\"><\/div><div class=\"envira-gallery-position-overlay  envira-gallery-bottom-left\"><\/div><div class=\"envira-gallery-position-overlay  envira-gallery-bottom-right\"><\/div><a href=\"https:\/\/www.fcedu.uner.edu.ar\/graficacepce\/wp-content\/uploads\/2024\/03\/instalacion-el-cardo-2.jpg\" class=\"envira-gallery-2374 envira-gallery-link\" rel=\"enviragallery2374\" title=\"instalacion-el-cardo-2\" data-envira-caption=\"instalacion-el-cardo-2\" data-envira-retina=\"\" data-thumbnail=\"\"  itemprop=\"contentUrl\"><img decoding=\"async\" id=\"envira-gallery-image-2378\" class=\"envira-gallery-image envira-gallery-image-2 envira-normal envira-lazy\" data-envira-index=\"2\" src=\"https:\/\/www.fcedu.uner.edu.ar\/graficacepce\/wp-content\/uploads\/2024\/03\/instalacion-el-cardo-2-973x649-640x480.jpg\" data-envira-src=\"https:\/\/www.fcedu.uner.edu.ar\/graficacepce\/wp-content\/uploads\/2024\/03\/instalacion-el-cardo-2-973x649-640x480.jpg\" data-envira-gallery-id=\"2374\" data-envira-item-id=\"2378\" data-envira-caption=\"instalacion-el-cardo-2\" alt=\"\" title=\"instalacion-el-cardo-2\"  itemprop=\"thumbnailUrl\" data-envira-srcset=\"https:\/\/www.fcedu.uner.edu.ar\/graficacepce\/wp-content\/uploads\/2024\/03\/instalacion-el-cardo-2-973x649-640x480.jpg 400w,https:\/\/www.fcedu.uner.edu.ar\/graficacepce\/wp-content\/uploads\/2024\/03\/instalacion-el-cardo-2-973x649-640x480.jpg 2x\" data-envira-width=\"300\" data-envira-height=\"200\" srcset=\"data:image\/gif;base64,R0lGODlhAQABAIAAAP\/\/\/\/\/\/\/yH5BAEKAAEALAAAAAABAAEAAAICTAEAOw==\" data-safe-src=\"data:image\/gif;base64,R0lGODlhAQABAIAAAP\/\/\/\/\/\/\/yH5BAEKAAEALAAAAAABAAEAAAICTAEAOw==\" \/><\/a><\/div><\/div><div id=\"envira-gallery-item-2375\" class=\"envira-gallery-item enviratope-item envira-gallery-item-3 envira-lazy-load\" style=\"padding-left: 5px; padding-bottom: 10px; padding-right: 5px;\"  itemscope itemtype=\"https:\/\/schema.org\/ImageObject\"><div class=\"envira-gallery-item-inner\"><div class=\"envira-gallery-position-overlay  envira-gallery-top-left\"><\/div><div class=\"envira-gallery-position-overlay  envira-gallery-top-right\"><\/div><div class=\"envira-gallery-position-overlay  envira-gallery-bottom-left\"><\/div><div class=\"envira-gallery-position-overlay  envira-gallery-bottom-right\"><\/div><a href=\"https:\/\/www.fcedu.uner.edu.ar\/graficacepce\/wp-content\/uploads\/2024\/03\/andrea-vittori-.jpg\" class=\"envira-gallery-2374 envira-gallery-link\" rel=\"enviragallery2374\" title=\"andrea-vittori-\" data-envira-caption=\"andrea-vittori-\" data-envira-retina=\"\" data-thumbnail=\"\"  itemprop=\"contentUrl\"><img decoding=\"async\" id=\"envira-gallery-image-2375\" class=\"envira-gallery-image envira-gallery-image-3 envira-normal envira-lazy\" data-envira-index=\"3\" src=\"https:\/\/www.fcedu.uner.edu.ar\/graficacepce\/wp-content\/uploads\/2024\/03\/andrea-vittori--973x649-640x480.jpg\" data-envira-src=\"https:\/\/www.fcedu.uner.edu.ar\/graficacepce\/wp-content\/uploads\/2024\/03\/andrea-vittori--973x649-640x480.jpg\" data-envira-gallery-id=\"2374\" data-envira-item-id=\"2375\" data-envira-caption=\"andrea-vittori-\" alt=\"\" title=\"andrea-vittori-\"  itemprop=\"thumbnailUrl\" data-envira-srcset=\"https:\/\/www.fcedu.uner.edu.ar\/graficacepce\/wp-content\/uploads\/2024\/03\/andrea-vittori--973x649-640x480.jpg 400w,https:\/\/www.fcedu.uner.edu.ar\/graficacepce\/wp-content\/uploads\/2024\/03\/andrea-vittori--973x649-640x480.jpg 2x\" data-envira-width=\"300\" data-envira-height=\"200\" srcset=\"data:image\/gif;base64,R0lGODlhAQABAIAAAP\/\/\/\/\/\/\/yH5BAEKAAEALAAAAAABAAEAAAICTAEAOw==\" data-safe-src=\"data:image\/gif;base64,R0lGODlhAQABAIAAAP\/\/\/\/\/\/\/yH5BAEKAAEALAAAAAABAAEAAAICTAEAOw==\" \/><\/a><\/div><\/div><div id=\"envira-gallery-item-2376\" class=\"envira-gallery-item enviratope-item envira-gallery-item-4 envira-lazy-load\" style=\"padding-left: 5px; padding-bottom: 10px; padding-right: 5px;\"  itemscope itemtype=\"https:\/\/schema.org\/ImageObject\"><div class=\"envira-gallery-item-inner\"><div class=\"envira-gallery-position-overlay  envira-gallery-top-left\"><\/div><div class=\"envira-gallery-position-overlay  envira-gallery-top-right\"><\/div><div class=\"envira-gallery-position-overlay  envira-gallery-bottom-left\"><\/div><div class=\"envira-gallery-position-overlay  envira-gallery-bottom-right\"><\/div><a href=\"https:\/\/www.fcedu.uner.edu.ar\/graficacepce\/wp-content\/uploads\/2024\/03\/Imagen-de-postal-de-los-25-anos-de-El-Cardo-1.jpg\" class=\"envira-gallery-2374 envira-gallery-link\" rel=\"enviragallery2374\" title=\"Imagen-de-postal-de-los-25-anos-de-El-Cardo-1\" data-envira-caption=\"Imagen-de-postal-de-los-25-anos-de-El-Cardo-1\" data-envira-retina=\"\" data-thumbnail=\"\"  itemprop=\"contentUrl\"><img decoding=\"async\" id=\"envira-gallery-image-2376\" class=\"envira-gallery-image envira-gallery-image-4 envira-normal envira-lazy\" data-envira-index=\"4\" src=\"https:\/\/www.fcedu.uner.edu.ar\/graficacepce\/wp-content\/uploads\/2024\/03\/Imagen-de-postal-de-los-25-anos-de-El-Cardo-1-973x649-640x480.jpg\" data-envira-src=\"https:\/\/www.fcedu.uner.edu.ar\/graficacepce\/wp-content\/uploads\/2024\/03\/Imagen-de-postal-de-los-25-anos-de-El-Cardo-1-973x649-640x480.jpg\" data-envira-gallery-id=\"2374\" data-envira-item-id=\"2376\" data-envira-caption=\"Imagen-de-postal-de-los-25-anos-de-El-Cardo-1\" alt=\"\" title=\"Imagen-de-postal-de-los-25-anos-de-El-Cardo-1\"  itemprop=\"thumbnailUrl\" data-envira-srcset=\"https:\/\/www.fcedu.uner.edu.ar\/graficacepce\/wp-content\/uploads\/2024\/03\/Imagen-de-postal-de-los-25-anos-de-El-Cardo-1-973x649-640x480.jpg 400w,https:\/\/www.fcedu.uner.edu.ar\/graficacepce\/wp-content\/uploads\/2024\/03\/Imagen-de-postal-de-los-25-anos-de-El-Cardo-1-973x649-640x480.jpg 2x\" data-envira-width=\"300\" data-envira-height=\"200\" srcset=\"data:image\/gif;base64,R0lGODlhAQABAIAAAP\/\/\/\/\/\/\/yH5BAEKAAEALAAAAAABAAEAAAICTAEAOw==\" data-safe-src=\"data:image\/gif;base64,R0lGODlhAQABAIAAAP\/\/\/\/\/\/\/yH5BAEKAAEALAAAAAABAAEAAAICTAEAOw==\" \/><\/a><\/div><\/div><div id=\"envira-gallery-item-2379\" class=\"envira-gallery-item enviratope-item envira-gallery-item-5 envira-lazy-load\" style=\"padding-left: 5px; padding-bottom: 10px; padding-right: 5px;\"  itemscope itemtype=\"https:\/\/schema.org\/ImageObject\"><div class=\"envira-gallery-item-inner\"><div class=\"envira-gallery-position-overlay  envira-gallery-top-left\"><\/div><div class=\"envira-gallery-position-overlay  envira-gallery-top-right\"><\/div><div class=\"envira-gallery-position-overlay  envira-gallery-bottom-left\"><\/div><div class=\"envira-gallery-position-overlay  envira-gallery-bottom-right\"><\/div><a href=\"https:\/\/www.fcedu.uner.edu.ar\/graficacepce\/wp-content\/uploads\/2024\/03\/instalacion-el-cardo-3.jpg\" class=\"envira-gallery-2374 envira-gallery-link\" rel=\"enviragallery2374\" title=\"instalacion-el-cardo-3\" data-envira-caption=\"instalacion-el-cardo-3\" data-envira-retina=\"\" data-thumbnail=\"\"  itemprop=\"contentUrl\"><img decoding=\"async\" id=\"envira-gallery-image-2379\" class=\"envira-gallery-image envira-gallery-image-5 envira-normal envira-lazy\" data-envira-index=\"5\" src=\"https:\/\/www.fcedu.uner.edu.ar\/graficacepce\/wp-content\/uploads\/2024\/03\/instalacion-el-cardo-3-973x649-640x480.jpg\" data-envira-src=\"https:\/\/www.fcedu.uner.edu.ar\/graficacepce\/wp-content\/uploads\/2024\/03\/instalacion-el-cardo-3-973x649-640x480.jpg\" data-envira-gallery-id=\"2374\" data-envira-item-id=\"2379\" data-envira-caption=\"instalacion-el-cardo-3\" alt=\"\" title=\"instalacion-el-cardo-3\"  itemprop=\"thumbnailUrl\" data-envira-srcset=\"https:\/\/www.fcedu.uner.edu.ar\/graficacepce\/wp-content\/uploads\/2024\/03\/instalacion-el-cardo-3-973x649-640x480.jpg 400w,https:\/\/www.fcedu.uner.edu.ar\/graficacepce\/wp-content\/uploads\/2024\/03\/instalacion-el-cardo-3-973x649-640x480.jpg 2x\" data-envira-width=\"300\" data-envira-height=\"200\" srcset=\"data:image\/gif;base64,R0lGODlhAQABAIAAAP\/\/\/\/\/\/\/yH5BAEKAAEALAAAAAABAAEAAAICTAEAOw==\" data-safe-src=\"data:image\/gif;base64,R0lGODlhAQABAIAAAP\/\/\/\/\/\/\/yH5BAEKAAEALAAAAAABAAEAAAICTAEAOw==\" \/><\/a><\/div><\/div><div id=\"envira-gallery-item-2380\" class=\"envira-gallery-item enviratope-item envira-gallery-item-6 envira-lazy-load\" style=\"padding-left: 5px; padding-bottom: 10px; padding-right: 5px;\"  itemscope itemtype=\"https:\/\/schema.org\/ImageObject\"><div class=\"envira-gallery-item-inner\"><div class=\"envira-gallery-position-overlay  envira-gallery-top-left\"><\/div><div class=\"envira-gallery-position-overlay  envira-gallery-top-right\"><\/div><div class=\"envira-gallery-position-overlay  envira-gallery-bottom-left\"><\/div><div class=\"envira-gallery-position-overlay  envira-gallery-bottom-right\"><\/div><a href=\"https:\/\/www.fcedu.uner.edu.ar\/graficacepce\/wp-content\/uploads\/2024\/03\/liliana-petrucci.jpg\" class=\"envira-gallery-2374 envira-gallery-link\" rel=\"enviragallery2374\" title=\"liliana-petrucci\" data-envira-caption=\"liliana-petrucci\" data-envira-retina=\"\" data-thumbnail=\"\"  itemprop=\"contentUrl\"><img decoding=\"async\" id=\"envira-gallery-image-2380\" class=\"envira-gallery-image envira-gallery-image-6 envira-normal envira-lazy\" data-envira-index=\"6\" src=\"https:\/\/www.fcedu.uner.edu.ar\/graficacepce\/wp-content\/uploads\/2024\/03\/liliana-petrucci-973x649-640x480.jpg\" data-envira-src=\"https:\/\/www.fcedu.uner.edu.ar\/graficacepce\/wp-content\/uploads\/2024\/03\/liliana-petrucci-973x649-640x480.jpg\" data-envira-gallery-id=\"2374\" data-envira-item-id=\"2380\" data-envira-caption=\"liliana-petrucci\" alt=\"\" title=\"liliana-petrucci\"  itemprop=\"thumbnailUrl\" data-envira-srcset=\"https:\/\/www.fcedu.uner.edu.ar\/graficacepce\/wp-content\/uploads\/2024\/03\/liliana-petrucci-973x649-640x480.jpg 400w,https:\/\/www.fcedu.uner.edu.ar\/graficacepce\/wp-content\/uploads\/2024\/03\/liliana-petrucci-973x649-640x480.jpg 2x\" data-envira-width=\"300\" data-envira-height=\"200\" srcset=\"data:image\/gif;base64,R0lGODlhAQABAIAAAP\/\/\/\/\/\/\/yH5BAEKAAEALAAAAAABAAEAAAICTAEAOw==\" data-safe-src=\"data:image\/gif;base64,R0lGODlhAQABAIAAAP\/\/\/\/\/\/\/yH5BAEKAAEALAAAAAABAAEAAAICTAEAOw==\" \/><\/a><\/div><\/div><div id=\"envira-gallery-item-2381\" class=\"envira-gallery-item enviratope-item envira-gallery-item-7 envira-lazy-load\" style=\"padding-left: 5px; padding-bottom: 10px; padding-right: 5px;\"  itemscope itemtype=\"https:\/\/schema.org\/ImageObject\"><div class=\"envira-gallery-item-inner\"><div class=\"envira-gallery-position-overlay  envira-gallery-top-left\"><\/div><div class=\"envira-gallery-position-overlay  envira-gallery-top-right\"><\/div><div class=\"envira-gallery-position-overlay  envira-gallery-bottom-left\"><\/div><div class=\"envira-gallery-position-overlay  envira-gallery-bottom-right\"><\/div><a href=\"https:\/\/www.fcedu.uner.edu.ar\/graficacepce\/wp-content\/uploads\/2024\/03\/publico-en-25-anos-de-El-Cardo.jpg\" class=\"envira-gallery-2374 envira-gallery-link\" rel=\"enviragallery2374\" title=\"publico-en-25-anos-de-El-Cardo\" data-envira-caption=\"publico-en-25-anos-de-El-Cardo\" data-envira-retina=\"\" data-thumbnail=\"\"  itemprop=\"contentUrl\"><img decoding=\"async\" id=\"envira-gallery-image-2381\" class=\"envira-gallery-image envira-gallery-image-7 envira-normal envira-lazy\" data-envira-index=\"7\" src=\"https:\/\/www.fcedu.uner.edu.ar\/graficacepce\/wp-content\/uploads\/2024\/03\/publico-en-25-anos-de-El-Cardo-973x649-640x480.jpg\" data-envira-src=\"https:\/\/www.fcedu.uner.edu.ar\/graficacepce\/wp-content\/uploads\/2024\/03\/publico-en-25-anos-de-El-Cardo-973x649-640x480.jpg\" data-envira-gallery-id=\"2374\" data-envira-item-id=\"2381\" data-envira-caption=\"publico-en-25-anos-de-El-Cardo\" alt=\"\" title=\"publico-en-25-anos-de-El-Cardo\"  itemprop=\"thumbnailUrl\" data-envira-srcset=\"https:\/\/www.fcedu.uner.edu.ar\/graficacepce\/wp-content\/uploads\/2024\/03\/publico-en-25-anos-de-El-Cardo-973x649-640x480.jpg 400w,https:\/\/www.fcedu.uner.edu.ar\/graficacepce\/wp-content\/uploads\/2024\/03\/publico-en-25-anos-de-El-Cardo-973x649-640x480.jpg 2x\" data-envira-width=\"300\" data-envira-height=\"200\" srcset=\"data:image\/gif;base64,R0lGODlhAQABAIAAAP\/\/\/\/\/\/\/yH5BAEKAAEALAAAAAABAAEAAAICTAEAOw==\" data-safe-src=\"data:image\/gif;base64,R0lGODlhAQABAIAAAP\/\/\/\/\/\/\/yH5BAEKAAEALAAAAAABAAEAAAICTAEAOw==\" \/><\/a><\/div><\/div><\/div><\/div><noscript><img decoding=\"async\" src=\"https:\/\/www.fcedu.uner.edu.ar\/graficacepce\/wp-content\/uploads\/2024\/03\/instalacion-el-cardo.jpg\" alt=\"\" \/><img decoding=\"async\" src=\"https:\/\/www.fcedu.uner.edu.ar\/graficacepce\/wp-content\/uploads\/2024\/03\/instalacion-el-cardo-2.jpg\" alt=\"\" \/><img decoding=\"async\" src=\"https:\/\/www.fcedu.uner.edu.ar\/graficacepce\/wp-content\/uploads\/2024\/03\/andrea-vittori-.jpg\" alt=\"\" \/><img decoding=\"async\" src=\"https:\/\/www.fcedu.uner.edu.ar\/graficacepce\/wp-content\/uploads\/2024\/03\/Imagen-de-postal-de-los-25-anos-de-El-Cardo-1.jpg\" alt=\"\" \/><img decoding=\"async\" src=\"https:\/\/www.fcedu.uner.edu.ar\/graficacepce\/wp-content\/uploads\/2024\/03\/instalacion-el-cardo-3.jpg\" alt=\"\" \/><img decoding=\"async\" src=\"https:\/\/www.fcedu.uner.edu.ar\/graficacepce\/wp-content\/uploads\/2024\/03\/liliana-petrucci.jpg\" alt=\"\" \/><img decoding=\"async\" src=\"https:\/\/www.fcedu.uner.edu.ar\/graficacepce\/wp-content\/uploads\/2024\/03\/publico-en-25-anos-de-El-Cardo.jpg\" alt=\"\" \/><\/noscript>\n<p><a href=\"https:\/\/www.analisisdigital.com.ar\/cultura\/2023\/11\/08\/la-revista-el-cardo-celebro-25-anos-de-publicaciones#google_vignette\">https:\/\/www.analisisdigital.com.ar\/cultura\/2023\/11\/08\/la-revista-el-cardo-celebro-25-anos-de-publicaciones#google_vignette<\/a><\/p>\n<p>&nbsp;<\/p>\n","protected":false},"excerpt":{"rendered":"<p>Celebramos los 25 a\u00f1os de El Cardo, la revista del \u00c1rea Did\u00e1ctica de la FCEDU que pluraliza los espacios de debate y encuentro desde diferentes registros y experiencias&#8230;<\/p>\n","protected":false},"author":2,"featured_media":2377,"comment_status":"closed","ping_status":"open","sticky":false,"template":"","format":"standard","meta":{"footnotes":""},"categories":[5,54],"tags":[],"class_list":["post-2372","post","type-post","status-publish","format-standard","has-post-thumbnail","hentry","category-linea-de-trabajo-d","category-otras-producciones"],"_links":{"self":[{"href":"https:\/\/www.fcedu.uner.edu.ar\/graficacepce\/wp-json\/wp\/v2\/posts\/2372","targetHints":{"allow":["GET"]}}],"collection":[{"href":"https:\/\/www.fcedu.uner.edu.ar\/graficacepce\/wp-json\/wp\/v2\/posts"}],"about":[{"href":"https:\/\/www.fcedu.uner.edu.ar\/graficacepce\/wp-json\/wp\/v2\/types\/post"}],"author":[{"embeddable":true,"href":"https:\/\/www.fcedu.uner.edu.ar\/graficacepce\/wp-json\/wp\/v2\/users\/2"}],"replies":[{"embeddable":true,"href":"https:\/\/www.fcedu.uner.edu.ar\/graficacepce\/wp-json\/wp\/v2\/comments?post=2372"}],"version-history":[{"count":13,"href":"https:\/\/www.fcedu.uner.edu.ar\/graficacepce\/wp-json\/wp\/v2\/posts\/2372\/revisions"}],"predecessor-version":[{"id":2412,"href":"https:\/\/www.fcedu.uner.edu.ar\/graficacepce\/wp-json\/wp\/v2\/posts\/2372\/revisions\/2412"}],"wp:featuredmedia":[{"embeddable":true,"href":"https:\/\/www.fcedu.uner.edu.ar\/graficacepce\/wp-json\/wp\/v2\/media\/2377"}],"wp:attachment":[{"href":"https:\/\/www.fcedu.uner.edu.ar\/graficacepce\/wp-json\/wp\/v2\/media?parent=2372"}],"wp:term":[{"taxonomy":"category","embeddable":true,"href":"https:\/\/www.fcedu.uner.edu.ar\/graficacepce\/wp-json\/wp\/v2\/categories?post=2372"},{"taxonomy":"post_tag","embeddable":true,"href":"https:\/\/www.fcedu.uner.edu.ar\/graficacepce\/wp-json\/wp\/v2\/tags?post=2372"}],"curies":[{"name":"wp","href":"https:\/\/api.w.org\/{rel}","templated":true}]}}