{"id":388,"date":"2022-08-26T13:13:01","date_gmt":"2022-08-26T13:13:01","guid":{"rendered":"https:\/\/www.fcedu.uner.edu.ar\/graficacepce\/?p=388"},"modified":"2022-12-27T01:41:33","modified_gmt":"2022-12-27T01:41:33","slug":"video-presentacion-la-escuela-secundaria-disputa-sentidos","status":"publish","type":"post","link":"https:\/\/www.fcedu.uner.edu.ar\/graficacepce\/2022\/08\/26\/video-presentacion-la-escuela-secundaria-disputa-sentidos\/","title":{"rendered":"La escuela secundaria disputa sentidos"},"content":{"rendered":"<p>Junto con ARC realizamos en 2018 este material experimental para la presentaci\u00f3n de el libro \u00abLa escuela secundaria disputa sentidos\u00bb, compilaci\u00f3n de Carina Rattero y Candela San Rom\u00e1n.<\/p>\n<p>Los textos seleccionados surgen en el marco de los encuentros \u00abConversaciones sobre la escuela secundaria\u00bb, que se reeditan anualmente desde 2013, propiciando un espacio de socializaci\u00f3n y producci\u00f3n de conocimientos acerca de la educaci\u00f3n media.<\/p>\n<p>En el libro se re\u00fanen diversos registros narrativos y voces que ponen de manifiesto la reconfiguraci\u00f3n de las identidades y las corporeidades, las nuevas tecnolog\u00edas, y las modificaciones curriculares y normativas, con el fin de pensar los desaf\u00edos actuales de la escuela secundaria desde los aportes de la investigaci\u00f3n y la ense\u00f1anza.<\/p>\n<p><iframe title=\"Material realizado para la presentaci\u00f3n del libro \u00abLa escuela secundaria disputa sentidos\u00bb\" width=\"620\" height=\"349\" src=\"https:\/\/www.youtube.com\/embed\/POwR6i0CFgI?start=6&#038;feature=oembed\" frameborder=\"0\" allow=\"accelerometer; autoplay; clipboard-write; encrypted-media; gyroscope; picture-in-picture; web-share\" referrerpolicy=\"strict-origin-when-cross-origin\" allowfullscreen><\/iframe><\/p>\n<p>En este material, que busca interpelar desde lo que se da a ver y desde lo que se escucha, se jug\u00f3 con la idea de la fragilidad del equilibrio, con las tensiones siempre presentes y no siempre reconocidas, que reconfiguran y ponen en juego nuevas problem\u00e1ticas del hecho pedag\u00f3gico.<\/p>\n<p>Detr\u00e1s de escena de esta y otras producciones fotogr\u00e1ficas realizadas en el \u00e1rea Gr\u00e1fica:<\/p>\n<div style=\"width: 620px;\" class=\"wp-video\"><video class=\"wp-video-shortcode\" id=\"video-388-1\" width=\"620\" height=\"349\" preload=\"metadata\" controls=\"controls\"><source type=\"video\/mp4\" src=\"https:\/\/www.fcedu.uner.edu.ar\/graficacepce\/wp-content\/uploads\/2022\/08\/detras-de-escena-producciones.mp4?_=1\" \/><a href=\"https:\/\/www.fcedu.uner.edu.ar\/graficacepce\/wp-content\/uploads\/2022\/08\/detras-de-escena-producciones.mp4\">https:\/\/www.fcedu.uner.edu.ar\/graficacepce\/wp-content\/uploads\/2022\/08\/detras-de-escena-producciones.mp4<\/a><\/video><\/div>\n<p>&nbsp;<\/p>\n<p>&nbsp;<\/p>\n","protected":false},"excerpt":{"rendered":"<p>Junto con ARC realizamos en 2018 este material experimental para la presentaci\u00f3n de el libro \u00abLa escuela secundaria disputa sentidos\u00bb, compilaci\u00f3n de Carina Rattero y Candela San Rom\u00e1n&#8230;.<\/p>\n","protected":false},"author":1001024,"featured_media":1752,"comment_status":"closed","ping_status":"open","sticky":false,"template":"","format":"standard","meta":{"footnotes":""},"categories":[2],"tags":[44,42,41,43,40],"class_list":["post-388","post","type-post","status-publish","format-standard","has-post-thumbnail","hentry","category-linea-de-trabajo-a-catedras","tag-carina-rattero","tag-escuela-secundaria","tag-la-escuela-disputa-sentidos","tag-libro","tag-rattero"],"_links":{"self":[{"href":"https:\/\/www.fcedu.uner.edu.ar\/graficacepce\/wp-json\/wp\/v2\/posts\/388","targetHints":{"allow":["GET"]}}],"collection":[{"href":"https:\/\/www.fcedu.uner.edu.ar\/graficacepce\/wp-json\/wp\/v2\/posts"}],"about":[{"href":"https:\/\/www.fcedu.uner.edu.ar\/graficacepce\/wp-json\/wp\/v2\/types\/post"}],"author":[{"embeddable":true,"href":"https:\/\/www.fcedu.uner.edu.ar\/graficacepce\/wp-json\/wp\/v2\/users\/1001024"}],"replies":[{"embeddable":true,"href":"https:\/\/www.fcedu.uner.edu.ar\/graficacepce\/wp-json\/wp\/v2\/comments?post=388"}],"version-history":[{"count":7,"href":"https:\/\/www.fcedu.uner.edu.ar\/graficacepce\/wp-json\/wp\/v2\/posts\/388\/revisions"}],"predecessor-version":[{"id":1780,"href":"https:\/\/www.fcedu.uner.edu.ar\/graficacepce\/wp-json\/wp\/v2\/posts\/388\/revisions\/1780"}],"wp:featuredmedia":[{"embeddable":true,"href":"https:\/\/www.fcedu.uner.edu.ar\/graficacepce\/wp-json\/wp\/v2\/media\/1752"}],"wp:attachment":[{"href":"https:\/\/www.fcedu.uner.edu.ar\/graficacepce\/wp-json\/wp\/v2\/media?parent=388"}],"wp:term":[{"taxonomy":"category","embeddable":true,"href":"https:\/\/www.fcedu.uner.edu.ar\/graficacepce\/wp-json\/wp\/v2\/categories?post=388"},{"taxonomy":"post_tag","embeddable":true,"href":"https:\/\/www.fcedu.uner.edu.ar\/graficacepce\/wp-json\/wp\/v2\/tags?post=388"}],"curies":[{"name":"wp","href":"https:\/\/api.w.org\/{rel}","templated":true}]}}