{"id":392,"date":"2022-08-26T13:32:29","date_gmt":"2022-08-26T13:32:29","guid":{"rendered":"https:\/\/www.fcedu.uner.edu.ar\/graficacepce\/?p=392"},"modified":"2022-12-27T01:41:28","modified_gmt":"2022-12-27T01:41:28","slug":"muestra-de-carteles-de-la-revolucion-rusa-y-conferencia-vanguardias-rusas-esteticas-modernas-y-politica-en-tiempos-de-la-revolucion","status":"publish","type":"post","link":"https:\/\/www.fcedu.uner.edu.ar\/graficacepce\/2022\/08\/26\/muestra-de-carteles-de-la-revolucion-rusa-y-conferencia-vanguardias-rusas-esteticas-modernas-y-politica-en-tiempos-de-la-revolucion\/","title":{"rendered":"Vanguardias rusas: est\u00e9ticas modernas y pol\u00edtica en tiempos de la revoluci\u00f3n"},"content":{"rendered":"<p>La conferencia del arquitecto Carlos Mar\u00eda Reinante,<strong> \u00abVanguardias rusas: est\u00e9ticas modernas y pol\u00edtica en tiempos de la revoluci\u00f3n\u00bb<\/strong> habilit\u00f3 otro modo de mirar los carteles de la Revoluci\u00f3n Rusa que conformaron la muestra.<\/p>\n<p>Ambas actividades fueron parte del Proyecto de Innovaci\u00f3n e Incentivo a la Docencia<strong> \u00ab1917-2017: sobre el significado hist\u00f3rico y la actualidad de la Revoluci\u00f3n Rusa\u00bb<\/strong>, que propon\u00eda una reflexi\u00f3n y debate con motivo su centenario.<\/p>\n<p>El encuentro cont\u00f3 con el acompa\u00f1amiento de las c\u00e1tedras Pol\u00edtica de la educaci\u00f3n (FCEdu) e Historia de las transformaciones mundiales (FTS).<\/p>\n\n<p>https:\/\/www.fcedu.uner.edu.ar\/?p=22794<\/p>\n","protected":false},"excerpt":{"rendered":"<p>La conferencia del arquitecto Carlos Mar\u00eda Reinante, \u00abVanguardias rusas: est\u00e9ticas modernas y pol\u00edtica en tiempos de la revoluci\u00f3n\u00bb habilit\u00f3 otro modo de mirar los carteles de la Revoluci\u00f3n&#8230;<\/p>\n","protected":false},"author":1001024,"featured_media":1910,"comment_status":"closed","ping_status":"open","sticky":false,"template":"","format":"standard","meta":{"footnotes":""},"categories":[2],"tags":[47,48,46,45],"class_list":["post-392","post","type-post","status-publish","format-standard","has-post-thumbnail","hentry","category-linea-de-trabajo-a-catedras","tag-conferencia","tag-esteticas-modernas","tag-muestra","tag-vanguardias-rusas"],"_links":{"self":[{"href":"https:\/\/www.fcedu.uner.edu.ar\/graficacepce\/wp-json\/wp\/v2\/posts\/392","targetHints":{"allow":["GET"]}}],"collection":[{"href":"https:\/\/www.fcedu.uner.edu.ar\/graficacepce\/wp-json\/wp\/v2\/posts"}],"about":[{"href":"https:\/\/www.fcedu.uner.edu.ar\/graficacepce\/wp-json\/wp\/v2\/types\/post"}],"author":[{"embeddable":true,"href":"https:\/\/www.fcedu.uner.edu.ar\/graficacepce\/wp-json\/wp\/v2\/users\/1001024"}],"replies":[{"embeddable":true,"href":"https:\/\/www.fcedu.uner.edu.ar\/graficacepce\/wp-json\/wp\/v2\/comments?post=392"}],"version-history":[{"count":7,"href":"https:\/\/www.fcedu.uner.edu.ar\/graficacepce\/wp-json\/wp\/v2\/posts\/392\/revisions"}],"predecessor-version":[{"id":1909,"href":"https:\/\/www.fcedu.uner.edu.ar\/graficacepce\/wp-json\/wp\/v2\/posts\/392\/revisions\/1909"}],"wp:featuredmedia":[{"embeddable":true,"href":"https:\/\/www.fcedu.uner.edu.ar\/graficacepce\/wp-json\/wp\/v2\/media\/1910"}],"wp:attachment":[{"href":"https:\/\/www.fcedu.uner.edu.ar\/graficacepce\/wp-json\/wp\/v2\/media?parent=392"}],"wp:term":[{"taxonomy":"category","embeddable":true,"href":"https:\/\/www.fcedu.uner.edu.ar\/graficacepce\/wp-json\/wp\/v2\/categories?post=392"},{"taxonomy":"post_tag","embeddable":true,"href":"https:\/\/www.fcedu.uner.edu.ar\/graficacepce\/wp-json\/wp\/v2\/tags?post=392"}],"curies":[{"name":"wp","href":"https:\/\/api.w.org\/{rel}","templated":true}]}}