{"id":402,"date":"2022-08-26T13:45:23","date_gmt":"2022-08-26T13:45:23","guid":{"rendered":"https:\/\/www.fcedu.uner.edu.ar\/graficacepce\/?p=402"},"modified":"2022-12-27T01:41:22","modified_gmt":"2022-12-27T01:41:22","slug":"ii-concurso-nacional-de-afiches-el-cole-tiene-conciencia","status":"publish","type":"post","link":"https:\/\/www.fcedu.uner.edu.ar\/graficacepce\/2022\/08\/26\/ii-concurso-nacional-de-afiches-el-cole-tiene-conciencia\/","title":{"rendered":"II Concurso Nacional de Afiches \u00abEl cole tiene conciencia\u00bb"},"content":{"rendered":"<p><strong>II Concurso Nacional de Afiches. <\/strong>Octubre de 2008<br \/>\n\u00abEl cole tiene conciencia\u00bb. Organizado por el Centro de Producci\u00f3n en Comunicaci\u00f3n y Educaci\u00f3n de la Facultad de Ciencias de la Educaci\u00f3n de la Universidad Nacional de Entre R\u00edos.<\/p>\n<p>Destinatarios<br \/>\nDise\u00f1adores, comunicadores, artistas pl\u00e1sticos, arquitectos, comunicadores visuales y estudiantes avanzados de carreras afines.<\/p>\n<p>En esta edici\u00f3n, la tem\u00e1tica a abordar fue \u00abLa Violencia en la Escuela\u00bb.<\/p>\n<p>Jurado:<br \/>\n-Marcela Romero<br \/>\n-Danilo Zunzunegui<br \/>\n-Mar\u00eda Ledesma<br \/>\n-Fortunato Galizzi<br \/>\n-ReginaKuchen<br \/>\n-Mariana Perticar\u00e1<br \/>\n-Guillermo Hennekens<br \/>\n-Jorge Petersen<\/p>\n<p><iframe title=\"II Concurso Nacional de Afiches: \u00abEl cole tiene conciencia\u00bb\" width=\"620\" height=\"349\" src=\"https:\/\/www.youtube.com\/embed\/YEK9qsbxi3U?feature=oembed\" frameborder=\"0\" allow=\"accelerometer; autoplay; clipboard-write; encrypted-media; gyroscope; picture-in-picture; web-share\" referrerpolicy=\"strict-origin-when-cross-origin\" allowfullscreen><\/iframe><\/p>\n","protected":false},"excerpt":{"rendered":"<p>II Concurso Nacional de Afiches. Octubre de 2008 \u00abEl cole tiene conciencia\u00bb. Organizado por el Centro de Producci\u00f3n en Comunicaci\u00f3n y Educaci\u00f3n de la Facultad de Ciencias de&#8230;<\/p>\n","protected":false},"author":1001024,"featured_media":404,"comment_status":"closed","ping_status":"open","sticky":false,"template":"","format":"standard","meta":{"footnotes":""},"categories":[2,5],"tags":[50,51,49],"class_list":["post-402","post","type-post","status-publish","format-standard","has-post-thumbnail","hentry","category-linea-de-trabajo-a-catedras","category-linea-de-trabajo-d","tag-catedra-grafica-i","tag-el-cole-tiene-conciencia","tag-el-cole-tiene-memoria"],"_links":{"self":[{"href":"https:\/\/www.fcedu.uner.edu.ar\/graficacepce\/wp-json\/wp\/v2\/posts\/402","targetHints":{"allow":["GET"]}}],"collection":[{"href":"https:\/\/www.fcedu.uner.edu.ar\/graficacepce\/wp-json\/wp\/v2\/posts"}],"about":[{"href":"https:\/\/www.fcedu.uner.edu.ar\/graficacepce\/wp-json\/wp\/v2\/types\/post"}],"author":[{"embeddable":true,"href":"https:\/\/www.fcedu.uner.edu.ar\/graficacepce\/wp-json\/wp\/v2\/users\/1001024"}],"replies":[{"embeddable":true,"href":"https:\/\/www.fcedu.uner.edu.ar\/graficacepce\/wp-json\/wp\/v2\/comments?post=402"}],"version-history":[{"count":3,"href":"https:\/\/www.fcedu.uner.edu.ar\/graficacepce\/wp-json\/wp\/v2\/posts\/402\/revisions"}],"predecessor-version":[{"id":550,"href":"https:\/\/www.fcedu.uner.edu.ar\/graficacepce\/wp-json\/wp\/v2\/posts\/402\/revisions\/550"}],"wp:featuredmedia":[{"embeddable":true,"href":"https:\/\/www.fcedu.uner.edu.ar\/graficacepce\/wp-json\/wp\/v2\/media\/404"}],"wp:attachment":[{"href":"https:\/\/www.fcedu.uner.edu.ar\/graficacepce\/wp-json\/wp\/v2\/media?parent=402"}],"wp:term":[{"taxonomy":"category","embeddable":true,"href":"https:\/\/www.fcedu.uner.edu.ar\/graficacepce\/wp-json\/wp\/v2\/categories?post=402"},{"taxonomy":"post_tag","embeddable":true,"href":"https:\/\/www.fcedu.uner.edu.ar\/graficacepce\/wp-json\/wp\/v2\/tags?post=402"}],"curies":[{"name":"wp","href":"https:\/\/api.w.org\/{rel}","templated":true}]}}