{"id":576,"date":"2022-08-30T12:22:54","date_gmt":"2022-08-30T12:22:54","guid":{"rendered":"https:\/\/www.fcedu.uner.edu.ar\/graficacepce\/?p=576"},"modified":"2025-08-07T11:05:39","modified_gmt":"2025-08-07T14:05:39","slug":"100-anos-de-la-facultad-de-ciencias-de-la-educacion-uner","status":"publish","type":"post","link":"https:\/\/www.fcedu.uner.edu.ar\/graficacepce\/2022\/08\/30\/100-anos-de-la-facultad-de-ciencias-de-la-educacion-uner\/","title":{"rendered":"100 a\u00f1os de la Facultad de Ciencias de la Educaci\u00f3n, UNER"},"content":{"rendered":"<p>En el marco de la celebraci\u00f3n de los\u00a0<strong>100 a\u00f1os de la Facultad de Ciencias de la Educaci\u00f3n<\/strong>, las \u00e1reas pertenecientes al Centro de Producci\u00f3n en Comunicaci\u00f3n y Educaci\u00f3n, presentaron sus producciones especiales.<\/p>\n<p>El \u00c1rea Gr\u00e1fica exhibi\u00f3 una <strong>l\u00ednea hist\u00f3rica interactiva <\/strong>. El trabajo est\u00e1 hecho a partir de diversas investigaciones, documentaci\u00f3n y testimonios de personas que fueron parte del transcurrir de nuestra casa de estudios.<\/p>\n<p>En la pieza gr\u00e1fica se pueden ver cuatro tipos de relatos: compaginaci\u00f3n de textos verbales que corresponden a cada hito; relatos visuales como infograf\u00edas, comparaci\u00f3n de registros fotogr\u00e1ficos, mapeo e im\u00e1genes de los lugares donde se encontraba la Facultad a lo largo de la historia; animaciones y producciones sonoras.<\/p>\n\n<!-- iframe plugin v.5.0 wordpress.org\/plugins\/iframe\/ -->\n<iframe src=\"https:\/\/bit.ly\/3dyBK7M\" width=\"100%\" height=\"650\" scrolling=\"auto\" class=\"iframe-class\" frameborder=\"0\"><\/iframe>\n\n<p>&nbsp;<\/p>\n<p>Videos creados por el \u00e1rea gr\u00e1fica para incluir en la l\u00ednea de tiempo<\/p>\n<p><iframe title=\"Or\u00edgenes de la FCEDU.\" width=\"620\" height=\"349\" src=\"https:\/\/www.youtube.com\/embed\/HdGlpGilqAo?feature=oembed\" frameborder=\"0\" allow=\"accelerometer; autoplay; clipboard-write; encrypted-media; gyroscope; picture-in-picture; web-share\" referrerpolicy=\"strict-origin-when-cross-origin\" allowfullscreen><\/iframe><\/p>\n<p><iframe title=\"100 a\u00f1os de labor universitaria, 100 a\u00f1os FCEDU, UNER\" width=\"620\" height=\"349\" src=\"https:\/\/www.youtube.com\/embed\/sNIbp-oZkqY?start=52&#038;feature=oembed\" frameborder=\"0\" allow=\"accelerometer; autoplay; clipboard-write; encrypted-media; gyroscope; picture-in-picture; web-share\" referrerpolicy=\"strict-origin-when-cross-origin\" allowfullscreen><\/iframe><\/p>\n<p><iframe title=\"30 a\u00f1os del CePCE (Centro de Producci\u00f3n en Comunicaci\u00f3n y Educaci\u00f3n)\" width=\"620\" height=\"349\" src=\"https:\/\/www.youtube.com\/embed\/cXpO8tCVsLM?feature=oembed\" frameborder=\"0\" allow=\"accelerometer; autoplay; clipboard-write; encrypted-media; gyroscope; picture-in-picture; web-share\" referrerpolicy=\"strict-origin-when-cross-origin\" allowfullscreen><\/iframe><\/p>\n<p><iframe title=\"La FCEDU en \u00e9pocas de intervenci\u00f3n y resistencia\" width=\"620\" height=\"349\" src=\"https:\/\/www.youtube.com\/embed\/Iq-_-hkRX9A?feature=oembed\" frameborder=\"0\" allow=\"accelerometer; autoplay; clipboard-write; encrypted-media; gyroscope; picture-in-picture; web-share\" referrerpolicy=\"strict-origin-when-cross-origin\" allowfullscreen><\/iframe><\/p>\n<p>Desde este link se puede navegar\/visualizar la l\u00ednea del tiempo: <a href=\"https:\/\/bit.ly\/3dyBK7M\" target=\"_blank\" rel=\"noopener\" data-saferedirecturl=\"https:\/\/www.google.com\/url?q=https:\/\/bit.ly\/3dyBK7M&amp;source=gmail&amp;ust=1754661510572000&amp;usg=AOvVaw0VdCa8BOSv2pqR0SfCNMmI\">https:\/\/bit.ly\/3dyBK7M<\/a><\/p>\n<p>Compartimos la nota desde el portal de la Facultad<\/p>\n<p>https:\/\/www.fcedu.uner.edu.ar\/?p=48849<\/p>\n<p>&nbsp;<\/p>\n","protected":false},"excerpt":{"rendered":"<p>En el marco de la celebraci\u00f3n de los\u00a0100 a\u00f1os de la Facultad de Ciencias de la Educaci\u00f3n, las \u00e1reas pertenecientes al Centro de Producci\u00f3n en Comunicaci\u00f3n y Educaci\u00f3n,&#8230;<\/p>\n","protected":false},"author":2,"featured_media":647,"comment_status":"closed","ping_status":"open","sticky":false,"template":"","format":"standard","meta":{"footnotes":""},"categories":[59,4],"tags":[],"class_list":["post-576","post","type-post","status-publish","format-standard","has-post-thumbnail","hentry","category-100-anos-fcedu","category-linea-de-trabajo-c"],"_links":{"self":[{"href":"https:\/\/www.fcedu.uner.edu.ar\/graficacepce\/wp-json\/wp\/v2\/posts\/576","targetHints":{"allow":["GET"]}}],"collection":[{"href":"https:\/\/www.fcedu.uner.edu.ar\/graficacepce\/wp-json\/wp\/v2\/posts"}],"about":[{"href":"https:\/\/www.fcedu.uner.edu.ar\/graficacepce\/wp-json\/wp\/v2\/types\/post"}],"author":[{"embeddable":true,"href":"https:\/\/www.fcedu.uner.edu.ar\/graficacepce\/wp-json\/wp\/v2\/users\/2"}],"replies":[{"embeddable":true,"href":"https:\/\/www.fcedu.uner.edu.ar\/graficacepce\/wp-json\/wp\/v2\/comments?post=576"}],"version-history":[{"count":24,"href":"https:\/\/www.fcedu.uner.edu.ar\/graficacepce\/wp-json\/wp\/v2\/posts\/576\/revisions"}],"predecessor-version":[{"id":2852,"href":"https:\/\/www.fcedu.uner.edu.ar\/graficacepce\/wp-json\/wp\/v2\/posts\/576\/revisions\/2852"}],"wp:featuredmedia":[{"embeddable":true,"href":"https:\/\/www.fcedu.uner.edu.ar\/graficacepce\/wp-json\/wp\/v2\/media\/647"}],"wp:attachment":[{"href":"https:\/\/www.fcedu.uner.edu.ar\/graficacepce\/wp-json\/wp\/v2\/media?parent=576"}],"wp:term":[{"taxonomy":"category","embeddable":true,"href":"https:\/\/www.fcedu.uner.edu.ar\/graficacepce\/wp-json\/wp\/v2\/categories?post=576"},{"taxonomy":"post_tag","embeddable":true,"href":"https:\/\/www.fcedu.uner.edu.ar\/graficacepce\/wp-json\/wp\/v2\/tags?post=576"}],"curies":[{"name":"wp","href":"https:\/\/api.w.org\/{rel}","templated":true}]}}