{"id":1753,"date":"2017-06-07T13:21:29","date_gmt":"2017-06-07T13:21:29","guid":{"rendered":"http:\/\/www.fcedu.uner.edu.ar\/medianayterceraedad2\/?p=1753"},"modified":"2017-08-30T12:23:12","modified_gmt":"2017-08-30T12:23:12","slug":"un-grupo-de-mujeres-mayores-narra-y-acerca-a-ninos-y-jovenes-a-la-lectura","status":"publish","type":"post","link":"https:\/\/www.fcedu.uner.edu.ar\/medianayterceraedad\/?p=1753","title":{"rendered":"Un grupo de mujeres mayores narra y acerca a ni\u00f1os y j\u00f3venes a la lectura"},"content":{"rendered":"<p><span style=\"color: #333333;\"><strong>En escuelas, bibliotecas y hospital<\/strong><\/span><\/p>\n<p>&nbsp;<\/p>\n<p><span style=\"color: #333333;\">El\u00a0<strong>Club de Narradores<\/strong>\u00a0desarrolla una\u00a0<strong>tarea cultural y comunitaria desde hace 24 a\u00f1os<\/strong>\u00a0en el\u00a0<strong><a style=\"color: #333333;\" href=\"https:\/\/www.fcedu.uner.edu.ar\/medianayterceraedad\/\">Departamento de la Mediana y\u00a0Tercera Edad de la Facultad de Ciencias de la Educaci\u00f3n<\/a><\/strong>. Con el objetivo de acercar a los ni\u00f1os a la lectura y a los libros, estimular en los adultos el ejercicio intelectual y favorecer las relaciones intergeneracionales, las narradoras visitan colegios, bibliotecas y hospital de Paran\u00e1.<\/span><\/p>\n<p><span style=\"color: #333333;\">En lo que va de 20<img decoding=\"async\" loading=\"lazy\" class=\"size-medium wp-image-1516 alignleft\" src=\"https:\/\/www.fcedu.uner.edu.ar\/medianayterceraedad\/wp-content\/uploads\/sites\/4\/2017\/06\/destacada-2-300x195.jpeg\" alt=\"destacada 2\" width=\"300\" height=\"195\" \/>17, el Club de Narradores ha tenido un\u00a0<strong>trabajo muy intenso e interesante<\/strong>, \u201crecre\u00e1ndose sin prisa\u00a0pero con un ritmo\u00a0fant\u00e1stico. Me entusiasma la b\u00fasqueda de sumar y crecer en la labor de promover el esp\u00edritu cr\u00edtico que proporciona\u00a0la lectura, tanto en ni\u00f1os y adolescentes como en adultos\u201d, manifest\u00f3 la\u00a0<strong>licenciada en Comunicaci\u00f3n Social, El\u00edn Rodr\u00edguez,\u00a0que desde este a\u00f1o\u00a0coordina<\/strong>\u00a0el espacio que durante 23 a\u00f1os estuvo a cargo de la profesora Mirta Cossia de Pacher.<\/span><\/p>\n<p><span style=\"color: #333333;\">Las narradoras tienen como\u00a0<strong>hilo conductor la idea de ser tejedoras<\/strong>\u00a0que, como en \u00e9pocas ancestrales, tejen con sabidur\u00eda los hilos de la historia, de las palabras, de los relatos, transmitiendo los saberes y la cultura. Por eso, en sus encuentros semanales de los martes en las aulas de la Sociedad Italiana -donde desarrolla clases del Departamento de la Mediana y Tercera Edad- las narradoras trabajan mucho las emociones, los sentimientos y hacen actividades expresivas tanto vocales como corporales para prepararse para su tan intensa y noble tarea.<\/span><\/p>\n<p><span style=\"color: #333333;\">Su dedicada labor viene de la mano de las 21 narradoras y la nueva docente, junto a quien las\u00a0talleristas siguen aprendiendo y profundizando el arte de\u00a0<strong>contar cuentos y relatos de diferentes autores, as\u00ed como sus propias producciones y adaptaciones<\/strong>.<\/span><\/p>\n<p><span style=\"color: #333333;\"><strong>Narradoras en formaci\u00f3n permanente<br \/>\n<\/strong><\/span><\/p>\n<p><span style=\"color: #333333;\">La composici\u00f3n del Taller es muy heterog\u00e9nea, ya que hay\u00a0<strong>algunas narradoras que tienen muchos a<img decoding=\"async\" loading=\"lazy\" class=\"wp-image-1522 alignright\" src=\"https:\/\/www.fcedu.uner.edu.ar\/medianayterceraedad\/wp-content\/uploads\/sites\/4\/2017\/06\/narradoras-3-300x227.jpeg\" alt=\"narradoras 3\" width=\"276\" height=\"209\" \/>\u00f1os de experiencia y otras que empezaron hace s\u00f3lo dos a\u00f1os<\/strong>. Por ello, se hace mucho hincapi\u00e9 en que las m\u00e1s experimentadas, que tienen m\u00e1s destreza en la narraci\u00f3n y muchas t\u00e9cnicas incorporadas, puedan\u00a0<strong>perfeccionarse, profundizar sus talentos e incorporar nuevos textos<\/strong>incursionando en otros relatos. A la vez, se busca que las narradoras m\u00e1s nuevas puedan\u00a0<strong>desarrollar su potencial, mejorar la posibilidad de comunicar a trav\u00e9s de la voz, la palabra y los cuentos<\/strong>.<\/span><\/p>\n<p><span style=\"color: #333333;\">Es decir que entre\u00a0<strong>las integrantes del taller tambi\u00e9n se tienden puentes<\/strong>, enriqueciendo el\u00a0proceso creativo de la escucha y la palabra, promoviendo la b\u00fasqueda de la propia voz y fortaleciendo los lazos vinculares entre las distintas generaciones.<\/span><\/p>\n<p><span style=\"color: #333333;\"><strong>Palabra, literatura y v\u00ednculos<\/strong><\/span><br \/>\n<span style=\"color: #333333;\">Entre sus actividades,\u00a0<strong>las narradoras visitan colegios para relatar a los alumnos<\/strong>\u00a0desde jard\u00edn de infantes hasta sexto grado, y as\u00ed animar la lectura en los m\u00e1s peque\u00f1os y\u00a0<strong>reafirmar el v\u00ednculo intergeneracional<\/strong>\u00a0a trav\u00e9s de historias, cuentos y leyendas que narran la vida, promueven saberes o retoman los hilos culturales\u00a0<strong>para continuar el tejido de una sociedad cr\u00edtica<\/strong>.<\/span><br \/>\n<span style=\"color: #333333;\">Adem\u00e1s, a trav\u00e9s de<img decoding=\"async\" loading=\"lazy\" class=\"size-medium wp-image-1521 alignleft\" src=\"https:\/\/www.fcedu.uner.edu.ar\/medianayterceraedad\/wp-content\/uploads\/sites\/4\/2017\/06\/narradoras-2-300x217.jpeg\" alt=\"narradoras 2\" width=\"300\" height=\"217\" \/>\u00a0los cuentos las narradoras\u00a0<strong>facilitan que los ni\u00f1os puedan encontrarse entre ellos<\/strong>, compartir, intercambiar, escucharse y poner en com\u00fan sus emociones, pensamientos, corporalidades y sentimientos.<\/span><\/p>\n<p><span style=\"color: #333333;\">Este a\u00f1o el Club de Narradores visit\u00f3 el colegio La Salle, las escuelas Magnasco y San Francisco de Borja. Tambi\u00e9n realiz\u00f3 presentaciones en otros espacios como en el hospital de Ni\u00f1os San Roque, donde les llevan sus cuentos a ni\u00f1os internados en distintos sectores, y tambi\u00e9n en la Biblioteca Popular del Paran\u00e1 en las visitas escolares tanto de ma\u00f1ana como de tarde, para ofrecerles a los alumnos una bienvenida al mundo de los libros antes de hacer la visita correspondiente.<\/span><\/p>\n<p><span style=\"color: #333333;\"><strong>El Departamento<\/strong><\/span><br \/>\n<span style=\"color: #333333;\">El Departamento de la Mediana y Tercera Edad es un \u00e1mbito de educaci\u00f3n no formal destinado a adultos y adultos mayores que ofrece la Facultad de Ciencias de la Educaci\u00f3n de la Universidad Nacional de Entre R\u00edos. Su sede est\u00e1 ubicada en Alameda de la Federaci\u00f3n 115 y funciona de lunes a viernes, de 16 a 19.30.<\/span><\/p>\n","protected":false},"excerpt":{"rendered":"<p>En escuelas, bibliotecas y hospital &nbsp; El\u00a0Club de Narradores\u00a0desarrolla una\u00a0tarea cultural y comunitaria desde hace 24 a\u00f1os\u00a0en el\u00a0Departamento de la Mediana y\u00a0Tercera Edad de la Facultad de Ciencias de la Educaci\u00f3n. Con el objetivo de acercar a los ni\u00f1os a la lectura y a los libros, estimular en los adultos el ejercicio intelectual y favorecer&#8230; <\/p>\n<div class=\"clear\"><\/div>\n<p><a href=\"https:\/\/www.fcedu.uner.edu.ar\/medianayterceraedad\/?p=1753\" class=\"excerpt-read-more\">Read More<i class=\"fa fa-caret-right icon-caret-right\"><\/i><\/a><\/p>\n","protected":false},"author":1,"featured_media":1756,"comment_status":"open","ping_status":"open","sticky":false,"template":"","format":"gallery","meta":{"footnotes":""},"categories":[1],"tags":[],"_links":{"self":[{"href":"https:\/\/www.fcedu.uner.edu.ar\/medianayterceraedad\/index.php?rest_route=\/wp\/v2\/posts\/1753"}],"collection":[{"href":"https:\/\/www.fcedu.uner.edu.ar\/medianayterceraedad\/index.php?rest_route=\/wp\/v2\/posts"}],"about":[{"href":"https:\/\/www.fcedu.uner.edu.ar\/medianayterceraedad\/index.php?rest_route=\/wp\/v2\/types\/post"}],"author":[{"embeddable":true,"href":"https:\/\/www.fcedu.uner.edu.ar\/medianayterceraedad\/index.php?rest_route=\/wp\/v2\/users\/1"}],"replies":[{"embeddable":true,"href":"https:\/\/www.fcedu.uner.edu.ar\/medianayterceraedad\/index.php?rest_route=%2Fwp%2Fv2%2Fcomments&post=1753"}],"version-history":[{"count":6,"href":"https:\/\/www.fcedu.uner.edu.ar\/medianayterceraedad\/index.php?rest_route=\/wp\/v2\/posts\/1753\/revisions"}],"predecessor-version":[{"id":1979,"href":"https:\/\/www.fcedu.uner.edu.ar\/medianayterceraedad\/index.php?rest_route=\/wp\/v2\/posts\/1753\/revisions\/1979"}],"wp:featuredmedia":[{"embeddable":true,"href":"https:\/\/www.fcedu.uner.edu.ar\/medianayterceraedad\/index.php?rest_route=\/wp\/v2\/media\/1756"}],"wp:attachment":[{"href":"https:\/\/www.fcedu.uner.edu.ar\/medianayterceraedad\/index.php?rest_route=%2Fwp%2Fv2%2Fmedia&parent=1753"}],"wp:term":[{"taxonomy":"category","embeddable":true,"href":"https:\/\/www.fcedu.uner.edu.ar\/medianayterceraedad\/index.php?rest_route=%2Fwp%2Fv2%2Fcategories&post=1753"},{"taxonomy":"post_tag","embeddable":true,"href":"https:\/\/www.fcedu.uner.edu.ar\/medianayterceraedad\/index.php?rest_route=%2Fwp%2Fv2%2Ftags&post=1753"}],"curies":[{"name":"wp","href":"https:\/\/api.w.org\/{rel}","templated":true}]}}