{"id":1804,"date":"2017-05-21T15:45:54","date_gmt":"2017-05-21T15:45:54","guid":{"rendered":"http:\/\/www.fcedu.uner.edu.ar\/medianayterceraedad2\/?p=1804"},"modified":"2017-08-30T13:08:37","modified_gmt":"2017-08-30T13:08:37","slug":"mirar-la-ciudad-desde-lo-cultural","status":"publish","type":"post","link":"https:\/\/www.fcedu.uner.edu.ar\/medianayterceraedad\/?p=1804","title":{"rendered":"Mirar la ciudad desde lo cultural"},"content":{"rendered":"<p><span style=\"color: #333333;\"><strong>El Taller \u201cParan\u00e1: Historia, Patrimonio Cultural y legado\u201d es una propuesta del Departamento de la Mediana y la Tercera Edad para revelar lugares, compartir memorias y re-descubrir los signos hist\u00f3ricos de nuestra capital.<\/strong><\/span><\/p>\n<p><img decoding=\"async\" loading=\"lazy\" class=\"alignleft size-medium wp-image-1805\" src=\"https:\/\/www.fcedu.uner.edu.ar\/medianayterceraedad2\/wp-content\/uploads\/2017\/07\/IMG_20170420_181714750-300x169.jpg\" alt=\"\" width=\"300\" height=\"169\" srcset=\"https:\/\/www.fcedu.uner.edu.ar\/medianayterceraedad\/wp-content\/uploads\/2017\/07\/IMG_20170420_181714750-300x169.jpg 300w, https:\/\/www.fcedu.uner.edu.ar\/medianayterceraedad\/wp-content\/uploads\/2017\/07\/IMG_20170420_181714750-768x432.jpg 768w, https:\/\/www.fcedu.uner.edu.ar\/medianayterceraedad\/wp-content\/uploads\/2017\/07\/IMG_20170420_181714750.jpg 1024w\" sizes=\"(max-width: 300px) 100vw, 300px\" \/><\/p>\n<p><span style=\"color: #333333;\">Paran\u00e1 se proyecta y se desgrana en un aula. A la evocaci\u00f3n de los docentes se enlazan las experiencias de las y los estudiantes. Recorridos del presente y del pasado, memorias de calles adoquinadas y tranv\u00edas, inquietudes frente a fachadas coloniales o arcos que podr\u00edan ser t\u00faneles. Circulan libros y archivos period\u00edsticos entre los participantes del taller, que se detienen en los detalles, en reconocerlos, casi los tocan.\u00a0<strong>Las paredes de la ciudad, sus secretos, est\u00e1n en este espacio de educaci\u00f3n no formal.<\/strong>\u00a0Y tambi\u00e9n el taller est\u00e1 en el afuera, porque<strong>\u00a0se programan salidas colectivas, visitas guiadas por patrimonios hist\u00f3ricos, paseos sobre huellas del pasado.<\/strong><\/span><\/p>\n<p><span style=\"color: #333333;\">Seg\u00fan sus\u00a0<strong>coordinadores<\/strong>, el Licenciado en Comunicaci\u00f3n,<strong>\u00a0Claudio Ca\u00f1ete<\/strong>, y la T\u00e9cnica en Comunicaci\u00f3n,\u00a0<strong>Pamela Schaab<\/strong>\u00a0el curso\u00a0<strong>\u201cParan\u00e1: Historia, Patrimonio Cultura y legado\u201d parte de entender a la ciudad como un conjunto de lugares, memorias y signos.<\/strong>\u00a0A partir de un intercambio constante de palabras, recuerdos y deseos la ciudad se va poblando de historias, de mitos, de personajes, de aromas y sabores.<\/span><\/p>\n<p><img decoding=\"async\" loading=\"lazy\" class=\"aligncenter size-post-thumbnail-size wp-image-1806\" src=\"https:\/\/www.fcedu.uner.edu.ar\/medianayterceraedad2\/wp-content\/uploads\/2017\/07\/IMG_20170420_181841116-750x330.jpg\" alt=\"\" width=\"750\" height=\"330\" \/><\/p>\n<p><span style=\"color: #333333;\"><strong>\u201c\u00bfCu\u00e1nto s\u00e9 de mi ciudad? \u00bfQu\u00e9 hubo antes?\u201d<\/strong>\u00a0se pregunta Cesar, y su deseo se encuentra con los anhelos de los otros estudiantes.\u00a0<strong>\u201cMe gusta mirar la ciudad\u201d<\/strong>\u00a0dice Silvia. Las personas mayores se acercan al taller con diversos intereses.\u00a0<strong>Testigos de una ciudad que se transforma constantemente, los interrogantes son muchos:<\/strong>\u00a0\u00bfqu\u00e9 relatos se inscriben tras estos ladrillos? \u00bfCu\u00e1ntas Paran\u00e1 tuvieron estas calles? \u00bfC\u00f3mo actuamos hoy respecto al desarrollo urbano?. En ese sentido, la alumna Alicia In\u00e9s se\u00f1ala:\u00a0<strong>\u201cMi deseo es que las nuevas generaciones puedan completar los silencios de la historia. Y para eso, pienso que deber\u00edamos escribirla.\u201d<\/strong><\/span><\/p>\n<p><span style=\"color: #333333;\">Adultos y adultos mayores part\u00edcipes activos de su comunidad se encuentran en el taller.\u00a0Mar\u00eda In\u00e9s, una de las estudiantes realiza, junto a otros vecinos de calle 25 de junio, un recupero de la historia del barrio Virgen de Lourdes. Golpean puertas, piden informaci\u00f3n al Municipio, hablan con otros vecinos, hacen entrevistas, construyen historia barrial. A In\u00e9s le interesa saber\u00a0<strong>c\u00f3mo era el Paran\u00e1 antiguo, el curso de patrimonio es una llave a ese universo<\/strong>.<\/span><\/p>\n<p><img decoding=\"async\" loading=\"lazy\" class=\"alignleft size-medium wp-image-1807\" src=\"https:\/\/www.fcedu.uner.edu.ar\/medianayterceraedad2\/wp-content\/uploads\/2017\/07\/IMG_20170420_181958964-300x169.jpg\" alt=\"\" width=\"300\" height=\"169\" srcset=\"https:\/\/www.fcedu.uner.edu.ar\/medianayterceraedad\/wp-content\/uploads\/2017\/07\/IMG_20170420_181958964-300x169.jpg 300w, https:\/\/www.fcedu.uner.edu.ar\/medianayterceraedad\/wp-content\/uploads\/2017\/07\/IMG_20170420_181958964-768x432.jpg 768w, https:\/\/www.fcedu.uner.edu.ar\/medianayterceraedad\/wp-content\/uploads\/2017\/07\/IMG_20170420_181958964.jpg 1024w\" sizes=\"(max-width: 300px) 100vw, 300px\" \/><\/p>\n<p><span style=\"color: #333333;\">La Escuela Normal, el Palacio Municipal, el Colegio Nacional, la Iglesia San Miguel, el Barrio del Tambor, el ferrocarril, el Mercado La Paz, y muchos lugares m\u00e1s que indagar, conocer, recordar. Para los docentes en el curso \u201cParan\u00e1: Historia, Patrimonio Cultural y Legado\u201d:\u00a0<strong>\u201cLas calles y los barrios adquieren relieves que nos hacen so\u00f1ar, pensar, asociar, caminar en ciudades paralelas, todas abri\u00e9ndose paso, ensanch\u00e1ndose, una ciudad en la que cabemos todos\u201d.<\/strong><\/span><\/p>\n<h5><\/h5>\n<p>&nbsp;<\/p>\n<h5><span style=\"color: #333333;\">Miradas de Croquiseros<\/span><\/h5>\n<p><span style=\"color: #333333;\">El movimiento<strong>\u00a0<span style=\"color: #497bbd;\"><a style=\"color: #497bbd;\" href=\"https:\/\/www.facebook.com\/Croquiseros-de-Paran%C3%A1-1152706231480196\/\">Croquiseros de Paran\u00e1<\/a><\/span><\/strong>\u00a0<strong>visit\u00f3 el taller de patrimonio<\/strong>\u00a0para compartir con las y los estudiantes la tarea que realizan capturando directamente lo que observan.<\/span><\/p>\n<p><img decoding=\"async\" loading=\"lazy\" class=\"alignleft size-medium wp-image-1808\" src=\"https:\/\/www.fcedu.uner.edu.ar\/medianayterceraedad2\/wp-content\/uploads\/2017\/07\/IMG_20170511_180837800-300x169.jpg\" alt=\"\" width=\"300\" height=\"169\" srcset=\"https:\/\/www.fcedu.uner.edu.ar\/medianayterceraedad\/wp-content\/uploads\/2017\/07\/IMG_20170511_180837800-300x169.jpg 300w, https:\/\/www.fcedu.uner.edu.ar\/medianayterceraedad\/wp-content\/uploads\/2017\/07\/IMG_20170511_180837800-768x432.jpg 768w, https:\/\/www.fcedu.uner.edu.ar\/medianayterceraedad\/wp-content\/uploads\/2017\/07\/IMG_20170511_180837800.jpg 1024w\" sizes=\"(max-width: 300px) 100vw, 300px\" \/><\/p>\n<p><span style=\"color: #333333;\"><strong>El jueves 11 de mayo conversaron en el marco del curso sobre sus miradas de la ciudad<\/strong>, la diversidad de estilos en sus croquis, los caminos recorridos, los lugares elegidos y la construcci\u00f3n expresiva que cada uno hace al momento de captar un sitio, una historia, un instante.<\/span><\/p>\n<p><span style=\"color: #333333;\">A su vez los estudiantes hicieron m\u00faltiples preguntas, opinaron, expresaron sus perspectivas de una Paran\u00e1 que se activa a trav\u00e9s de trazos y palabras.<\/span><\/p>\n<p>&nbsp;<\/p>\n<p>&nbsp;<\/p>\n","protected":false},"excerpt":{"rendered":"<p>El Taller \u201cParan\u00e1: Historia, Patrimonio Cultural y legado\u201d es una propuesta del Departamento de la Mediana y la Tercera Edad para revelar lugares, compartir memorias y re-descubrir los signos hist\u00f3ricos de nuestra capital. Paran\u00e1 se proyecta y se desgrana en un aula. A la evocaci\u00f3n de los docentes se enlazan las experiencias de las y&#8230; <\/p>\n<div class=\"clear\"><\/div>\n<p><a href=\"https:\/\/www.fcedu.uner.edu.ar\/medianayterceraedad\/?p=1804\" class=\"excerpt-read-more\">Read More<i class=\"fa fa-caret-right icon-caret-right\"><\/i><\/a><\/p>\n","protected":false},"author":1,"featured_media":1992,"comment_status":"open","ping_status":"open","sticky":false,"template":"","format":"gallery","meta":{"footnotes":""},"categories":[1],"tags":[],"_links":{"self":[{"href":"https:\/\/www.fcedu.uner.edu.ar\/medianayterceraedad\/index.php?rest_route=\/wp\/v2\/posts\/1804"}],"collection":[{"href":"https:\/\/www.fcedu.uner.edu.ar\/medianayterceraedad\/index.php?rest_route=\/wp\/v2\/posts"}],"about":[{"href":"https:\/\/www.fcedu.uner.edu.ar\/medianayterceraedad\/index.php?rest_route=\/wp\/v2\/types\/post"}],"author":[{"embeddable":true,"href":"https:\/\/www.fcedu.uner.edu.ar\/medianayterceraedad\/index.php?rest_route=\/wp\/v2\/users\/1"}],"replies":[{"embeddable":true,"href":"https:\/\/www.fcedu.uner.edu.ar\/medianayterceraedad\/index.php?rest_route=%2Fwp%2Fv2%2Fcomments&post=1804"}],"version-history":[{"count":6,"href":"https:\/\/www.fcedu.uner.edu.ar\/medianayterceraedad\/index.php?rest_route=\/wp\/v2\/posts\/1804\/revisions"}],"predecessor-version":[{"id":1994,"href":"https:\/\/www.fcedu.uner.edu.ar\/medianayterceraedad\/index.php?rest_route=\/wp\/v2\/posts\/1804\/revisions\/1994"}],"wp:featuredmedia":[{"embeddable":true,"href":"https:\/\/www.fcedu.uner.edu.ar\/medianayterceraedad\/index.php?rest_route=\/wp\/v2\/media\/1992"}],"wp:attachment":[{"href":"https:\/\/www.fcedu.uner.edu.ar\/medianayterceraedad\/index.php?rest_route=%2Fwp%2Fv2%2Fmedia&parent=1804"}],"wp:term":[{"taxonomy":"category","embeddable":true,"href":"https:\/\/www.fcedu.uner.edu.ar\/medianayterceraedad\/index.php?rest_route=%2Fwp%2Fv2%2Fcategories&post=1804"},{"taxonomy":"post_tag","embeddable":true,"href":"https:\/\/www.fcedu.uner.edu.ar\/medianayterceraedad\/index.php?rest_route=%2Fwp%2Fv2%2Ftags&post=1804"}],"curies":[{"name":"wp","href":"https:\/\/api.w.org\/{rel}","templated":true}]}}