{"id":1838,"date":"2016-11-24T14:11:31","date_gmt":"2016-11-24T14:11:31","guid":{"rendered":"http:\/\/www.fcedu.uner.edu.ar\/medianayterceraedad2\/?p=1838"},"modified":"2017-08-30T13:25:30","modified_gmt":"2017-08-30T13:25:30","slug":"muestra-anual-del-departamento-de-la-mediana-y-tercera-edad-de-la-uner","status":"publish","type":"post","link":"https:\/\/www.fcedu.uner.edu.ar\/medianayterceraedad\/?p=1838","title":{"rendered":"Comenz\u00f3 la Muestra Anual del Departamento de la Mediana y Tercera Edad de la UNER"},"content":{"rendered":"<h5>\n<h3 class=\"gdlr-heading-shortcode \"  style=\"color: #00c768;font-size: 20px;font-weight: bold;\" ><i class=\"fa fa-pencil \" ><\/i>Producciones del Taller de Producci\u00f3n Period\u00edstica \u00abTomo la Palabra\u00bb<\/h3>\n<\/h5>\n<hr \/>\n<h4><strong><span style=\"color: #333333;\">Adultos mayores y educaci\u00f3n<\/span><\/strong><\/h4>\n<p style=\"text-align: right;\"><span style=\"color: #333333;\"><em>Patricia Piani y Jaime Alexenicer<\/em><\/span><br \/>\n<span style=\"color: #333333;\"><em>Alumnos del taller \u00abTomo la palabra\u00bb<\/em><\/span><\/p>\n<p><span style=\"color: #333333;\"><strong>El mi\u00e9rcoles 23 de noviembre en el auditorio Rodolfo Walsh se llev\u00f3 a cabo la primera jornada de la\u00a0Muestra Anual del Departamento de la Mediana Edad de la Facultad de Ciencias de la Educaci\u00f3n.<\/strong><\/span><\/p>\n<p><span style=\"color: #333333;\">Con la presencia de la\u00a0<strong>decana de la Facultad de Ciencias de la Educaci\u00f3n, la magister Gabriela Bergom\u00e1s<\/strong>, la presentaci\u00f3n comenz\u00f3 con\u00a0<strong>palabras de bienvenida de una de las co-coordinadoras del Departamento, la\u00a0profesora Rosario Montiel<\/strong>, quien destac\u00f3 las distintas actividades realizadas durante el Ciclo Lectivo 2016 y uno a uno los distintos cursos y talleres fueron mostrando sus producciones.<\/span><\/p>\n<p><img decoding=\"async\" loading=\"lazy\" class=\"alignleft size-medium wp-image-1839\" src=\"https:\/\/www.fcedu.uner.edu.ar\/medianayterceraedad2\/wp-content\/uploads\/2017\/07\/Ajedrez-muestra-300x169.jpg\" alt=\"\" width=\"300\" height=\"169\" srcset=\"https:\/\/www.fcedu.uner.edu.ar\/medianayterceraedad\/wp-content\/uploads\/2017\/07\/Ajedrez-muestra-300x169.jpg 300w, https:\/\/www.fcedu.uner.edu.ar\/medianayterceraedad\/wp-content\/uploads\/2017\/07\/Ajedrez-muestra.jpg 500w\" sizes=\"(max-width: 300px) 100vw, 300px\" \/><\/p>\n<p><span style=\"color: #333333;\">Primeramente el\u00a0<strong>taller de Ajedrez<\/strong>\u00a0realiz\u00f3 una<strong>\u00a0exposici\u00f3n relativa al inicio del juego en \u00e9pocas remotas\u00a0<\/strong>y uno de sus alumnos Mario Vel\u00e1zquez, un jugador apasionado que retomo el gusto por el tablero despu\u00e9s de 20 a\u00f1os de inactividad, cont\u00f3\u00a0que encontr\u00f3 en la UNER un espacio de crecimiento e intercambio.<\/span><\/p>\n<p><span style=\"color: #333333;\">Luego fue el turno del\u00a0<strong>taller de radio\u00a0<span style=\"color: #497bbd;\"><a style=\"color: #497bbd;\" href=\"https:\/\/web.facebook.com\/bocaslibres\/?fref=ts\">\u201cBocas libres<\/a><\/span><\/strong><span style=\"color: #497bbd;\"><a style=\"color: #497bbd;\" href=\"https:\/\/web.facebook.com\/bocaslibres\/?fref=ts\">\u201d<\/a><\/span>\u00a0donde los alumnos presentaron un<strong>\u00a0radioteatro producido por ellos mismos titulado \u201cEl amor no tiene edad\u201d<\/strong>, dej\u00e1ndonos como mensaje el poder de decisi\u00f3n, la libertad y el derecho al amor entre los adultos mayores. La presentaci\u00f3n del taller\u00a0<strong>Tai Chi Chuan nivel inicial<\/strong>\u00a0coordinado por la profesora\u00a0<strong>Nancy Lara<\/strong>\u00a0se desarroll\u00f3 a cabo en un ambiente muy distendido, con m\u00fasica muy suave de fondo y un apacible silencio, las alumnas dejaron como ense\u00f1anza que<strong>\u00a0\u201cnada en el mundo es m\u00e1s suave que el agua, sin embargo nada tiene m\u00e1s fuerza\u201d.<\/strong><\/span><\/p>\n<p><span style=\"color: #333333;\">A continuaci\u00f3n el<strong>\u00a0Aula Abierta Itinerante de la ciudad de Crespo present\u00f3 su propuesta \u201cEl huevo o la gallina\u201d<\/strong>, un rescate de relatos y memorias de la actividad av\u00edcola desarrollada desde hace muchos a\u00f1os en esta ciudad. A la vez en hall de la facultad de<strong>expusieron las fotograf\u00edas del Taller de las Aulas Abiertas Itinerante de Cerrito<\/strong>, producciones que mostraban una excelente calidad interpretativa.<\/span><\/p>\n<p><span style=\"color: #333333;\">Continu\u00f3 la muestra con\u00a0<strong>mon\u00f3logos de dos alumnas del taller de Recreaci\u00f3n Dram\u00e1tica Avanzada<\/strong>\u00a0con la\u00a0<strong>direcci\u00f3n de la Sra. Rosario Montiel<\/strong>, los cuales los cuales recibieron fuertes aplausos y ovaciones de los concurrentes.<\/span><\/p>\n<p><img decoding=\"async\" loading=\"lazy\" class=\"alignleft size-medium wp-image-1840\" src=\"https:\/\/www.fcedu.uner.edu.ar\/medianayterceraedad2\/wp-content\/uploads\/2017\/07\/Radio-Muestra-300x169.jpg\" alt=\"\" width=\"300\" height=\"169\" srcset=\"https:\/\/www.fcedu.uner.edu.ar\/medianayterceraedad\/wp-content\/uploads\/2017\/07\/Radio-Muestra-300x169.jpg 300w, https:\/\/www.fcedu.uner.edu.ar\/medianayterceraedad\/wp-content\/uploads\/2017\/07\/Radio-Muestra.jpg 640w\" sizes=\"(max-width: 300px) 100vw, 300px\" \/><\/p>\n<p><span style=\"color: #333333;\">Finalizando la jornada las integrantes del\u00a0<strong>Taller Literario coordinado por el periodista Fabi\u00e1n Reato leyeron algunas producciones<\/strong>, cerrando con\u00a0<strong>el grupo Las Guachinangas, quienes deleitaron a los presentes con sus canciones.<\/strong><\/span><\/p>\n<p><span style=\"color: #333333;\">La Muestra Anual\u00a0<strong>continuar\u00e1 los d\u00edas 30 de noviembre y 7 de diciembre en el mismo lugar<\/strong>, a las 18:30 horas, con entrada libre y gratuita y abierta a todo p\u00fablico.<\/span><\/p>\n<p>&nbsp;<\/p>\n<p>&nbsp;<\/p>\n<h6 style=\"text-align: right;\">Noviembre de 2016<\/h6>\n","protected":false},"excerpt":{"rendered":"<p>Adultos mayores y educaci\u00f3n Patricia Piani y Jaime Alexenicer Alumnos del taller \u00abTomo la palabra\u00bb El mi\u00e9rcoles 23 de noviembre en el auditorio Rodolfo Walsh se llev\u00f3 a cabo la primera jornada de la\u00a0Muestra Anual del Departamento de la Mediana Edad de la Facultad de Ciencias de la Educaci\u00f3n. Con la presencia de la\u00a0decana de&#8230; <\/p>\n<div class=\"clear\"><\/div>\n<p><a href=\"https:\/\/www.fcedu.uner.edu.ar\/medianayterceraedad\/?p=1838\" class=\"excerpt-read-more\">Read More<i class=\"fa fa-caret-right icon-caret-right\"><\/i><\/a><\/p>\n","protected":false},"author":1,"featured_media":1841,"comment_status":"open","ping_status":"open","sticky":false,"template":"","format":"gallery","meta":{"footnotes":""},"categories":[26],"tags":[27],"_links":{"self":[{"href":"https:\/\/www.fcedu.uner.edu.ar\/medianayterceraedad\/index.php?rest_route=\/wp\/v2\/posts\/1838"}],"collection":[{"href":"https:\/\/www.fcedu.uner.edu.ar\/medianayterceraedad\/index.php?rest_route=\/wp\/v2\/posts"}],"about":[{"href":"https:\/\/www.fcedu.uner.edu.ar\/medianayterceraedad\/index.php?rest_route=\/wp\/v2\/types\/post"}],"author":[{"embeddable":true,"href":"https:\/\/www.fcedu.uner.edu.ar\/medianayterceraedad\/index.php?rest_route=\/wp\/v2\/users\/1"}],"replies":[{"embeddable":true,"href":"https:\/\/www.fcedu.uner.edu.ar\/medianayterceraedad\/index.php?rest_route=%2Fwp%2Fv2%2Fcomments&post=1838"}],"version-history":[{"count":8,"href":"https:\/\/www.fcedu.uner.edu.ar\/medianayterceraedad\/index.php?rest_route=\/wp\/v2\/posts\/1838\/revisions"}],"predecessor-version":[{"id":2002,"href":"https:\/\/www.fcedu.uner.edu.ar\/medianayterceraedad\/index.php?rest_route=\/wp\/v2\/posts\/1838\/revisions\/2002"}],"wp:featuredmedia":[{"embeddable":true,"href":"https:\/\/www.fcedu.uner.edu.ar\/medianayterceraedad\/index.php?rest_route=\/wp\/v2\/media\/1841"}],"wp:attachment":[{"href":"https:\/\/www.fcedu.uner.edu.ar\/medianayterceraedad\/index.php?rest_route=%2Fwp%2Fv2%2Fmedia&parent=1838"}],"wp:term":[{"taxonomy":"category","embeddable":true,"href":"https:\/\/www.fcedu.uner.edu.ar\/medianayterceraedad\/index.php?rest_route=%2Fwp%2Fv2%2Fcategories&post=1838"},{"taxonomy":"post_tag","embeddable":true,"href":"https:\/\/www.fcedu.uner.edu.ar\/medianayterceraedad\/index.php?rest_route=%2Fwp%2Fv2%2Ftags&post=1838"}],"curies":[{"name":"wp","href":"https:\/\/api.w.org\/{rel}","templated":true}]}}