{"id":1843,"date":"2016-09-26T14:15:17","date_gmt":"2016-09-26T14:15:17","guid":{"rendered":"http:\/\/www.fcedu.uner.edu.ar\/medianayterceraedad2\/?p=1843"},"modified":"2017-08-30T12:33:18","modified_gmt":"2017-08-30T12:33:18","slug":"participacion-del-dmyte-en-las-v-jornadas-de-educacion-organizadas-por-estudiantes-de-la-facultad","status":"publish","type":"post","link":"https:\/\/www.fcedu.uner.edu.ar\/medianayterceraedad\/?p=1843","title":{"rendered":"Participaci\u00f3n del DMyTE en las V Jornadas de Educaci\u00f3n organizadas por estudiantes de la facultad"},"content":{"rendered":"<p><span style=\"color: #333333;\">Por quinto a\u00f1o consecutivo los estudiantes de\u00a0<strong>Ciencias de la Educaci\u00f3n<\/strong>\u00a0buscan generar un espacio para debatir, discutir y posicionarse pol\u00edticamente en torno a la propia formaci\u00f3n al interior de la Universidad P\u00fablica, la situaci\u00f3n educativa en nuestro pa\u00eds y regi\u00f3n y el futuro desempe\u00f1o como trabajadores de la educaci\u00f3n. En ese marco, estudiantes del<strong>\u00a0Departamento de la Mediana y Tercera Edad<\/strong>\u00a0fueron convocados para presentar diversas producciones en las\u00a0<strong>V Jornadas de Educaci\u00f3n: \u201cEl desaf\u00edo de educar: Nuevos interrogantes en tiempos de lucha\u201d.<\/strong><\/span><\/p>\n<p><span style=\"color: #333333;\">Se trata de una propuesta de la<strong>\u00a0<span style=\"color: #497bbd;\"><a style=\"color: #497bbd;\" href=\"https:\/\/www.facebook.com\/Comisi%C3%B3n-de-Educaci%C3%B3n-Fcedu-UNER-1535553339992715\/?fref=ts\">Comisi\u00f3n de Estudiantes de Educaci\u00f3n de la FCEDU<\/a><\/span><\/strong>, y tendr\u00e1 lugar los d\u00edas\u00a0<strong>26, 27 y 28 de septiembre<\/strong>\u00a0en nuestra casa de estudios. Expondr\u00e1n estudiantes del\u00a0<strong>Taller de Canto, Recreaci\u00f3n Dram\u00e1tica y Club de Narradores.<\/strong><\/span><\/p>\n<h5><\/h5>\n<h5><span style=\"color: #333333;\"><strong>Las Jornadas<\/strong><\/span><\/h5>\n<p><span style=\"color: #333333;\">En 2016 los ejes que convocan a las<strong>\u00a0V Jornadas de Educaci\u00f3n<\/strong>\u00a0son las\u00a0<strong>Problem\u00e1ticas en educaci\u00f3n y salud<\/strong>, donde se abordar\u00e1 los consumos problem\u00e1ticos de sustancias, la fumigaci\u00f3n en escuelas rurales, y el fracking;\u00a0<strong>Alternativas Pedag\u00f3gicas: Nuevos v\u00ednculos en diferentes contextos<\/strong>; para debatir sobre la potencia que tiene pensar a las instituciones educativas como formadoras de subjetividades en los ni\u00f1os, j\u00f3venes, y adultos que las habitan. Y por \u00faltimo\u00a0<strong>La educaci\u00f3n como derecho pol\u00edtico<\/strong>, donde se discutir\u00e1 la educaci\u00f3n como proyecto pol\u00edtico y la coyuntura socio-pol\u00edtica en donde se desarrolla.<\/span><\/p>\n<h5><\/h5>\n<h5><span style=\"color: #333333;\"><strong>Participaci\u00f3n cultural del Departamento<\/strong><\/span><\/h5>\n<p><span style=\"color: #333333;\">El\u00a0<strong>Departamento de la Mediana y Tercera Edad<\/strong>\u00a0est\u00e1 convocado a ser parte de este encuentro en tanto espacio de educaci\u00f3n no formal que se desarrolla en el seno mismo de la facultad, y que tambi\u00e9n trabaja en m\u00faltiples contextos y con diversidad de vejeces.<\/span><\/p>\n<p><span style=\"color: #333333;\">Es en ese sentido, que estudiantes del DMyTE participar\u00e1n a modo de cierre de las dos primeros d\u00edas de las V Jornadas de Educaci\u00f3n. El lunes 26 de septiembre el\u00a0<strong>Taller de Recreaci\u00f3n dram\u00e1tica avanzado<\/strong>coordinado por la\u00a0<strong>Prof. Rosario Montiel<\/strong>\u00a0presentar\u00e1 el monologo\u00a0<strong>\u201cDelete\u201d de Natalia Albornoz<\/strong>interpretado por la estudiante\u00a0<strong>Iridia Escobar<\/strong>, mientras que el T<strong>aller de Canto \u201cPregoneros del Paran\u00e1\u201d<\/strong>\u00a0a cargo de la\u00a0<strong>Prof. Silvina Gonz\u00e1lez<\/strong>\u00a0brindar\u00e1 una selecci\u00f3n de canciones del repertorio popular. En tanto el martes 27 ser\u00e1 el turno del\u00a0<strong>Club de Narradores<\/strong>\u00a0coordinado por\u00a0<strong>Prof. Mirta Cossia de Pacher<\/strong>, los cuentos llegar\u00e1n en la voz de la narradora\u00a0<strong>Dady Grand<\/strong>. Ese d\u00eda tambi\u00e9n el\u00a0<strong>Taller de Recreaci\u00f3n dram\u00e1tica avanzado<\/strong>\u00a0mostrar\u00e1 el Mon\u00f3logo: \u201c<strong>Proyecto vida\u201d de\u00a0Nuria\u00a0Roig<\/strong>, con la actuaci\u00f3n de la estudiante\u00a0<strong>Marta Gabiud.<\/strong>\u00a0Las intervenciones tendr\u00e1n lugar en el\u00a0<strong>Auditorio Rodolfo Walsh<\/strong>\u00a0de la\u00a0<span style=\"color: #497bbd;\"><strong><a style=\"color: #497bbd;\" href=\"https:\/\/www.fcedu.uner.edu.ar\/medianayterceraedad\/?p=1025&amp;preview=true\">Facultad de Ciencias de la Educaci\u00f3n<\/a><\/strong><\/span>, Buenos Aires 389, alrededor de las 19:30.<\/span><\/p>\n<p><span style=\"color: #333333;\">De esta forma el Departamento trabaja articuladamente con los estudiantes de educaci\u00f3n para promover el protagonismo de las personas mayores, el v\u00ednculo intergeneracional, la participaci\u00f3n comunitaria, y la construcci\u00f3n de lazos en tanto actores universitarios.<\/span><br \/>\n<span style=\"color: #333333;\">Asimismo las acciones del DMyTE se suman a otras actividades culturales que se estar\u00e1n realizando en el marco de las V Jornadas de Educaci\u00f3n y que culminan con una Jornada Cultural el mi\u00e9rcoles 28 en la Plaza Alvear a las 18:00.<\/span><\/p>\n<p>&nbsp;<\/p>\n<h6 style=\"text-align: right;\"><span style=\"color: #333333;\">Septiembre de 2016<\/span><\/h6>\n<p>&nbsp;<\/p>\n","protected":false},"excerpt":{"rendered":"<p>Por quinto a\u00f1o consecutivo los estudiantes de\u00a0Ciencias de la Educaci\u00f3n\u00a0buscan generar un espacio para debatir, discutir y posicionarse pol\u00edticamente en torno a la propia formaci\u00f3n al interior de la Universidad P\u00fablica, la situaci\u00f3n educativa en nuestro pa\u00eds y regi\u00f3n y el futuro desempe\u00f1o como trabajadores de la educaci\u00f3n. En ese marco, estudiantes del\u00a0Departamento de la&#8230; <\/p>\n<div class=\"clear\"><\/div>\n<p><a href=\"https:\/\/www.fcedu.uner.edu.ar\/medianayterceraedad\/?p=1843\" class=\"excerpt-read-more\">Read More<i class=\"fa fa-caret-right icon-caret-right\"><\/i><\/a><\/p>\n","protected":false},"author":1,"featured_media":1802,"comment_status":"open","ping_status":"open","sticky":false,"template":"","format":"gallery","meta":{"footnotes":""},"categories":[1],"tags":[],"_links":{"self":[{"href":"https:\/\/www.fcedu.uner.edu.ar\/medianayterceraedad\/index.php?rest_route=\/wp\/v2\/posts\/1843"}],"collection":[{"href":"https:\/\/www.fcedu.uner.edu.ar\/medianayterceraedad\/index.php?rest_route=\/wp\/v2\/posts"}],"about":[{"href":"https:\/\/www.fcedu.uner.edu.ar\/medianayterceraedad\/index.php?rest_route=\/wp\/v2\/types\/post"}],"author":[{"embeddable":true,"href":"https:\/\/www.fcedu.uner.edu.ar\/medianayterceraedad\/index.php?rest_route=\/wp\/v2\/users\/1"}],"replies":[{"embeddable":true,"href":"https:\/\/www.fcedu.uner.edu.ar\/medianayterceraedad\/index.php?rest_route=%2Fwp%2Fv2%2Fcomments&post=1843"}],"version-history":[{"count":4,"href":"https:\/\/www.fcedu.uner.edu.ar\/medianayterceraedad\/index.php?rest_route=\/wp\/v2\/posts\/1843\/revisions"}],"predecessor-version":[{"id":1984,"href":"https:\/\/www.fcedu.uner.edu.ar\/medianayterceraedad\/index.php?rest_route=\/wp\/v2\/posts\/1843\/revisions\/1984"}],"wp:featuredmedia":[{"embeddable":true,"href":"https:\/\/www.fcedu.uner.edu.ar\/medianayterceraedad\/index.php?rest_route=\/wp\/v2\/media\/1802"}],"wp:attachment":[{"href":"https:\/\/www.fcedu.uner.edu.ar\/medianayterceraedad\/index.php?rest_route=%2Fwp%2Fv2%2Fmedia&parent=1843"}],"wp:term":[{"taxonomy":"category","embeddable":true,"href":"https:\/\/www.fcedu.uner.edu.ar\/medianayterceraedad\/index.php?rest_route=%2Fwp%2Fv2%2Fcategories&post=1843"},{"taxonomy":"post_tag","embeddable":true,"href":"https:\/\/www.fcedu.uner.edu.ar\/medianayterceraedad\/index.php?rest_route=%2Fwp%2Fv2%2Ftags&post=1843"}],"curies":[{"name":"wp","href":"https:\/\/api.w.org\/{rel}","templated":true}]}}