{"id":1914,"date":"2017-07-31T18:42:49","date_gmt":"2017-07-31T18:42:49","guid":{"rendered":"http:\/\/www.fcedu.uner.edu.ar\/medianayterceraedad\/?p=1914"},"modified":"2017-08-30T13:13:44","modified_gmt":"2017-08-30T13:13:44","slug":"el-viejo-tranvia","status":"publish","type":"post","link":"https:\/\/www.fcedu.uner.edu.ar\/medianayterceraedad\/?p=1914","title":{"rendered":"El viejo tranv\u00eda"},"content":{"rendered":"<p><span style=\"color: #333333;\"><\/p>\n<h3 class=\"gdlr-heading-shortcode \"  style=\"color: #00c768;font-size: 20px;font-weight: bold;\" ><i class=\"fa fa-pencil \" ><\/i>Producciones del Taller \u00abParan\u00e1: Historia, Patrimonio Cultural y Legado\u00bb <\/h3>\n<p><\/span><\/p>\n<hr \/>\n<h5><span style=\"color: #00c768;\"><strong>El viejo tranv\u00eda<\/strong><\/span><\/h5>\n<p style=\"text-align: right;\"><span style=\"color: #333333;\"><em>*Por Mar\u00eda In\u00e9s Bacigalupo<\/em><\/span><\/p>\n<p style=\"text-align: right;\"><span style=\"color: #333333;\"><em>Estudiante del Taller \u00abParan\u00e1: Historia, Partrimonio Cultural y Legado\u00bb<\/em><\/span><\/p>\n<p><span style=\"color: #333333;\">De los a\u00f1os de mi infancia,<strong>\u00a0el tranv\u00eda es uno de los recuerdos m\u00e1s gratos de evocar.\u00a0<\/strong>La esquina de calles Santa Fe y 25 de junio era una de sus paradas, justo frente al viejo almac\u00e9n de Don Minardi. Esper\u00e1bamos verlo aparecer por el Norte subiendo la cuesta de calle Santa Fe donde -debido a la naturaleza del terreno- lo primero que se divisaba era esa larga varilla que conectaba el tranv\u00eda al cableado el\u00e9ctrico. Luego, aparec\u00eda el n\u00famero que lo identificaba. El N\u00b0 1 iba hacia el centro, el N\u00b0 5 a la Estaci\u00f3n de trenes y el N\u00b0 2 llevaba al cementerio. Finalmente se escuchaba el t\u00edpico traqueteo y desliz\u00e1ndose sobre los rieles, aparec\u00eda el colosal aparato de hierro sacando chispas.<\/span><\/p>\n<p><span style=\"color: #333333;\"><\/p>\n<div class=\"gdlr-frame-shortcode gdlr-align-left\">\n<div class=\"gdlr-frame frame-type-solid\"  style=\"background-color: #00c768;\" >\n<div class=\"gdlr-image-link-shortcode\" style=\"max-width: 310px\" ><img decoding=\"async\" src=\"https:\/\/www.fcedu.uner.edu.ar\/medianayterceraedad\/wp-content\/uploads\/sites\/4\/2015\/10\/Tranvia-1.jpg\" alt=\" \" \/><a href=\"https:\/\/www.fcedu.uner.edu.ar\/medianayterceraedad\/wp-content\/uploads\/sites\/4\/2015\/10\/Tranvia-1.jpg\"  data-rel=\"fancybox\"  target=\"_self\" ><span class=\"gdlr-image-link-overlay\">&nbsp;<\/span><span class=\"gdlr-image-link-icon\"><i class=\"fa fa-search\" ><\/i><\/span><\/a><\/div>\n<\/div>\n<\/div>\n<p><\/span><\/p>\n<p><span style=\"color: #333333;\">El\u00a0<strong>costo del boleto era de cinco centavos<\/strong>\u00a0que el motorman apilaba en monedero de metal de varias compartimentos seg\u00fan su valor. Rara vez los hombres viajaban sentados pues siempre ced\u00edan los lugares a las mujeres, no lo dispon\u00eda una norma, era un acto de caballerosidad.<\/span><\/p>\n<p><span style=\"color: #333333;\">Regres\u00e1bamos en el mismo tranv\u00eda donde el motorman conduc\u00eda en sentido opuesto y los asientos de madera cambiaban de posici\u00f3n. Antes de bajar,<strong>\u00a0los chicos forceje\u00e1bamos por colocarnos cerca del llamador que pis\u00e1bamos una y otra vez, nada m\u00e1s que para escuchar el sonido de la campanilla.<\/strong><\/span><\/p>\n<p><span style=\"color: #333333;\">El motorman conduciendo esa colosal m\u00e1quina de hierro, con su uniforme y su gorra siempre impecables, era el due\u00f1o absoluto de la calle. Nunca perd\u00eda su compostura, sin importar las horas que llevara trabajando. S\u00f3lo recuerdo a un motorman que una vez perdi\u00f3 los estribos, por as\u00ed decirlo. Fue cuando mi t\u00eda abuela, oriunda de Buenos Aires, intervino en una conversaci\u00f3n casual entre pasajeros. Con la osad\u00eda que le permit\u00edan sus canas y haciendo alarde de su impulsivo temperamento, hizo un gesto con el echarpe que llevaba puesto y levantando el tono de voz dijo: \u201cCon esto ahorcar\u00eda a ese mal nacido\u201d. El motorman fren\u00f3 el tranv\u00eda y dirigi\u00e9ndose a ella con respeto, la invit\u00f3 a bajarse por ofender la investidura presidencial. A\u00edda era la hermana mayor de mi abuelo Eudaldo, concejal por la minor\u00eda, que nunca cobr\u00f3 un sueldo porque era un servicio que se brindaba ad honorem.<\/span><\/p>\n<p><span style=\"color: #333333;\"><\/p>\n<div class=\"gdlr-frame-shortcode gdlr-align-right\">\n<div class=\"gdlr-frame frame-type-solid\"  style=\"background-color: #00c768;\" >\n<div class=\"gdlr-image-link-shortcode\" style=\"max-width: 310px\" ><img decoding=\"async\" src=\"https:\/\/www.fcedu.uner.edu.ar\/medianayterceraedad\/wp-content\/uploads\/sites\/4\/2015\/10\/tranvia2.jpg\" alt=\" \" \/><a href=\"https:\/\/www.fcedu.uner.edu.ar\/medianayterceraedad\/wp-content\/uploads\/sites\/4\/2015\/10\/tranvia2.jpg\"  data-rel=\"fancybox\"  target=\"_self\" ><span class=\"gdlr-image-link-overlay\">&nbsp;<\/span><span class=\"gdlr-image-link-icon\"><i class=\"fa fa-search\" ><\/i><\/span><\/a><\/div>\n<\/div>\n<\/div>\n<p><\/span><\/p>\n<p><span style=\"color: #333333;\">En calle Santa Fe, cerca de la parada, en una pensi\u00f3n viv\u00eda Do\u00f1a Pepa quien \u2013seg\u00fan trascendidos de la \u00e9poca- hab\u00eda casado y enviudado varias veces. Para paliar las horas de soledad Do\u00f1a Pepa menudo tomaba el tranv\u00eda y hac\u00eda el recorrido como si fuera un tour de viaje y hasta llevaba alguna merienda para degustar en el trayecto. Era abuela del reconocido fot\u00f3grafo Luis Pasquet. En esa \u00e9poca, las calles estaban adoquinadas y el tr\u00e1nsito era escaso, en consecuencia los padres nos autorizaban a jugar en la vereda.<\/span><\/p>\n<p><span style=\"color: #333333;\">Transcurrido el tiempo, el tranv\u00eda fue sacado de circulaci\u00f3n y las calles adoquinadas fueron cubiertas por capas de asfalto.<\/span><\/p>\n<p><span style=\"color: #333333;\">En un terreno bald\u00edo de la zona Sur de la ciudad, hubo un viejo tranv\u00eda abandonado que alguien transform\u00f3 en una modesta aula de barrio. Era un paisaje muy extra\u00f1o de ver: los ni\u00f1os con sus gualdapolvos blancos y la maestra dando clases.<strong>\u00a0El tiempo pas\u00f3 y el pastizal fue cubriendo paulatinamente la vieja carcasa que la inclemencia del tiempo transform\u00f3 en chatarra, y all\u00ed qued\u00f3, el viejo tranv\u00eda cubierto de herrumbre y olvido.<\/strong><\/span><\/p>\n<div class=\"embed\"><span style=\"color: #333333;\">\u00a0*Fotograf\u00edas de\u00a0Juan Jos\u00e9 Battistutti &#8211; Comisi\u00f3n de Homenaje Permanente al Tranv\u00eda Paranaense\u00a0en\u00a0Hace 54 a\u00f1os circulaban por \u00faltima vez los tranv\u00edas en Paran\u00e1 (20 de julio de 2016)\u00a0<a style=\"color: #333333;\" href=\"http:\/\/www.elonce.com\">EL ONCE.<\/a>\u00a0Disponible en:\u00a0<a style=\"color: #333333;\" href=\"http:\/\/www.elonce.com\/secciones\/sociedad\/469965-hace-54-anos-circulaban-por-nltima-vez-los-tranvnas-en-paranna.htm\">http:\/\/www.elonce.com\/secciones\/sociedad\/469965-hace-54-anos-circulaban-por-nltima-vez-los-tranvnas-en-paranna.htm<\/a><\/span><\/div>\n<p>&nbsp;<\/p>\n","protected":false},"excerpt":{"rendered":"<p>El viejo tranv\u00eda *Por Mar\u00eda In\u00e9s Bacigalupo Estudiante del Taller \u00abParan\u00e1: Historia, Partrimonio Cultural y Legado\u00bb De los a\u00f1os de mi infancia,\u00a0el tranv\u00eda es uno de los recuerdos m\u00e1s gratos de evocar.\u00a0La esquina de calles Santa Fe y 25 de junio era una de sus paradas, justo frente al viejo almac\u00e9n de Don Minardi. Esper\u00e1bamos&#8230; <\/p>\n<div class=\"clear\"><\/div>\n<p><a href=\"https:\/\/www.fcedu.uner.edu.ar\/medianayterceraedad\/?p=1914\" class=\"excerpt-read-more\">Read More<i class=\"fa fa-caret-right icon-caret-right\"><\/i><\/a><\/p>\n","protected":false},"author":1,"featured_media":1919,"comment_status":"open","ping_status":"open","sticky":false,"template":"","format":"standard","meta":{"footnotes":""},"categories":[26],"tags":[27],"_links":{"self":[{"href":"https:\/\/www.fcedu.uner.edu.ar\/medianayterceraedad\/index.php?rest_route=\/wp\/v2\/posts\/1914"}],"collection":[{"href":"https:\/\/www.fcedu.uner.edu.ar\/medianayterceraedad\/index.php?rest_route=\/wp\/v2\/posts"}],"about":[{"href":"https:\/\/www.fcedu.uner.edu.ar\/medianayterceraedad\/index.php?rest_route=\/wp\/v2\/types\/post"}],"author":[{"embeddable":true,"href":"https:\/\/www.fcedu.uner.edu.ar\/medianayterceraedad\/index.php?rest_route=\/wp\/v2\/users\/1"}],"replies":[{"embeddable":true,"href":"https:\/\/www.fcedu.uner.edu.ar\/medianayterceraedad\/index.php?rest_route=%2Fwp%2Fv2%2Fcomments&post=1914"}],"version-history":[{"count":4,"href":"https:\/\/www.fcedu.uner.edu.ar\/medianayterceraedad\/index.php?rest_route=\/wp\/v2\/posts\/1914\/revisions"}],"predecessor-version":[{"id":2024,"href":"https:\/\/www.fcedu.uner.edu.ar\/medianayterceraedad\/index.php?rest_route=\/wp\/v2\/posts\/1914\/revisions\/2024"}],"wp:featuredmedia":[{"embeddable":true,"href":"https:\/\/www.fcedu.uner.edu.ar\/medianayterceraedad\/index.php?rest_route=\/wp\/v2\/media\/1919"}],"wp:attachment":[{"href":"https:\/\/www.fcedu.uner.edu.ar\/medianayterceraedad\/index.php?rest_route=%2Fwp%2Fv2%2Fmedia&parent=1914"}],"wp:term":[{"taxonomy":"category","embeddable":true,"href":"https:\/\/www.fcedu.uner.edu.ar\/medianayterceraedad\/index.php?rest_route=%2Fwp%2Fv2%2Fcategories&post=1914"},{"taxonomy":"post_tag","embeddable":true,"href":"https:\/\/www.fcedu.uner.edu.ar\/medianayterceraedad\/index.php?rest_route=%2Fwp%2Fv2%2Ftags&post=1914"}],"curies":[{"name":"wp","href":"https:\/\/api.w.org\/{rel}","templated":true}]}}