{"id":2030,"date":"2017-08-30T14:54:39","date_gmt":"2017-08-30T14:54:39","guid":{"rendered":"http:\/\/www.fcedu.uner.edu.ar\/medianayterceraedad\/?p=2030"},"modified":"2017-08-31T14:40:44","modified_gmt":"2017-08-31T14:40:44","slug":"hacia-un-envejecimiento-saludable","status":"publish","type":"post","link":"https:\/\/www.fcedu.uner.edu.ar\/medianayterceraedad\/?p=2030","title":{"rendered":"Hacia un envejecimiento saludable"},"content":{"rendered":"<h5>\n<h3 class=\"gdlr-heading-shortcode \"  style=\"color: #00c768;font-size: 20px;font-weight: bold;\" ><i class=\"fa fa-pencil \" ><\/i>Producciones del Taller de Producci\u00f3n Period\u00edstica \u00abTomo la Palabra\u00bb<\/h3>\n<\/h5>\n<hr \/>\n<h5><span style=\"color: #333333;\">Entrevista a la Lic. Alejandra Puglisi<\/span><\/h5>\n<div id=\"attachment_2034\" style=\"width: 310px\" class=\"wp-caption alignleft\"><img aria-describedby=\"caption-attachment-2034\" decoding=\"async\" loading=\"lazy\" class=\"size-medium wp-image-2034\" src=\"https:\/\/www.fcedu.uner.edu.ar\/medianayterceraedad\/wp-content\/uploads\/2017\/08\/19554931_1080541955412042_150372768240809140_n-300x272.jpg\" alt=\"\" width=\"300\" height=\"272\" srcset=\"https:\/\/www.fcedu.uner.edu.ar\/medianayterceraedad\/wp-content\/uploads\/2017\/08\/19554931_1080541955412042_150372768240809140_n-300x272.jpg 300w, https:\/\/www.fcedu.uner.edu.ar\/medianayterceraedad\/wp-content\/uploads\/2017\/08\/19554931_1080541955412042_150372768240809140_n.jpg 648w\" sizes=\"(max-width: 300px) 100vw, 300px\" \/><p id=\"caption-attachment-2034\" class=\"wp-caption-text\">Lic. en Psicolog\u00eda y Especialista en Psicogerontolog\u00eda, Alejandra Puglisi<\/p><\/div>\n<p><strong><span style=\"color: #333333;\">En el marco del Taller de Producci\u00f3n Period\u00edstica \u201cTomo la Palabra\u201d perteneciente al Departamento de la Mediana y Tercera Edad (FCEDU) entrevistamos a la Lic. en Psicolog\u00eda y Especialista en Psicogerontolog\u00eda Alejandra Puglisi, para reflexionar en Torno al D\u00eda Mundial de Toma de Conciencia del Abuso y Maltrato en la Vejez, conmemorado el pasado 15 de Junio del corriente.<\/span><\/strong><\/p>\n<p><strong><span style=\"color: #333333;\">-\u00bfCu\u00e1l es tu pr\u00e1ctica laboral en relaci\u00f3n al tema vinculado con violencia, abuso, o maltrato del adulto mayor?<\/span><\/strong><br \/>\n<span style=\"color: #333333;\">Al Hospital (Pascual Palma) llegan casos con situaciones de maltrato pero no espec\u00edficamente maltrato f\u00edsico, sino como una consecuencia del proceso de enfermar de la persona mayor [\u2026] En ese sentido, tenemos un espacio de abordaje familiar donde nos encontramos con la familia y trabajamos sobre lo que le sucede a esa persona porque, en general, un proceso de enfermedad trae como consecuencia una modificaci\u00f3n, no s\u00f3lo en la persona enferma sino en toda la familia, que se tiene que reacomodar a esa problem\u00e1tica, para poder contener esa situaci\u00f3n que puede prolongarse en el tiempo.<\/span><\/p>\n<p><strong><span style=\"color: #333333;\">\u00bfC\u00f3mo se identifica el maltrato en los adultos mayores?<\/span><\/strong><br \/>\n<span style=\"color: #333333;\">En este sentido, en Argentina se realiz\u00f3 una campa\u00f1a llamada \u201cPrograma de Promoci\u00f3n y Buen Trato a los Mayores\u201d que planteaba una serie de indicadores en la persona mayor que deben ser corroborados y evaluados, menciona por ejemplo la desnutrici\u00f3n o deshidrataci\u00f3n, mala higiene corporal, lesiones f\u00edsicas frecuentes o inexplicables, ca\u00eddas reiteradas, trastornos psicol\u00f3gicos como ansiedad o irritabilidad , angustia, trastornos de la memoria, retraimiento y miedo, preocupaci\u00f3n exagerada en relaci\u00f3n a la situaci\u00f3n econ\u00f3mica, son aspectos que se van evaluando cuando se hace una denuncia por maltrato.<\/span><\/p>\n<p><strong><span style=\"color: #333333;\">\u00bfA d\u00f3nde se pueden dirigir los adultos y\/o familiares en estos casos?<\/span><\/strong><br \/>\n<span style=\"color: #333333;\">[\u2026] Cuando se detecta una problem\u00e1tica de violencia hay que dirigirse o a la polic\u00eda para hacer la denuncia o a la Defensor\u00eda de Pobres y Menores en Tribunales luego esas denuncias se elevan al Juzgado de Familia y es el equipo t\u00e9cnico de este Juzgado que interviene en estas situaciones o este Programa Provincial de Violencia Social al que hac\u00eda referencia que queda en calle Uruguay 235 (Tel. 4209658).<\/span><\/p>\n<p><strong><span style=\"color: #333333;\">\u00bfC\u00f3mo se advierte la violencia psicol\u00f3gica?<\/span><\/strong><br \/>\n<span style=\"color: #333333;\">[\u2026] El maltrato psicol\u00f3gico es bastante evidente, porque la persona es desvalorizada o infantilizada o no se la considera con la suficiente autonom\u00eda o que no puede decidir por su cuenta [\u2026] Generalmente cuando hay maltrato f\u00edsico ya ha habido previamente maltrato psicol\u00f3gico. <\/span><\/p>\n<p><span style=\"color: #333333;\">En el Hospital Geri\u00e1trico Pascual Palma: \u00bfUstedes hacen la denuncia o c\u00f3mo es el manejo en este sentido?<\/span><br \/>\n<span style=\"color: #333333;\">El tema de la denuncia es un tema muy complicado porque tiene que estar de acuerdo la persona y muchas veces ese es el punto m\u00e1s complejo porque la persona tiene mucho miedo, porque teme perder al \u00fanico cuidador que tiene [\u2026] Muchas veces esa persona est\u00e1 maltratando y no lo sabe , reacciona como puede, reacciona ante la impotencia que le da el no saber c\u00f3mo atenderlo al otro o como ayudarlo, entonces, ese desconocimiento, ese no saber, genera impotencia, y esa impotencia genera maltrato. Por eso es muy importante todo lo que tiene que ver con la educaci\u00f3n y con los espacios donde se pueda hablar de las dificultades [\u2026]. <\/span><\/p>\n<p><span style=\"color: #333333;\">\u00bfPor qu\u00e9 muchas veces el adulto mayor se comporta como un ni\u00f1o?<\/span><br \/>\n<span style=\"color: #333333;\">Los adultos mayores no son ni\u00f1os y es una de las creencias que est\u00e1n muy instaladas en la comunidad [\u2026] Una persona mayor sana no tiene esas conductas, si las tiene es porque est\u00e1 enferma y si est\u00e1 enferma necesita un tratamiento para estar mejor. Lo que pasa es que muchas veces transformamos al envejecimiento en una enfermedad y hay que diferenciar muy claramente lo que es el envejecimiento de lo que es la enfermedad. [\u2026] Ahora, hay que tener en cuenta que una persona adulta mayor enferma, puede enfermar a todo un n\u00facleo familiar, entonces no estamos viendo ese aspecto ni pudiendo atender esta situaci\u00f3n.<\/span><\/p>\n<p><strong><span style=\"color: #333333;\">\u00bfCu\u00e1l es el abuso m\u00e1s frecuente en los geri\u00e1tricos?<\/span><\/strong><br \/>\n<span style=\"color: #333333;\">[\u2026] En Paran\u00e1 hay muy pocas instituciones geri\u00e1tricas con la habilitaci\u00f3n correspondiente, entonces esta situaci\u00f3n hace que se atienda a las personas sin la adecuada formaci\u00f3n, sin la cantidad de personal que se requiere, con condiciones muy precarias con relaci\u00f3n a la higiene o a la alimentaci\u00f3n. En general, o negligencia o abandono o maltrato psicol\u00f3gico suelen ser situaciones que se presentan por esta falta de habilitaci\u00f3n, control o recursos adecuados. Las residencias con habilitaci\u00f3n pueden dar mayor calidad y atenci\u00f3n en este sentido.<\/span><\/p>\n<p><strong><span style=\"color: #333333;\">\u00bfC\u00f3mo podr\u00eda divulgarse la informaci\u00f3n para poder prevenir este flagelo?<\/span><\/strong><br \/>\n<span style=\"color: #333333;\">En este sentido, ha habido programas nacionales, por ejemplo, hab\u00eda uno que se llamaba Programa de Prevenci\u00f3n de la Discriminaci\u00f3n Abuso y Maltrato de los Adultos Mayores, pero ac\u00e1 en nuestra provincia no se pudo implementar porque los recursos fueron destinados a otros sectores, repito que todav\u00eda en nuestro pa\u00eds no est\u00e1 suficientemente visibilizada la importancia de esta tem\u00e1tica, en general, nos ganan las urgencias. [\u2026]Este programa ten\u00eda cuatro componentes: la capacitaci\u00f3n de equipos t\u00e9cnicos provinciales, la sensibilizaci\u00f3n comunitaria, el fortalecimiento de los adultos mayores y cuidadores informales que son los familiares, y otro era el asesoramiento y derivaci\u00f3n de casos. El tema es que existen iniciativas pero hay que poder implementarlas.<\/span><\/p>\n<p><strong><span style=\"color: #333333;\">\u00bfQu\u00e9 pens\u00e1s sobre el maltrato o abuso que reciben algunos adultos mayores en el trabajo? \u00bfEst\u00e1 recomendado el trabajo para que se mantengan activos?<\/span><\/strong><br \/>\n<span style=\"color: #333333;\">Lo que sucede con las personas mayores en sus lugres de trabajo es que muchas veces se les deja de ofrecer cursos de actualizaci\u00f3n que hace que esas personas dejen de estar en los niveles de requerimiento de los lugares de trabajo, entonces como es alguien que se est\u00e1 por jubilar para qu\u00e9 vamos a invertir en actualizarlo o en capacitarlo, entonces esa persona va quedando en un lugar de cierto relegamiento en relaci\u00f3n al resto de las personas que trabajan y que se siguen perfeccionando o formando. [\u2026] Tampoco hay muchas posibilidades de que esa persona que ha tenido un recorrido laboral de muchos a\u00f1os pueda seguir en el lugar de trabajo capacitando a la gente que reci\u00e9n ingresa, ocupando as\u00ed otro lugar, d\u00e1ndole valor a esa experiencia y a ese conocimiento que esa persona tiene [\u2026].<\/span><\/p>\n<p><strong><span style=\"color: #333333;\">\u00bfEn qu\u00e9 consiste la Tecnicatura en Psicogerontolog\u00eda? \u00bfExisten cuidadores especializados en esta tem\u00e1tica?<\/span><\/strong><br \/>\n<span style=\"color: #333333;\">La Tecnicatura en Psicogerontolog\u00eda es una carrera de pre grado, de tres a\u00f1os, que se hace en la Facultad de Humanidades y Arte de la UADER y que desde 2015 (debido a una cambio en su curr\u00edcula) tiene una formaci\u00f3n espec\u00edfica en la tem\u00e1tica de los adultos mayores y trabaja con promoci\u00f3n, prevenci\u00f3n y atenci\u00f3n de la salud mental de las personas mayores. Esta carrera existe desde el a\u00f1o 2000 al mismo tiempo que se crea la Facultad de Psicolog\u00eda se crean dos tecnicaturas la de Psicogerontolog\u00eda y la Tecnicatura en Acompa\u00f1ante Terap\u00e9utico.\u00a0<\/span><\/p>\n","protected":false},"excerpt":{"rendered":"<p>Entrevista a la Lic. Alejandra Puglisi En el marco del Taller de Producci\u00f3n Period\u00edstica \u201cTomo la Palabra\u201d perteneciente al Departamento de la Mediana y Tercera Edad (FCEDU) entrevistamos a la Lic. en Psicolog\u00eda y Especialista en Psicogerontolog\u00eda Alejandra Puglisi, para reflexionar en Torno al D\u00eda Mundial de Toma de Conciencia del Abuso y Maltrato en&#8230; <\/p>\n<div class=\"clear\"><\/div>\n<p><a href=\"https:\/\/www.fcedu.uner.edu.ar\/medianayterceraedad\/?p=2030\" class=\"excerpt-read-more\">Read More<i class=\"fa fa-caret-right icon-caret-right\"><\/i><\/a><\/p>\n","protected":false},"author":1,"featured_media":2049,"comment_status":"open","ping_status":"open","sticky":false,"template":"","format":"standard","meta":{"footnotes":""},"categories":[26],"tags":[27],"_links":{"self":[{"href":"https:\/\/www.fcedu.uner.edu.ar\/medianayterceraedad\/index.php?rest_route=\/wp\/v2\/posts\/2030"}],"collection":[{"href":"https:\/\/www.fcedu.uner.edu.ar\/medianayterceraedad\/index.php?rest_route=\/wp\/v2\/posts"}],"about":[{"href":"https:\/\/www.fcedu.uner.edu.ar\/medianayterceraedad\/index.php?rest_route=\/wp\/v2\/types\/post"}],"author":[{"embeddable":true,"href":"https:\/\/www.fcedu.uner.edu.ar\/medianayterceraedad\/index.php?rest_route=\/wp\/v2\/users\/1"}],"replies":[{"embeddable":true,"href":"https:\/\/www.fcedu.uner.edu.ar\/medianayterceraedad\/index.php?rest_route=%2Fwp%2Fv2%2Fcomments&post=2030"}],"version-history":[{"count":21,"href":"https:\/\/www.fcedu.uner.edu.ar\/medianayterceraedad\/index.php?rest_route=\/wp\/v2\/posts\/2030\/revisions"}],"predecessor-version":[{"id":2061,"href":"https:\/\/www.fcedu.uner.edu.ar\/medianayterceraedad\/index.php?rest_route=\/wp\/v2\/posts\/2030\/revisions\/2061"}],"wp:featuredmedia":[{"embeddable":true,"href":"https:\/\/www.fcedu.uner.edu.ar\/medianayterceraedad\/index.php?rest_route=\/wp\/v2\/media\/2049"}],"wp:attachment":[{"href":"https:\/\/www.fcedu.uner.edu.ar\/medianayterceraedad\/index.php?rest_route=%2Fwp%2Fv2%2Fmedia&parent=2030"}],"wp:term":[{"taxonomy":"category","embeddable":true,"href":"https:\/\/www.fcedu.uner.edu.ar\/medianayterceraedad\/index.php?rest_route=%2Fwp%2Fv2%2Fcategories&post=2030"},{"taxonomy":"post_tag","embeddable":true,"href":"https:\/\/www.fcedu.uner.edu.ar\/medianayterceraedad\/index.php?rest_route=%2Fwp%2Fv2%2Ftags&post=2030"}],"curies":[{"name":"wp","href":"https:\/\/api.w.org\/{rel}","templated":true}]}}