{"id":2128,"date":"2017-09-27T22:32:17","date_gmt":"2017-09-27T22:32:17","guid":{"rendered":"http:\/\/www.fcedu.uner.edu.ar\/medianayterceraedad\/?p=2128"},"modified":"2017-09-27T22:32:17","modified_gmt":"2017-09-27T22:32:17","slug":"encuentro-intergeneracional-de-ajedrez","status":"publish","type":"post","link":"https:\/\/www.fcedu.uner.edu.ar\/medianayterceraedad\/?p=2128","title":{"rendered":"Encuentro Intergeneracional de Ajedrez"},"content":{"rendered":"<p><span style=\"color: #333333;\"><strong>9 de octubre de 15:00 a 20:00 en la FCEDU-UNER\/ Organiza el Departamento de la Mediana y Tercera Edad y la Federaci\u00f3n Entrerriana de Ajedrez<\/strong><\/span><\/p>\n<hr \/>\n<p><span style=\"color: #333333;\"><img decoding=\"async\" loading=\"lazy\" class=\"alignleft size-medium wp-image-2129\" src=\"https:\/\/www.fcedu.uner.edu.ar\/medianayterceraedad\/wp-content\/uploads\/2017\/09\/Para-Encuentro2-300x201.jpg\" alt=\"\" width=\"300\" height=\"201\" srcset=\"https:\/\/www.fcedu.uner.edu.ar\/medianayterceraedad\/wp-content\/uploads\/2017\/09\/Para-Encuentro2-300x201.jpg 300w, https:\/\/www.fcedu.uner.edu.ar\/medianayterceraedad\/wp-content\/uploads\/2017\/09\/Para-Encuentro2-768x516.jpg 768w, https:\/\/www.fcedu.uner.edu.ar\/medianayterceraedad\/wp-content\/uploads\/2017\/09\/Para-Encuentro2.jpg 800w\" sizes=\"(max-width: 300px) 100vw, 300px\" \/>En el marco de las actividades conmemorativas por el <a href=\"http:\/\/www.un.org\/es\/events\/olderpersonsday\/\"><strong>1\u00ba de Octubre D\u00eda Internacional de las Personas de Edad<\/strong><\/a>, el <strong>Departamento de la Mediana y Tercera Edad<\/strong> realizar\u00e1 un <strong>Encuentro Intergeneracional de Ajedrez<\/strong>. La actividad es organizada por el <strong>Taller de Ajedrez del Departament<\/strong>o en conjunto con la <strong>Federaci\u00f3n Entrerriana de Ajedrez.<\/strong><\/span><\/p>\n<p><span style=\"color: #333333;\">El encuentro tiene como objetivo <strong>promover y fortalecer los v\u00ednculos intergeneracionales<\/strong>. Se trata de habitar juntos los espacios compartidos a trav\u00e9s de un juego que promueve la creatividad, la atenci\u00f3n, el dialogo silencioso a trav\u00e9s de las miradas y de los movimientos.<\/span><\/p>\n<p><span style=\"color: #333333;\">El evento tendr\u00e1 lugar el<strong> lunes 9 de octubre de 15:00 a 20:00<\/strong> en la Facultad de Ciencias de la Educaci\u00f3n UNER, <strong>Alameda de la Federaci\u00f3n 115<\/strong>. Se prev\u00e9 la participaci\u00f3n de las personas mayores que asisten a los talleres de ajedrez, de miembros de la Federaci\u00f3n Entrerriana de Ajedrez y de estudiantes de las carreras de grado de la FCEDU- UNER.<img decoding=\"async\" loading=\"lazy\" class=\"alignright size-medium wp-image-2130\" src=\"https:\/\/www.fcedu.uner.edu.ar\/medianayterceraedad\/wp-content\/uploads\/2017\/09\/para-encuentro-3-300x233.jpg\" alt=\"\" width=\"300\" height=\"233\" srcset=\"https:\/\/www.fcedu.uner.edu.ar\/medianayterceraedad\/wp-content\/uploads\/2017\/09\/para-encuentro-3-300x233.jpg 300w, https:\/\/www.fcedu.uner.edu.ar\/medianayterceraedad\/wp-content\/uploads\/2017\/09\/para-encuentro-3-768x596.jpg 768w, https:\/\/www.fcedu.uner.edu.ar\/medianayterceraedad\/wp-content\/uploads\/2017\/09\/para-encuentro-3.jpg 773w\" sizes=\"(max-width: 300px) 100vw, 300px\" \/><\/span><\/p>\n<p><span style=\"color: #333333;\">Desde el Departamento de la Mediana y Tercera Edad <strong>invitamos a sumarse a esta acci\u00f3n cultural<\/strong>, donde j\u00f3venes y adultos se hallaran en el juego.<\/span><\/p>\n<p><span style=\"color: #333333;\">Por informes o inscripci\u00f3n se puede escribir al correo: departamentotres@gmail.com. O bien dirigirse directamente al lugar donde se realizar\u00e1 la actividad.<\/span><\/p>\n<h5><strong><span style=\"color: #00c768;\">Sobre los Talleres de Ajedrez<\/span><\/strong><\/h5>\n<p><span style=\"color: #333333;\">Entre peones y alfiles, el espacio de los talleres de ajedrez promueve la socializaci\u00f3n, la estimulaci\u00f3n cognitiva, el pensamiento, la reflexi\u00f3n, el desarrollo aut\u00f3nomo y la creatividad. Adem\u00e1s, posibilita la participaci\u00f3n de las personas mayores en torneos, encuentros y otras actividades sociales, fomentando de esta manera la integraci\u00f3n. Los talleres son coordinados por la <strong>profesora Sol Aguer.<\/strong><\/span><\/p>\n<div class=\"gdlr-shortcode-wrapper\">\n<div class=\"gdlr-box-with-icon-ux gdlr-ux\">\n<div class=\"gdlr-item gdlr-box-with-icon-item pos-left type-normal\" ><i class=\"fa iconinfo\"  style=\"color:#4984d5;\" ><\/i><\/p>\n<h4 class=\"box-with-icon-title\">Informes y Consultas<\/h4>\n<div class=\"clear\"><\/div>\n<div class=\"box-with-icon-caption\">\n<p>Departamento de la Mediana y Tercera Edad, de lunes a viernes de 16:00 a 19:00 en Alameda de la Federaci\u00f3n 109\/115. Tel\u00e9fono: (0343) 4230657 (int 49) Correo electr\u00f3nico: departamentotres@gmail.com<\/p>\n<\/div>\n<\/div>\n<\/div>\n<\/div>\n<p>&nbsp;<\/p>\n","protected":false},"excerpt":{"rendered":"<p>9 de octubre de 15:00 a 20:00 en la FCEDU-UNER\/ Organiza el Departamento de la Mediana y Tercera Edad y la Federaci\u00f3n Entrerriana de Ajedrez En el marco de las actividades conmemorativas por el 1\u00ba de Octubre D\u00eda Internacional de las Personas de Edad, el Departamento de la Mediana y Tercera Edad realizar\u00e1 un Encuentro&#8230; <\/p>\n<div class=\"clear\"><\/div>\n<p><a href=\"https:\/\/www.fcedu.uner.edu.ar\/medianayterceraedad\/?p=2128\" class=\"excerpt-read-more\">Read More<i class=\"fa fa-caret-right icon-caret-right\"><\/i><\/a><\/p>\n","protected":false},"author":1,"featured_media":2131,"comment_status":"open","ping_status":"open","sticky":false,"template":"","format":"gallery","meta":{"footnotes":""},"categories":[1],"tags":[],"_links":{"self":[{"href":"https:\/\/www.fcedu.uner.edu.ar\/medianayterceraedad\/index.php?rest_route=\/wp\/v2\/posts\/2128"}],"collection":[{"href":"https:\/\/www.fcedu.uner.edu.ar\/medianayterceraedad\/index.php?rest_route=\/wp\/v2\/posts"}],"about":[{"href":"https:\/\/www.fcedu.uner.edu.ar\/medianayterceraedad\/index.php?rest_route=\/wp\/v2\/types\/post"}],"author":[{"embeddable":true,"href":"https:\/\/www.fcedu.uner.edu.ar\/medianayterceraedad\/index.php?rest_route=\/wp\/v2\/users\/1"}],"replies":[{"embeddable":true,"href":"https:\/\/www.fcedu.uner.edu.ar\/medianayterceraedad\/index.php?rest_route=%2Fwp%2Fv2%2Fcomments&post=2128"}],"version-history":[{"count":7,"href":"https:\/\/www.fcedu.uner.edu.ar\/medianayterceraedad\/index.php?rest_route=\/wp\/v2\/posts\/2128\/revisions"}],"predecessor-version":[{"id":2138,"href":"https:\/\/www.fcedu.uner.edu.ar\/medianayterceraedad\/index.php?rest_route=\/wp\/v2\/posts\/2128\/revisions\/2138"}],"wp:featuredmedia":[{"embeddable":true,"href":"https:\/\/www.fcedu.uner.edu.ar\/medianayterceraedad\/index.php?rest_route=\/wp\/v2\/media\/2131"}],"wp:attachment":[{"href":"https:\/\/www.fcedu.uner.edu.ar\/medianayterceraedad\/index.php?rest_route=%2Fwp%2Fv2%2Fmedia&parent=2128"}],"wp:term":[{"taxonomy":"category","embeddable":true,"href":"https:\/\/www.fcedu.uner.edu.ar\/medianayterceraedad\/index.php?rest_route=%2Fwp%2Fv2%2Fcategories&post=2128"},{"taxonomy":"post_tag","embeddable":true,"href":"https:\/\/www.fcedu.uner.edu.ar\/medianayterceraedad\/index.php?rest_route=%2Fwp%2Fv2%2Ftags&post=2128"}],"curies":[{"name":"wp","href":"https:\/\/api.w.org\/{rel}","templated":true}]}}