{"id":2146,"date":"2017-10-02T03:58:50","date_gmt":"2017-10-02T03:58:50","guid":{"rendered":"http:\/\/www.fcedu.uner.edu.ar\/medianayterceraedad\/?p=2146"},"modified":"2017-10-02T03:58:50","modified_gmt":"2017-10-02T03:58:50","slug":"la-asociacion-invita-al-te-y-desfile-de-modelos","status":"publish","type":"post","link":"https:\/\/www.fcedu.uner.edu.ar\/medianayterceraedad\/?p=2146","title":{"rendered":"La Asociaci\u00f3n invita al T\u00e9 y Desfile de Modelos"},"content":{"rendered":"<p><strong><span style=\"color: #333333;\">Viernes 6 de octubre 17:00 | Una invitaci\u00f3n de la Asociaci\u00f3n de la Mediana y Tercera Edad de la Facultad de Ciencias de la Educaci\u00f3n- UNER<\/span><\/strong><\/p>\n<hr \/>\n<p><span style=\"color: #333333;\">Con su compromiso constante, la <span style=\"color: #497bbd;\"><a style=\"color: #497bbd;\" href=\"https:\/\/www.fcedu.uner.edu.ar\/medianayterceraedad\/?page_id=1690\">Asociaci\u00f3n Universitaria de la Mediana y Tercera Edad de la FCEDU-UNER <\/a><\/span>organiza su tradicional <strong>T\u00e9 y Desfile de Modelos de Sinache<\/strong>. El evento se realizar\u00e1 el viernes <strong>6 de octubre<\/strong>, a las <strong>17:00<\/strong>, en el <strong>Centro de Industriales Panaderos y Afines de Paran\u00e1, Uruguay 249<\/strong>.\u00a0<\/span><\/p>\n<p><span style=\"color: #333333;\"><br \/>\n<img decoding=\"async\" loading=\"lazy\" class=\"alignleft size-medium wp-image-2154\" src=\"https:\/\/www.fcedu.uner.edu.ar\/medianayterceraedad\/wp-content\/uploads\/2017\/09\/20151002_192819-300x225.jpg\" alt=\"\" width=\"300\" height=\"225\" srcset=\"https:\/\/www.fcedu.uner.edu.ar\/medianayterceraedad\/wp-content\/uploads\/2017\/09\/20151002_192819-300x225.jpg 300w, https:\/\/www.fcedu.uner.edu.ar\/medianayterceraedad\/wp-content\/uploads\/2017\/09\/20151002_192819-768x576.jpg 768w, https:\/\/www.fcedu.uner.edu.ar\/medianayterceraedad\/wp-content\/uploads\/2017\/09\/20151002_192819-1024x768.jpg 1024w, https:\/\/www.fcedu.uner.edu.ar\/medianayterceraedad\/wp-content\/uploads\/2017\/09\/20151002_192819-400x300.jpg 400w, https:\/\/www.fcedu.uner.edu.ar\/medianayterceraedad\/wp-content\/uploads\/2017\/09\/20151002_192819-670x500.jpg 670w, https:\/\/www.fcedu.uner.edu.ar\/medianayterceraedad\/wp-content\/uploads\/2017\/09\/20151002_192819.jpg 2048w\" sizes=\"(max-width: 300px) 100vw, 300px\" \/>La <strong>Asociaci\u00f3n<\/strong> est\u00e1 formada por alumnas del <strong>Departamento de la Mediana y Tercera Edad de la Facultad de Ciencias de la Educaci\u00f3n de la UNER<\/strong> reunidas como entidad de servicio para apoyar la labor de este espacio educativo.<\/span><\/p>\n<p><span style=\"color: #333333;\"><br \/>\nEn este sentido, el evento social se toma como excusa para recaudar fondos para la<strong> tarea solidaria de la Asociaci\u00f3n.<\/strong> <\/span><span style=\"color: #333333;\">Los objetivos de esta grupalidad son el <strong>mejoramiento de las condiciones de los estudiantes del Departamento<\/strong>, as\u00ed como de los recursos del mismo. Tambi\u00e9n buscan brindar oportunidades para el <strong>encuentro, la socializaci\u00f3n y la recreaci\u00f3n de los adultos mayores. <\/strong><\/span><\/p>\n<p>&nbsp;<br \/>\n<span style=\"color: #333333;\">Adem\u00e1s, la Asociaci\u00f3n posee y pone a disposici\u00f3n de sus socios\/as una vasta<strong> biblioteca<\/strong> que ya cuenta con m\u00e1s de <strong>1000 ejemplares.<\/strong><\/span><\/p>\n<p>&nbsp;<\/p>\n<p><span style=\"color: #333333;\"><strong><img class=\"alignright size-medium wp-image-2154\" \/><\/strong><\/span><\/p>\n<p><span style=\"color: #333333;\">El evento, que consistir\u00e1 en un<strong> T\u00e9 y Desfile de Modelos de Sinache<\/strong>, tendr\u00e1 lugar el pr\u00f3ximo <strong>viernes 6 de octubre<\/strong> a las <strong>17:00 en la Sede del Centro de Industriales Panaderos y Afines de Paran\u00e1, Uruguay 249<\/strong>. Sinache es una boutique de trayectoria en moda femenina en nuestra ciudad, negocio que brinda la indumentaria para la ocasi\u00f3n. Cabe destacar que las modelos son adultas y adultas mayores, muchas de ellas estudiantes del Departamento.<img decoding=\"async\" loading=\"lazy\" class=\"alignright size-medium wp-image-2155\" src=\"https:\/\/www.fcedu.uner.edu.ar\/medianayterceraedad\/wp-content\/uploads\/2017\/09\/20151002_191504-300x225.jpg\" alt=\"\" width=\"300\" height=\"225\" srcset=\"https:\/\/www.fcedu.uner.edu.ar\/medianayterceraedad\/wp-content\/uploads\/2017\/09\/20151002_191504-300x225.jpg 300w, https:\/\/www.fcedu.uner.edu.ar\/medianayterceraedad\/wp-content\/uploads\/2017\/09\/20151002_191504-768x576.jpg 768w, https:\/\/www.fcedu.uner.edu.ar\/medianayterceraedad\/wp-content\/uploads\/2017\/09\/20151002_191504-1024x768.jpg 1024w, https:\/\/www.fcedu.uner.edu.ar\/medianayterceraedad\/wp-content\/uploads\/2017\/09\/20151002_191504-400x300.jpg 400w, https:\/\/www.fcedu.uner.edu.ar\/medianayterceraedad\/wp-content\/uploads\/2017\/09\/20151002_191504-670x500.jpg 670w, https:\/\/www.fcedu.uner.edu.ar\/medianayterceraedad\/wp-content\/uploads\/2017\/09\/20151002_191504.jpg 2048w\" sizes=\"(max-width: 300px) 100vw, 300px\" \/><\/span><\/p>\n<p><span style=\"color: #333333;\">La<strong> tarjeta tiene un valor de $200<\/strong> e incluye sandwiches, bocaditos dulces y la participaci\u00f3n en diferentes sorteos.<\/span><\/p>\n<p><span style=\"color: #333333;\">Quienes est\u00e9n interesados en adquirir una tarjeta, pueden hacerlo en la Secretar\u00eda del Departamento de la Mediana y Tercera Edad, Alameda de la Federaci\u00f3n 109\/ 115, \u00f3 comunicarse telef\u00f3nicamente al 4221713, o al 4227945, o al 4223510.<\/span><\/p>\n<h5><span style=\"color: #00c768;\">Sobre la Asociaci\u00f3n:<\/span><\/h5>\n<p><span style=\"color: #333333;\">La <strong>Asociaci\u00f3n Universitaria de la Mediana y Tercera Edad<\/strong> es una entidad de servicio que surgi\u00f3 como<strong> iniciativa de estudiantes del Departamento de la Mediana y Tercera Edad de la UNER<\/strong> que ten\u00edan la inquietud de unirse para ayudar a sus compa\u00f1eros y a la comunidad del adulto mayor. <strong>El objetivo de la Asociaci\u00f3n es contribuir con el Departamento, propiciando actividades intelectuales, culturales y sociales.<\/strong><\/span><\/p>\n<p><img decoding=\"async\" loading=\"lazy\" class=\"alignleft size-medium wp-image-2153\" src=\"https:\/\/www.fcedu.uner.edu.ar\/medianayterceraedad\/wp-content\/uploads\/2017\/09\/desfile-4-225x300.jpg\" alt=\"\" width=\"225\" height=\"300\" srcset=\"https:\/\/www.fcedu.uner.edu.ar\/medianayterceraedad\/wp-content\/uploads\/2017\/09\/desfile-4-225x300.jpg 225w, https:\/\/www.fcedu.uner.edu.ar\/medianayterceraedad\/wp-content\/uploads\/2017\/09\/desfile-4.jpg 600w\" sizes=\"(max-width: 225px) 100vw, 225px\" \/><span style=\"color: #333333;\">Actualmente, est\u00e1 constituida por una comisi\u00f3n directiva integrada por dieciocho mujeres que se re\u00fanen regularmente para organizar diferentes actividades y realizar distintas acciones. As\u00ed, organizan t\u00e9s y desfiles de modas, charlas y paneles con especialistas en gerontolog\u00eda y presentaciones art\u00edsticas.<\/span><\/p>\n<p>&nbsp;<br \/>\n<span style=\"color: #333333;\">Adem\u00e1s, la entidad cuenta con la <strong>Biblioteca de la Asociaci\u00f3n Universitaria de la Mediana y Tercera Edad<\/strong> en la sede del Departamento, Alameda de la Federaci\u00f3n 109\/ 115. En la misma hay m\u00e1s de 1000 libros de la m\u00e1s variada literatura, as\u00ed como libros de estudio y textos de todos los g\u00e9neros disponibles a trav\u00e9s de una m\u00ednima cuota societaria. Los horarios de atenci\u00f3n de la biblioteca son:<strong> Lunes de 16:00 a 18:00 y martes de 16:30 a 18:00<\/strong><\/span><\/p>\n","protected":false},"excerpt":{"rendered":"<p>Viernes 6 de octubre 17:00 | Una invitaci\u00f3n de la Asociaci\u00f3n de la Mediana y Tercera Edad de la Facultad de Ciencias de la Educaci\u00f3n- UNER Con su compromiso constante, la Asociaci\u00f3n Universitaria de la Mediana y Tercera Edad de la FCEDU-UNER organiza su tradicional T\u00e9 y Desfile de Modelos de Sinache. El evento se&#8230; <\/p>\n<div class=\"clear\"><\/div>\n<p><a href=\"https:\/\/www.fcedu.uner.edu.ar\/medianayterceraedad\/?p=2146\" class=\"excerpt-read-more\">Read More<i class=\"fa fa-caret-right icon-caret-right\"><\/i><\/a><\/p>\n","protected":false},"author":1,"featured_media":2151,"comment_status":"open","ping_status":"open","sticky":false,"template":"","format":"gallery","meta":{"footnotes":""},"categories":[1],"tags":[],"_links":{"self":[{"href":"https:\/\/www.fcedu.uner.edu.ar\/medianayterceraedad\/index.php?rest_route=\/wp\/v2\/posts\/2146"}],"collection":[{"href":"https:\/\/www.fcedu.uner.edu.ar\/medianayterceraedad\/index.php?rest_route=\/wp\/v2\/posts"}],"about":[{"href":"https:\/\/www.fcedu.uner.edu.ar\/medianayterceraedad\/index.php?rest_route=\/wp\/v2\/types\/post"}],"author":[{"embeddable":true,"href":"https:\/\/www.fcedu.uner.edu.ar\/medianayterceraedad\/index.php?rest_route=\/wp\/v2\/users\/1"}],"replies":[{"embeddable":true,"href":"https:\/\/www.fcedu.uner.edu.ar\/medianayterceraedad\/index.php?rest_route=%2Fwp%2Fv2%2Fcomments&post=2146"}],"version-history":[{"count":9,"href":"https:\/\/www.fcedu.uner.edu.ar\/medianayterceraedad\/index.php?rest_route=\/wp\/v2\/posts\/2146\/revisions"}],"predecessor-version":[{"id":2162,"href":"https:\/\/www.fcedu.uner.edu.ar\/medianayterceraedad\/index.php?rest_route=\/wp\/v2\/posts\/2146\/revisions\/2162"}],"wp:featuredmedia":[{"embeddable":true,"href":"https:\/\/www.fcedu.uner.edu.ar\/medianayterceraedad\/index.php?rest_route=\/wp\/v2\/media\/2151"}],"wp:attachment":[{"href":"https:\/\/www.fcedu.uner.edu.ar\/medianayterceraedad\/index.php?rest_route=%2Fwp%2Fv2%2Fmedia&parent=2146"}],"wp:term":[{"taxonomy":"category","embeddable":true,"href":"https:\/\/www.fcedu.uner.edu.ar\/medianayterceraedad\/index.php?rest_route=%2Fwp%2Fv2%2Fcategories&post=2146"},{"taxonomy":"post_tag","embeddable":true,"href":"https:\/\/www.fcedu.uner.edu.ar\/medianayterceraedad\/index.php?rest_route=%2Fwp%2Fv2%2Ftags&post=2146"}],"curies":[{"name":"wp","href":"https:\/\/api.w.org\/{rel}","templated":true}]}}