{"id":2163,"date":"2017-10-01T19:46:37","date_gmt":"2017-10-01T19:46:37","guid":{"rendered":"http:\/\/www.fcedu.uner.edu.ar\/medianayterceraedad\/?p=2163"},"modified":"2017-10-04T21:21:40","modified_gmt":"2017-10-04T21:21:40","slug":"1o-de-octubre-dia-internacional-de-las-personas-de-edad","status":"publish","type":"post","link":"https:\/\/www.fcedu.uner.edu.ar\/medianayterceraedad\/?p=2163","title":{"rendered":"1\u00ba de Octubre: D\u00eda Internacional de las Personas de Edad"},"content":{"rendered":"<p><span style=\"color: #333333;\"><strong>El 1\u00ba de Octubre es la fecha designada por la <a style=\"color: #333333;\" href=\"http:\/\/www.un.org\/es\/index.html\">Asamblea General de las Naciones Unidas <\/a>en 1990 para promover los derechos humanos de las personas mayores y erradicar los prejuicios y estereotipos que las afectan.<\/strong><\/span><\/p>\n<div class=\"gdlr-shortcode-wrapper\"><div class=\"gdlr-gallery-item gdlr-item\" ><div class=\"gallery-column three columns\"><div class=\"gallery-item\"><a href=\"https:\/\/www.fcedu.uner.edu.ar\/medianayterceraedad\/?attachment_id=2167\" data-rel=\"fancybox\" ><img src=\"https:\/\/www.fcedu.uner.edu.ar\/medianayterceraedad\/wp-content\/uploads\/2017\/10\/DSC_0084_ajedrez_dmyte_2016-e1554775148235-150x150.jpg\" alt=\"\" width=\"150\" height=\"150\" \/><\/a><span class=\"gallery-caption\"><\/span><\/div><\/div><div class=\"gallery-column three columns\"><div class=\"gallery-item\"><a href=\"https:\/\/www.fcedu.uner.edu.ar\/medianayterceraedad\/?attachment_id=2168\" data-rel=\"fancybox\" ><img src=\"https:\/\/www.fcedu.uner.edu.ar\/medianayterceraedad\/wp-content\/uploads\/2017\/10\/DSC_0127_dmyte_italiano-150x150.jpg\" alt=\"\" width=\"150\" height=\"150\" \/><\/a><span class=\"gallery-caption\"><\/span><\/div><\/div><div class=\"gallery-column three columns\"><div class=\"gallery-item\"><a href=\"https:\/\/www.fcedu.uner.edu.ar\/medianayterceraedad\/?attachment_id=2169\" data-rel=\"fancybox\" ><img src=\"https:\/\/www.fcedu.uner.edu.ar\/medianayterceraedad\/wp-content\/uploads\/2017\/10\/DSC_0195_dmyte_tango-150x150.jpg\" alt=\"\" width=\"150\" height=\"150\" \/><\/a><span class=\"gallery-caption\"><\/span><\/div><\/div><div class=\"gallery-column three columns\"><div class=\"gallery-item\"><a href=\"https:\/\/www.fcedu.uner.edu.ar\/medianayterceraedad\/?attachment_id=2166\" data-rel=\"fancybox\" ><img src=\"https:\/\/www.fcedu.uner.edu.ar\/medianayterceraedad\/wp-content\/uploads\/2017\/10\/DSC_0136-2_expresion_corporal_dmyte_2016-150x150.jpg\" alt=\"\" width=\"150\" height=\"150\" \/><\/a><span class=\"gallery-caption\"><\/span><\/div><\/div><div class=\"clear\"><\/div><\/div><\/div>\n<h5><span style=\"color: #00c768;\">Por una vejez plena, digna, participativa y activa<\/span><\/h5>\n<p><span style=\"color: #333333;\">El lema de este a\u00f1o del <a style=\"color: #333333;\" href=\"http:\/\/www.un.org\/es\/events\/olderpersonsday\/\"><span style=\"color: #497bbd;\">D\u00eda Internacional de las Personas de Edad<\/span> <\/a>es <strong>\u00abEntrando en el futuro: Aprovechar el talento, la contribuci\u00f3n y la participaci\u00f3n de los mayores\u00bb.\u00a0<\/strong>Hace referencia a la necesidad de posibilitar y aumentar la contribuci\u00f3n de las personas mayores en sus familias, comunidades y sociedades, a trav\u00e9s de v\u00edas efectivas que garanticen su participaci\u00f3n, teniendo en cuenta sus derechos y preferencias.<\/span><\/p>\n<p><span style=\"color: #333333;\"> Desde el <strong>Departamento de la Mediana y Tercera Edad FCEDU de la Facultad de Ciencias de la Educaci\u00f3n &#8211; UNER<\/strong> trabajamos en pos de garantizar <strong>el aprendizaje a lo largo de la vida<\/strong> de adultos y adultos mayores, y su constituci\u00f3n como<strong> sujetos ciudadanos<\/strong> con participaci\u00f3n activa en sus espacios de convivencia.<\/span><\/p>\n<p><span style=\"color: #333333;\">Expresamos nuestro agradecimiento a\u00a0todas las personas mayores por el deseo de aprender, de actuar, de decir, de hacer, de narrar, de pensar un presente y un futuro compartidos.<\/span><\/p>\n","protected":false},"excerpt":{"rendered":"<p>El 1\u00ba de Octubre es la fecha designada por la Asamblea General de las Naciones Unidas en 1990 para promover los derechos humanos de las personas mayores y erradicar los prejuicios y estereotipos que las afectan. Por una vejez plena, digna, participativa y activa El lema de este a\u00f1o del D\u00eda Internacional de las Personas&#8230; <\/p>\n<div class=\"clear\"><\/div>\n<p><a href=\"https:\/\/www.fcedu.uner.edu.ar\/medianayterceraedad\/?p=2163\" class=\"excerpt-read-more\">Read More<i class=\"fa fa-caret-right icon-caret-right\"><\/i><\/a><\/p>\n","protected":false},"author":1,"featured_media":2164,"comment_status":"open","ping_status":"open","sticky":false,"template":"","format":"gallery","meta":{"footnotes":""},"categories":[1],"tags":[],"_links":{"self":[{"href":"https:\/\/www.fcedu.uner.edu.ar\/medianayterceraedad\/index.php?rest_route=\/wp\/v2\/posts\/2163"}],"collection":[{"href":"https:\/\/www.fcedu.uner.edu.ar\/medianayterceraedad\/index.php?rest_route=\/wp\/v2\/posts"}],"about":[{"href":"https:\/\/www.fcedu.uner.edu.ar\/medianayterceraedad\/index.php?rest_route=\/wp\/v2\/types\/post"}],"author":[{"embeddable":true,"href":"https:\/\/www.fcedu.uner.edu.ar\/medianayterceraedad\/index.php?rest_route=\/wp\/v2\/users\/1"}],"replies":[{"embeddable":true,"href":"https:\/\/www.fcedu.uner.edu.ar\/medianayterceraedad\/index.php?rest_route=%2Fwp%2Fv2%2Fcomments&post=2163"}],"version-history":[{"count":9,"href":"https:\/\/www.fcedu.uner.edu.ar\/medianayterceraedad\/index.php?rest_route=\/wp\/v2\/posts\/2163\/revisions"}],"predecessor-version":[{"id":2177,"href":"https:\/\/www.fcedu.uner.edu.ar\/medianayterceraedad\/index.php?rest_route=\/wp\/v2\/posts\/2163\/revisions\/2177"}],"wp:featuredmedia":[{"embeddable":true,"href":"https:\/\/www.fcedu.uner.edu.ar\/medianayterceraedad\/index.php?rest_route=\/wp\/v2\/media\/2164"}],"wp:attachment":[{"href":"https:\/\/www.fcedu.uner.edu.ar\/medianayterceraedad\/index.php?rest_route=%2Fwp%2Fv2%2Fmedia&parent=2163"}],"wp:term":[{"taxonomy":"category","embeddable":true,"href":"https:\/\/www.fcedu.uner.edu.ar\/medianayterceraedad\/index.php?rest_route=%2Fwp%2Fv2%2Fcategories&post=2163"},{"taxonomy":"post_tag","embeddable":true,"href":"https:\/\/www.fcedu.uner.edu.ar\/medianayterceraedad\/index.php?rest_route=%2Fwp%2Fv2%2Ftags&post=2163"}],"curies":[{"name":"wp","href":"https:\/\/api.w.org\/{rel}","templated":true}]}}