{"id":2178,"date":"2017-10-11T19:23:55","date_gmt":"2017-10-11T19:23:55","guid":{"rendered":"http:\/\/www.fcedu.uner.edu.ar\/medianayterceraedad\/?p=2178"},"modified":"2017-10-11T19:28:59","modified_gmt":"2017-10-11T19:28:59","slug":"el-departamento-participo-de-las-vi-jornadas-de-educacion","status":"publish","type":"post","link":"https:\/\/www.fcedu.uner.edu.ar\/medianayterceraedad\/?p=2178","title":{"rendered":"El Departamento particip\u00f3 de las VI Jornadas de Educaci\u00f3n"},"content":{"rendered":"<p><span style=\"color: #333333;\"><strong>Los d\u00edas 3 y 4 de octubre los Talleres de Canto\u00a0y de Radioteatro se presentaron en las jornadas organizadas por la Comisi\u00f3n de Estudiantes de Educaci\u00f3n de la FCEDU-UNER.<\/strong><\/span><\/p>\n<hr \/>\n<p><span style=\"color: #333333;\">Bajo el lema<strong> \u201cNuevos debates para pensar en viejas disputas\u201d<\/strong> se desarrollaron las <strong>VI Jornadas de Educaci\u00f3n<\/strong> en la Facultad de Ciencias de la Educaci\u00f3n UNER. Se trata de una iniciativa sostenida por una <span style=\"color: #497bbd;\"><a style=\"color: #497bbd;\" href=\"https:\/\/www.facebook.com\/Comisi%C3%B3n-de-Educaci%C3%B3n-Fcedu-UNER-1535553339992715\/\"><strong>comisi\u00f3n de estudiantes de Ciencias de la Educaci\u00f3n<\/strong><\/a><\/span> que se propuso generar espacios de discusi\u00f3n\u00a0en torno a preocupaciones sobre la formaci\u00f3n en la Universidad P\u00fablica, a la situaci\u00f3n de la educaci\u00f3n en la regi\u00f3n y el pa\u00eds y al futuro desempe\u00f1o como trabajadores de la educaci\u00f3n.<\/span><\/p>\n<p><span style=\"color: #333333;\">En este marco, invitados por los estudiantes organizadores, los <strong>Talleres de Canto y de Radioteatro realizaron una intervenci\u00f3n<\/strong> al inicio de cada jornada.<\/span><\/p>\n<p><span style=\"color: #333333;\"><img decoding=\"async\" loading=\"lazy\" class=\"alignleft size-medium wp-image-2207\" src=\"https:\/\/www.fcedu.uner.edu.ar\/medianayterceraedad\/wp-content\/uploads\/2017\/10\/Taller-de-Canto-Jornadas-de-Educaci\u00f2n-300x213.jpg\" alt=\"\" width=\"300\" height=\"213\" srcset=\"https:\/\/www.fcedu.uner.edu.ar\/medianayterceraedad\/wp-content\/uploads\/2017\/10\/Taller-de-Canto-Jornadas-de-Educaci\u00f2n-300x213.jpg 300w, https:\/\/www.fcedu.uner.edu.ar\/medianayterceraedad\/wp-content\/uploads\/2017\/10\/Taller-de-Canto-Jornadas-de-Educaci\u00f2n-768x545.jpg 768w, https:\/\/www.fcedu.uner.edu.ar\/medianayterceraedad\/wp-content\/uploads\/2017\/10\/Taller-de-Canto-Jornadas-de-Educaci\u00f2n.jpg 789w\" sizes=\"(max-width: 300px) 100vw, 300px\" \/>El martes 3 de octubre fue el turno del <strong>Taller de Canto Inicial\u00a0<\/strong>y el\u00a0<strong>Taller de Canto Pregoneros del Paran\u00e1<\/strong>\u00a0que brindaron un repertorio con ritmos litorale\u00f1os. <strong>Convidar el hacer art\u00edstico y cultural<\/strong> fue la clave de esta primera presentaci\u00f3n. Los temas interpretados fueron: Puente Pexoa, La Golondrina y Alma Guaran\u00ed. Los estudiantes mayores fueron acompa\u00f1ados en esta instancia por su docente Silvina Gonz\u00e1lez.<\/span><\/p>\n<p>&nbsp;<\/p>\n<p><span style=\"color: #333333;\">En tanto que, el mi\u00e9rcoles 4 de octubre, intervino en las jornadas el <strong>Taller de Radioteatro<\/strong> coordinado por las docentes Rosario Montiel y Lorena Cabrol. Como co-cordinadora del <img decoding=\"async\" loading=\"lazy\" class=\"alignright size-medium wp-image-2209\" src=\"https:\/\/www.fcedu.uner.edu.ar\/medianayterceraedad\/wp-content\/uploads\/2017\/10\/Jornadas-de-educaci\u00f3n-Radioteatro-300x169.jpeg\" alt=\"\" width=\"300\" height=\"169\" srcset=\"https:\/\/www.fcedu.uner.edu.ar\/medianayterceraedad\/wp-content\/uploads\/2017\/10\/Jornadas-de-educaci\u00f3n-Radioteatro-300x169.jpeg 300w, https:\/\/www.fcedu.uner.edu.ar\/medianayterceraedad\/wp-content\/uploads\/2017\/10\/Jornadas-de-educaci\u00f3n-Radioteatro-768x432.jpeg 768w, https:\/\/www.fcedu.uner.edu.ar\/medianayterceraedad\/wp-content\/uploads\/2017\/10\/Jornadas-de-educaci\u00f3n-Radioteatro-1024x576.jpeg 1024w, https:\/\/www.fcedu.uner.edu.ar\/medianayterceraedad\/wp-content\/uploads\/2017\/10\/Jornadas-de-educaci\u00f3n-Radioteatro.jpeg 1040w\" sizes=\"(max-width: 300px) 100vw, 300px\" \/>Departamento de la Mediana y Tercera Edad, <strong>Rosario Montiel<\/strong> expuso ante los asistentes las caracter\u00edsticas de este espacio educativo y sus objetivos pol\u00edticos pedag\u00f3gicos.\u00a0Al mismo tiempo interpel\u00f3 a los presentes, en relaci\u00f3n a su formaci\u00f3n como educadores, respecto de los desaf\u00edos que plantea la cuesti\u00f3n del envejecimiento en nuestras sociedades. Promovi\u00f3, la necesidad de <strong>pensar y actuar en funci\u00f3n de garantizar la educaci\u00f3n permanente y a lo largo de la vida de las personas mayores.<\/strong><\/span><\/p>\n<p><span style=\"color: #333333;\"><img decoding=\"async\" loading=\"lazy\" class=\"alignleft size-medium wp-image-2216\" src=\"https:\/\/www.fcedu.uner.edu.ar\/medianayterceraedad\/wp-content\/uploads\/2017\/10\/Educaci\u00f3n-300x225.jpeg\" alt=\"\" width=\"300\" height=\"225\" srcset=\"https:\/\/www.fcedu.uner.edu.ar\/medianayterceraedad\/wp-content\/uploads\/2017\/10\/Educaci\u00f3n-300x225.jpeg 300w, https:\/\/www.fcedu.uner.edu.ar\/medianayterceraedad\/wp-content\/uploads\/2017\/10\/Educaci\u00f3n-768x576.jpeg 768w, https:\/\/www.fcedu.uner.edu.ar\/medianayterceraedad\/wp-content\/uploads\/2017\/10\/Educaci\u00f3n-1024x768.jpeg 1024w, https:\/\/www.fcedu.uner.edu.ar\/medianayterceraedad\/wp-content\/uploads\/2017\/10\/Educaci\u00f3n-400x300.jpeg 400w, https:\/\/www.fcedu.uner.edu.ar\/medianayterceraedad\/wp-content\/uploads\/2017\/10\/Educaci\u00f3n-670x500.jpeg 670w, https:\/\/www.fcedu.uner.edu.ar\/medianayterceraedad\/wp-content\/uploads\/2017\/10\/Educaci\u00f3n.jpeg 1280w\" sizes=\"(max-width: 300px) 100vw, 300px\" \/>Por su parte, Lorena Cabrol, fue la encargada de presentar el Taller de Radioteatro y unas <strong>microficciones producidas<\/strong> en este espacio en el contexto del <strong>15 de Junio: D\u00eda de la Toma de Conciencia del Maltrato y el Abuso en la Vejez.<\/strong> Las piezas comunicacionales creadas y actuadas por las estudiantes buscan discutir prejuicios e imaginarios sociales atribuidos a las personas de edad, y promover el buen trato a esta generaci\u00f3n.<\/span><\/p>\n<p><span style=\"color: #333333;\">Por \u00faltimo, las estudiantes de radioteatro tomaron la palabra para contar c\u00f3mo este espacio de aprendizaje les habilita el poder de la imaginaci\u00f3n, de la creatividad, del encuentro, de la comunicaci\u00f3n desde lo sonoro, lo dram\u00e1tico y el trabajo con la voz. As\u00ed como la posibilidad de recrear la experiencia perceptiva del radioteatro y as\u00ed construir una memoria colectiva.\u00a0<\/span><\/p>\n","protected":false},"excerpt":{"rendered":"<p>Los d\u00edas 3 y 4 de octubre los Talleres de Canto\u00a0y de Radioteatro se presentaron en las jornadas organizadas por la Comisi\u00f3n de Estudiantes de Educaci\u00f3n de la FCEDU-UNER. Bajo el lema \u201cNuevos debates para pensar en viejas disputas\u201d se desarrollaron las VI Jornadas de Educaci\u00f3n en la Facultad de Ciencias de la Educaci\u00f3n UNER&#8230;. <\/p>\n<div class=\"clear\"><\/div>\n<p><a href=\"https:\/\/www.fcedu.uner.edu.ar\/medianayterceraedad\/?p=2178\" class=\"excerpt-read-more\">Read More<i class=\"fa fa-caret-right icon-caret-right\"><\/i><\/a><\/p>\n","protected":false},"author":1,"featured_media":2207,"comment_status":"open","ping_status":"open","sticky":false,"template":"","format":"gallery","meta":{"footnotes":""},"categories":[1],"tags":[],"_links":{"self":[{"href":"https:\/\/www.fcedu.uner.edu.ar\/medianayterceraedad\/index.php?rest_route=\/wp\/v2\/posts\/2178"}],"collection":[{"href":"https:\/\/www.fcedu.uner.edu.ar\/medianayterceraedad\/index.php?rest_route=\/wp\/v2\/posts"}],"about":[{"href":"https:\/\/www.fcedu.uner.edu.ar\/medianayterceraedad\/index.php?rest_route=\/wp\/v2\/types\/post"}],"author":[{"embeddable":true,"href":"https:\/\/www.fcedu.uner.edu.ar\/medianayterceraedad\/index.php?rest_route=\/wp\/v2\/users\/1"}],"replies":[{"embeddable":true,"href":"https:\/\/www.fcedu.uner.edu.ar\/medianayterceraedad\/index.php?rest_route=%2Fwp%2Fv2%2Fcomments&post=2178"}],"version-history":[{"count":14,"href":"https:\/\/www.fcedu.uner.edu.ar\/medianayterceraedad\/index.php?rest_route=\/wp\/v2\/posts\/2178\/revisions"}],"predecessor-version":[{"id":2222,"href":"https:\/\/www.fcedu.uner.edu.ar\/medianayterceraedad\/index.php?rest_route=\/wp\/v2\/posts\/2178\/revisions\/2222"}],"wp:featuredmedia":[{"embeddable":true,"href":"https:\/\/www.fcedu.uner.edu.ar\/medianayterceraedad\/index.php?rest_route=\/wp\/v2\/media\/2207"}],"wp:attachment":[{"href":"https:\/\/www.fcedu.uner.edu.ar\/medianayterceraedad\/index.php?rest_route=%2Fwp%2Fv2%2Fmedia&parent=2178"}],"wp:term":[{"taxonomy":"category","embeddable":true,"href":"https:\/\/www.fcedu.uner.edu.ar\/medianayterceraedad\/index.php?rest_route=%2Fwp%2Fv2%2Fcategories&post=2178"},{"taxonomy":"post_tag","embeddable":true,"href":"https:\/\/www.fcedu.uner.edu.ar\/medianayterceraedad\/index.php?rest_route=%2Fwp%2Fv2%2Ftags&post=2178"}],"curies":[{"name":"wp","href":"https:\/\/api.w.org\/{rel}","templated":true}]}}