{"id":2180,"date":"2017-10-10T14:49:01","date_gmt":"2017-10-10T14:49:01","guid":{"rendered":"http:\/\/www.fcedu.uner.edu.ar\/medianayterceraedad\/?p=2180"},"modified":"2017-10-11T18:29:53","modified_gmt":"2017-10-11T18:29:53","slug":"el-departamento-capacita-a-mujeres-en-contexto-de-privacion-de-la-libertad","status":"publish","type":"post","link":"https:\/\/www.fcedu.uner.edu.ar\/medianayterceraedad\/?p=2180","title":{"rendered":"El Departamento capacita a mujeres en contexto de privaci\u00f3n de la libertad"},"content":{"rendered":"<p><span style=\"color: #333333;\">Son cerca de <strong>10 mujeres<\/strong> las que todos los viernes en la <strong>Unidad Penal N\u00ba 6 de Paran\u00e1<\/strong> <strong>aprenden a preparar alimentos en forma saludable<\/strong>. De esta manera, este \u00e1mbito de la <a style=\"color: #333333;\" href=\"https:\/\/www.fcedu.uner.edu.ar\/\"><strong>Facultad de Ciencias de la Educaci\u00f3n<\/strong><\/a> trabaja en afianzar espacios de integraci\u00f3n social y econ\u00f3mica en el futuro para mujeres privadas de la libertad ambulatoria. Es en el marco de las <a style=\"color: #333333;\" href=\"https:\/\/www.fcedu.uner.edu.ar\/medianayterceraedad\/?page_id=1705\"><strong>Aulas Abiertas Itinerantes<\/strong><\/a> del <a style=\"color: #333333;\" href=\"https:\/\/www.fcedu.uner.edu.ar\/medianayterceraedad\/\"><strong>Departamento de la Mediana y Tercera Edad (DMyTE)<\/strong><\/a><\/span><\/p>\n<p><img decoding=\"async\" loading=\"lazy\" class=\"size-medium wp-image-2184 alignleft\" src=\"https:\/\/www.fcedu.uner.edu.ar\/medianayterceraedad\/wp-content\/uploads\/2017\/10\/U-PENAL-COCINA-2-225x300.jpg\" alt=\"\" width=\"225\" height=\"300\" srcset=\"https:\/\/www.fcedu.uner.edu.ar\/medianayterceraedad\/wp-content\/uploads\/2017\/10\/U-PENAL-COCINA-2-225x300.jpg 225w, https:\/\/www.fcedu.uner.edu.ar\/medianayterceraedad\/wp-content\/uploads\/2017\/10\/U-PENAL-COCINA-2.jpg 588w\" sizes=\"(max-width: 225px) 100vw, 225px\" \/><\/p>\n<hr \/>\n<p><span style=\"color: #333333;\">Como parte de las actividades previstas en el <a style=\"color: #333333;\" href=\"https:\/\/www.fcedu.uner.edu.ar\/medianayterceraedad\/?page_id=1709\"><strong>Programa de Extensi\u00f3n \u201cParticipaci\u00f3n, Asociativismo y Educaci\u00f3n Permanente con adultos mayores\u201d<\/strong><\/a> del DMyTE, se particip\u00f3 del T<strong>aller Cocina Saludable y Alimentaci\u00f3n<\/strong>. A cargo de la licenciada en Nutrici\u00f3n Laura Bergamaschi, este espacio busca que las mujeres que toman parte de \u00e9l reconozcan las <strong>funciones b\u00e1sicas de los alimentos y su importancia en la alimentaci\u00f3n diaria<\/strong>, adem\u00e1s de disponer de <strong>herramientas y conocimientos te\u00f3rico-pr\u00e1cticos de cocina que le permitan a la alumna una reinserci\u00f3n laboral<\/strong>, entre otros objetivos.<\/span><\/p>\n<p><span style=\"color: #333333;\">La licenciada Mariana Alegre, a cargo del \u00e1rea de capacitaci\u00f3n de la instituci\u00f3n, fue la encargada de brindar detalles del funcionamiento de la unidad carcelaria y de las expectativas relacionadas a la <strong>intervenci\u00f3n del Departamento<\/strong> de la Mediana y Tercera Edad en el Penal a trav\u00e9s del mencionado taller.<\/span><\/p>\n<p><span style=\"color: #333333;\"><img decoding=\"async\" loading=\"lazy\" class=\"size-medium wp-image-2182 alignright\" src=\"https:\/\/www.fcedu.uner.edu.ar\/medianayterceraedad\/wp-content\/uploads\/2017\/10\/U-PENAL-COCINA-300x225.jpg\" alt=\"\" width=\"300\" height=\"225\" srcset=\"https:\/\/www.fcedu.uner.edu.ar\/medianayterceraedad\/wp-content\/uploads\/2017\/10\/U-PENAL-COCINA-300x225.jpg 300w, https:\/\/www.fcedu.uner.edu.ar\/medianayterceraedad\/wp-content\/uploads\/2017\/10\/U-PENAL-COCINA-768x576.jpg 768w, https:\/\/www.fcedu.uner.edu.ar\/medianayterceraedad\/wp-content\/uploads\/2017\/10\/U-PENAL-COCINA-400x300.jpg 400w, https:\/\/www.fcedu.uner.edu.ar\/medianayterceraedad\/wp-content\/uploads\/2017\/10\/U-PENAL-COCINA-670x500.jpg 670w, https:\/\/www.fcedu.uner.edu.ar\/medianayterceraedad\/wp-content\/uploads\/2017\/10\/U-PENAL-COCINA.jpg 784w\" sizes=\"(max-width: 300px) 100vw, 300px\" \/><\/span><\/p>\n<p><span style=\"color: #333333;\">Adem\u00e1s del paso obligatorio por la cocina, tanto para apreciar el trabajo culinario como para degustarlo, se recorrieron las instalaciones, conociendo incluso las aulas, el taller de costura, el sal\u00f3n de visita, entre otras dependencias. <strong>En el taller de Cocina, se re\u00fanen todos los viernes alrededor de 10 mujeres<\/strong> que no s\u00f3lo aprenden c\u00f3mo preparar alimentos en forma saludable, sino que tambi\u00e9n se forman para una futura salida laboral.<\/span><\/p>\n<p><span style=\"color: #333333;\">Participaron de la visita la becaria del Programa de Extensi\u00f3n, Mar\u00eda Gabriela Leiva, y un integrante del equipo del Departamento de la Mediana y Tercera Edad, Eugenio Montenegro.<\/span><\/p>\n<h3><\/h3>\n<p>&nbsp;<\/p>\n<p>&nbsp;<\/p>\n","protected":false},"excerpt":{"rendered":"<p>Son cerca de 10 mujeres las que todos los viernes en la Unidad Penal N\u00ba 6 de Paran\u00e1 aprenden a preparar alimentos en forma saludable. De esta manera, este \u00e1mbito de la Facultad de Ciencias de la Educaci\u00f3n trabaja en afianzar espacios de integraci\u00f3n social y econ\u00f3mica en el futuro para mujeres privadas de la&#8230; <\/p>\n<div class=\"clear\"><\/div>\n<p><a href=\"https:\/\/www.fcedu.uner.edu.ar\/medianayterceraedad\/?p=2180\" class=\"excerpt-read-more\">Read More<i class=\"fa fa-caret-right icon-caret-right\"><\/i><\/a><\/p>\n","protected":false},"author":1,"featured_media":2182,"comment_status":"open","ping_status":"open","sticky":false,"template":"","format":"gallery","meta":{"footnotes":""},"categories":[31,1],"tags":[],"_links":{"self":[{"href":"https:\/\/www.fcedu.uner.edu.ar\/medianayterceraedad\/index.php?rest_route=\/wp\/v2\/posts\/2180"}],"collection":[{"href":"https:\/\/www.fcedu.uner.edu.ar\/medianayterceraedad\/index.php?rest_route=\/wp\/v2\/posts"}],"about":[{"href":"https:\/\/www.fcedu.uner.edu.ar\/medianayterceraedad\/index.php?rest_route=\/wp\/v2\/types\/post"}],"author":[{"embeddable":true,"href":"https:\/\/www.fcedu.uner.edu.ar\/medianayterceraedad\/index.php?rest_route=\/wp\/v2\/users\/1"}],"replies":[{"embeddable":true,"href":"https:\/\/www.fcedu.uner.edu.ar\/medianayterceraedad\/index.php?rest_route=%2Fwp%2Fv2%2Fcomments&post=2180"}],"version-history":[{"count":16,"href":"https:\/\/www.fcedu.uner.edu.ar\/medianayterceraedad\/index.php?rest_route=\/wp\/v2\/posts\/2180\/revisions"}],"predecessor-version":[{"id":2206,"href":"https:\/\/www.fcedu.uner.edu.ar\/medianayterceraedad\/index.php?rest_route=\/wp\/v2\/posts\/2180\/revisions\/2206"}],"wp:featuredmedia":[{"embeddable":true,"href":"https:\/\/www.fcedu.uner.edu.ar\/medianayterceraedad\/index.php?rest_route=\/wp\/v2\/media\/2182"}],"wp:attachment":[{"href":"https:\/\/www.fcedu.uner.edu.ar\/medianayterceraedad\/index.php?rest_route=%2Fwp%2Fv2%2Fmedia&parent=2180"}],"wp:term":[{"taxonomy":"category","embeddable":true,"href":"https:\/\/www.fcedu.uner.edu.ar\/medianayterceraedad\/index.php?rest_route=%2Fwp%2Fv2%2Fcategories&post=2180"},{"taxonomy":"post_tag","embeddable":true,"href":"https:\/\/www.fcedu.uner.edu.ar\/medianayterceraedad\/index.php?rest_route=%2Fwp%2Fv2%2Ftags&post=2180"}],"curies":[{"name":"wp","href":"https:\/\/api.w.org\/{rel}","templated":true}]}}