{"id":2235,"date":"2017-10-24T15:43:04","date_gmt":"2017-10-24T15:43:04","guid":{"rendered":"http:\/\/www.fcedu.uner.edu.ar\/medianayterceraedad\/?p=2235"},"modified":"2017-10-26T22:01:17","modified_gmt":"2017-10-26T22:01:17","slug":"el-folclore-en-el-departamento-suenos-amigos-y-baile","status":"publish","type":"post","link":"https:\/\/www.fcedu.uner.edu.ar\/medianayterceraedad\/?p=2235","title":{"rendered":"El folclore en el Departamento: sue\u00f1os, amigos y baile"},"content":{"rendered":"<p><span style=\"color: #333333;\">Aulas Abiertas Itinerantes en Bajada Grande<\/span><\/p>\n<hr \/>\n<p><span style=\"color: #333333;\">Adultos mayores de Bajada Grande y alrededores\u00a0<\/span><span style=\"color: #333333;\">se congregan en torno a la danza folcl\u00f3rica en un espacio propuesto por el <a style=\"color: #333333;\" href=\"https:\/\/www.fcedu.uner.edu.ar\/\"><strong>Departamento de la Mediana y Tercera Edad<\/strong><\/a> en el marco de las<a href=\"https:\/\/www.fcedu.uner.edu.ar\/medianayterceraedad\/?page_id=1705\"><span style=\"color: #333333;\"><strong> Aulas Abiertas Itinerantes<\/strong><\/span>.<\/a><\/span><\/p>\n<p><span style=\"color: #333333;\">Como desde hace cinco a\u00f1os, en el Club Atl\u00e9tico\u00a0<\/span><span style=\"color: #333333;\">de Bajada Grande funciona el <strong>Taller de Folclore para los adultos y adultos mayores<\/strong> que quieran concurrir a <strong>aprender la danza tradicional argentina<\/strong>, adem\u00e1s de compartir un espacio de amistad y compa\u00f1erismo.<\/span><\/p>\n<p><span style=\"color: #333333;\"><img decoding=\"async\" loading=\"lazy\" class=\"size-medium wp-image-2243 alignleft\" src=\"https:\/\/www.fcedu.uner.edu.ar\/medianayterceraedad\/wp-content\/uploads\/2017\/10\/folclore-oct-17-2-300x169.jpeg\" alt=\"\" width=\"300\" height=\"169\" srcset=\"https:\/\/www.fcedu.uner.edu.ar\/medianayterceraedad\/wp-content\/uploads\/2017\/10\/folclore-oct-17-2-300x169.jpeg 300w, https:\/\/www.fcedu.uner.edu.ar\/medianayterceraedad\/wp-content\/uploads\/2017\/10\/folclore-oct-17-2-768x432.jpeg 768w, https:\/\/www.fcedu.uner.edu.ar\/medianayterceraedad\/wp-content\/uploads\/2017\/10\/folclore-oct-17-2.jpeg 795w\" sizes=\"(max-width: 300px) 100vw, 300px\" \/>El profesor a cargo de la ense\u00f1anza de la\u00a0<\/span><span style=\"color: #333333;\">disciplina es Javier Gim\u00e9nez que convoca a los alumnos todos <strong>los viernes a partir de las 17 en las instalaciones del club<\/strong> del barrio. La mayor\u00eda de los alumnos, tanto hombres como mujeres, son de la zona, pero tambi\u00e9n suelen acercarse otros que vienen de m\u00e1s\u00a0<\/span><span style=\"color: #333333;\">lejos entusiasmados por aprender a bailar.<\/span><\/p>\n<p><span style=\"color: #333333;\">En la visita al taller por parte de algunos\u00a0<\/span><span style=\"color: #333333;\">miembros del Departamento de la Mediana y Tercera Edad de\u00a0la <a style=\"color: #333333;\" href=\"https:\/\/www.fcedu.uner.edu.ar\/\">Facultad de Ciencias de la Educaci\u00f3n<\/a>, se aprovech\u00f3 para compartir los bailes y conversar con los alumnos.<\/span><\/p>\n<p><span style=\"color: #333333;\">Jovita, de 74 a\u00f1os, de Bajada Grande, hace\u00a0<\/span><span style=\"color: #333333;\">cuatro a\u00f1os que asiste al taller. Ella contaba: \u201cMe encanta bailar. Con la edad que tengo <strong>he aprendido gracias a los profesores de maravillas<\/strong>. A nuestra edad cuesta mucho.\u201d Asimismo, resalt\u00f3 que adem\u00e1s del baile, ha encontrado un grupo de amigos y destac\u00f3: \u201cYo\u00a0<\/span><span style=\"color: #333333;\">invito a todo el mundo que venga, ya que es hermoso, <strong>uno se renueva, se siente con vitalidad y con ganas<\/strong> de hacer cosas\u201d.<\/span><\/p>\n<p><span style=\"color: #333333;\"><img decoding=\"async\" loading=\"lazy\" class=\"size-medium wp-image-2245 alignright\" src=\"https:\/\/www.fcedu.uner.edu.ar\/medianayterceraedad\/wp-content\/uploads\/2017\/10\/folclore-oct-17-300x169.jpeg\" alt=\"\" width=\"300\" height=\"169\" srcset=\"https:\/\/www.fcedu.uner.edu.ar\/medianayterceraedad\/wp-content\/uploads\/2017\/10\/folclore-oct-17-300x169.jpeg 300w, https:\/\/www.fcedu.uner.edu.ar\/medianayterceraedad\/wp-content\/uploads\/2017\/10\/folclore-oct-17-768x432.jpeg 768w, https:\/\/www.fcedu.uner.edu.ar\/medianayterceraedad\/wp-content\/uploads\/2017\/10\/folclore-oct-17.jpeg 795w\" sizes=\"(max-width: 300px) 100vw, 300px\" \/>Zulma, por su parte, que pasa los 50 a\u00f1os,\u00a0<\/span><span style=\"color: #333333;\">ya hace dos a\u00f1os que est\u00e1 en el taller y nos compart\u00eda: \u201cEs muy lindo poder <strong>haber concretado aqu\u00ed un sue\u00f1o que ten\u00eda<\/strong> de aprender las danzas folcl\u00f3ricas. A mi edad era un sue\u00f1o no realizado. Esto <strong>me llena mucho<\/strong>, me emociona ver bailar folclore as\u00ed que el poder\u00a0<\/span><span style=\"color: #333333;\">bailarlo yo, mucho m\u00e1s\u201d. Con respecto al grupo y a los profesores afirmaba que \u201cson muy buenos los docentes y ya es <strong>un grupo de amigos<\/strong>\u201d.<\/span><\/p>\n<p><span style=\"color: #333333;\">Desde el 2013, Delia forma parte del grupo\u00a0<\/span><span style=\"color: #333333;\">sin practicar el baile. Ella no p<\/span><span style=\"color: #333333;\">uede bailar pero asiste todos los viernes y acompa\u00f1a, disfruta de la m\u00fasica y de ver bailar a sus amigos. \u201cSoy colaboradora de este grupo de adultos mayores con el que<strong> lo paso muy bien<\/strong>\u201d.<\/span><\/p>\n<p><span style=\"color: #333333;\">Marcelino, de 72 a\u00f1os, viene al taller desde\u00a0<\/span><span style=\"color: #333333;\">hace tres a\u00f1os. Bailar en este taller le ha abierto la puerta para integrarse tambi\u00e9n a un taller en el Centro Cultural Juan L. Ortiz. \u201cVengo ac\u00e1 porque <strong>es un compromiso<\/strong> que he asumido. Adem\u00e1s <strong>nos divertimos, charlamos y aprendemos<\/strong> un poco m\u00e1s. Es muy lindo,\u00a0<\/span><span style=\"color: #333333;\">me encanta\u201d.<\/span><\/p>\n<p><span style=\"color: #333333;\"><img decoding=\"async\" loading=\"lazy\" class=\"size-medium wp-image-2244 alignleft\" src=\"https:\/\/www.fcedu.uner.edu.ar\/medianayterceraedad\/wp-content\/uploads\/2017\/10\/folclore-oct-17-3-300x169.jpeg\" alt=\"\" width=\"300\" height=\"169\" srcset=\"https:\/\/www.fcedu.uner.edu.ar\/medianayterceraedad\/wp-content\/uploads\/2017\/10\/folclore-oct-17-3-300x169.jpeg 300w, https:\/\/www.fcedu.uner.edu.ar\/medianayterceraedad\/wp-content\/uploads\/2017\/10\/folclore-oct-17-3-768x433.jpeg 768w, https:\/\/www.fcedu.uner.edu.ar\/medianayterceraedad\/wp-content\/uploads\/2017\/10\/folclore-oct-17-3.jpeg 784w\" sizes=\"(max-width: 300px) 100vw, 300px\" \/>Este a\u00f1o, como el anterior, los alumnos del\u00a0<\/span><span style=\"color: #333333;\">Taller de Folclore van a<br \/>\npresentarse en la Muestra Anual del Departamento de la Mediana y Tercera Edad, por lo que ya se est\u00e1n preparando. Adem\u00e1s, tuvieron la posibilidad de mostrar su arte en la fiesta patronal del barrio que se realiz\u00f3 el 10 de octubre pasado\u00a0<\/span><span style=\"color: #333333;\">en la parroquia de Bajada Grande.<\/span><\/p>\n<p>&nbsp;<\/p>\n<p>&nbsp;<\/p>\n<h4><span style=\"color: #00c768;\">Sobre el Departamento y las Aulas Abiertas Itinerantes <\/span><\/h4>\n<p><span style=\"color: #333333;\">El <strong>Departamento de la Mediana y Tercera Edad de la\u00a0Facultad de Ciencias de la Educaci\u00f3n <\/strong>de la Universidad Nacional de Entre R\u00edos funciona hace 34 a\u00f1os con el objetivo de brindar un espacio de educaci\u00f3n no formal y permanente a adultos y adultos mayores, <strong>contribuyendo a su empoderamiento y a\u00a0la\u00a0mejora en su\u00a0calidad de vida<\/strong>.<\/span><\/p>\n<p><span style=\"color: #333333;\">En su af\u00e1n por llegar a todas\u00a0de las personas de este rango et\u00e1reo con su propuesta educativa y social, el Departamento promueve talleres y cursos <strong>m\u00e1s all\u00e1 de los l\u00edmites de la Facultad a trav\u00e9s de las Aulas Abiertas Itinerantes<\/strong>, que funcionan en el marco del <strong>Programa de Extensi\u00f3n de la UNER: \u201cParticipaci\u00f3n, Asociativismo y Educaci\u00f3n Permanente con Adultos Mayores\u201d<\/strong>. Con estos espacios abiertos y gratuitos que se llevan a cabo en municipios, asociaciones y otros \u00e1mbitos, se pone la mirada en esos otros atravesados por barreras econ\u00f3micas, culturales, geogr\u00e1ficas, muchas veces marcados por la exclusi\u00f3n social.<\/span><\/p>\n<p>&nbsp;<\/p>\n<p>&nbsp;<\/p>\n","protected":false},"excerpt":{"rendered":"<p>Aulas Abiertas Itinerantes en Bajada Grande Adultos mayores de Bajada Grande y alrededores\u00a0se congregan en torno a la danza folcl\u00f3rica en un espacio propuesto por el Departamento de la Mediana y Tercera Edad en el marco de las Aulas Abiertas Itinerantes. Como desde hace cinco a\u00f1os, en el Club Atl\u00e9tico\u00a0de Bajada Grande funciona el Taller&#8230; <\/p>\n<div class=\"clear\"><\/div>\n<p><a href=\"https:\/\/www.fcedu.uner.edu.ar\/medianayterceraedad\/?p=2235\" class=\"excerpt-read-more\">Read More<i class=\"fa fa-caret-right icon-caret-right\"><\/i><\/a><\/p>\n","protected":false},"author":1,"featured_media":2244,"comment_status":"open","ping_status":"open","sticky":false,"template":"","format":"gallery","meta":{"footnotes":""},"categories":[31,1],"tags":[],"_links":{"self":[{"href":"https:\/\/www.fcedu.uner.edu.ar\/medianayterceraedad\/index.php?rest_route=\/wp\/v2\/posts\/2235"}],"collection":[{"href":"https:\/\/www.fcedu.uner.edu.ar\/medianayterceraedad\/index.php?rest_route=\/wp\/v2\/posts"}],"about":[{"href":"https:\/\/www.fcedu.uner.edu.ar\/medianayterceraedad\/index.php?rest_route=\/wp\/v2\/types\/post"}],"author":[{"embeddable":true,"href":"https:\/\/www.fcedu.uner.edu.ar\/medianayterceraedad\/index.php?rest_route=\/wp\/v2\/users\/1"}],"replies":[{"embeddable":true,"href":"https:\/\/www.fcedu.uner.edu.ar\/medianayterceraedad\/index.php?rest_route=%2Fwp%2Fv2%2Fcomments&post=2235"}],"version-history":[{"count":14,"href":"https:\/\/www.fcedu.uner.edu.ar\/medianayterceraedad\/index.php?rest_route=\/wp\/v2\/posts\/2235\/revisions"}],"predecessor-version":[{"id":2268,"href":"https:\/\/www.fcedu.uner.edu.ar\/medianayterceraedad\/index.php?rest_route=\/wp\/v2\/posts\/2235\/revisions\/2268"}],"wp:featuredmedia":[{"embeddable":true,"href":"https:\/\/www.fcedu.uner.edu.ar\/medianayterceraedad\/index.php?rest_route=\/wp\/v2\/media\/2244"}],"wp:attachment":[{"href":"https:\/\/www.fcedu.uner.edu.ar\/medianayterceraedad\/index.php?rest_route=%2Fwp%2Fv2%2Fmedia&parent=2235"}],"wp:term":[{"taxonomy":"category","embeddable":true,"href":"https:\/\/www.fcedu.uner.edu.ar\/medianayterceraedad\/index.php?rest_route=%2Fwp%2Fv2%2Fcategories&post=2235"},{"taxonomy":"post_tag","embeddable":true,"href":"https:\/\/www.fcedu.uner.edu.ar\/medianayterceraedad\/index.php?rest_route=%2Fwp%2Fv2%2Ftags&post=2235"}],"curies":[{"name":"wp","href":"https:\/\/api.w.org\/{rel}","templated":true}]}}