{"id":2257,"date":"2017-10-26T18:50:33","date_gmt":"2017-10-26T18:50:33","guid":{"rendered":"http:\/\/www.fcedu.uner.edu.ar\/medianayterceraedad\/?p=2257"},"modified":"2017-10-26T22:08:30","modified_gmt":"2017-10-26T22:08:30","slug":"pregoneras-de-historias-narraciones-para-adultos-en-la-fcedu","status":"publish","type":"post","link":"https:\/\/www.fcedu.uner.edu.ar\/medianayterceraedad\/?p=2257","title":{"rendered":"Pregoneras de Historias: Narraciones para adultos en la FCEDU"},"content":{"rendered":"<p><span style=\"color: #333333;\"><strong>27 de octubre \/ Presentaci\u00f3n del Club de Narradores del DMyTE \/ Organiza la Asociaci\u00f3n Universitaria de la Mediana y Tercera Edad.<\/strong><\/span><\/p>\n<hr \/>\n<p><span style=\"color: #333333;\"><img decoding=\"async\" loading=\"lazy\" class=\"alignleft size-medium wp-image-2262\" src=\"https:\/\/www.fcedu.uner.edu.ar\/medianayterceraedad\/wp-content\/uploads\/2017\/10\/20161027_2048431-e1509055104225-300x207.jpg\" alt=\"\" width=\"300\" height=\"207\" srcset=\"https:\/\/www.fcedu.uner.edu.ar\/medianayterceraedad\/wp-content\/uploads\/2017\/10\/20161027_2048431-e1509055104225-300x207.jpg 300w, https:\/\/www.fcedu.uner.edu.ar\/medianayterceraedad\/wp-content\/uploads\/2017\/10\/20161027_2048431-e1509055104225.jpg 518w\" sizes=\"(max-width: 300px) 100vw, 300px\" \/>La <strong><span style=\"color: #497bbd;\"><a style=\"color: #497bbd;\" href=\"https:\/\/www.fcedu.uner.edu.ar\/medianayterceraedad\/?page_id=1690\">Asociaci\u00f3n Universitaria de la Mediana y Tercera Edad de la Facultad de Ciencias de la Educaci\u00f3n de la UNER <\/a><\/span><\/strong>invita a la presentaci\u00f3n de <strong>\u201cNarraciones para Adultos: Pregoneras de Historias\u201d<\/strong>del <strong><span style=\"color: #497bbd;\"><a style=\"color: #497bbd;\" href=\"http:\/\/www.cn.fac.org.ar\/\">Club de Narradores del Departamento de la Mediana y Tercera Edad<\/a><\/span><\/strong>. El evento tendr\u00e1 lugar el <strong>viernes 27 de octubre a las 19:30 en el Auditorio \u201cRodolfo Walsh\u201d de la FCEDU, Buenos Aires 389.<\/strong><\/span><\/p>\n<p><span style=\"color: #333333;\">La propuesta es parte de las <strong>actividades culturales<\/strong> que la Asociaci\u00f3n Universitaria de la Mediana y Tercera Edad organiza para promover espacios art\u00edsticos, de recreaci\u00f3n y de encuentro. Las narraciones para adultos y adultas articulan cada a\u00f1o la tarea de extensi\u00f3n que realizan las narradoras con la vocaci\u00f3n de servicio de la Asociaci\u00f3n.<\/span><\/p>\n<p><span style=\"color: #333333;\">En esta oportunidad las encargadas de trasmitir las historias ser\u00e1n: <strong>Marisa Rodr\u00edguez, Dady Grand, Myriam Stella Galizzi, Liliana Denis, Lelia Galussi y Mireya Alcain.\u00a0<\/strong>Coordina el Club de Narradores del Departamento de la Mediana y Tercera Edad la Lic. en Comunicaci\u00f3n Social El\u00edn Rodr\u00edguez.\u00a0<\/span><\/p>\n","protected":false},"excerpt":{"rendered":"<p>27 de octubre \/ Presentaci\u00f3n del Club de Narradores del DMyTE \/ Organiza la Asociaci\u00f3n Universitaria de la Mediana y Tercera Edad. La Asociaci\u00f3n Universitaria de la Mediana y Tercera Edad de la Facultad de Ciencias de la Educaci\u00f3n de la UNER invita a la presentaci\u00f3n de \u201cNarraciones para Adultos: Pregoneras de Historias\u201ddel Club de&#8230; <\/p>\n<div class=\"clear\"><\/div>\n<p><a href=\"https:\/\/www.fcedu.uner.edu.ar\/medianayterceraedad\/?p=2257\" class=\"excerpt-read-more\">Read More<i class=\"fa fa-caret-right icon-caret-right\"><\/i><\/a><\/p>\n","protected":false},"author":1,"featured_media":2258,"comment_status":"open","ping_status":"open","sticky":false,"template":"","format":"gallery","meta":{"footnotes":""},"categories":[30,1],"tags":[],"_links":{"self":[{"href":"https:\/\/www.fcedu.uner.edu.ar\/medianayterceraedad\/index.php?rest_route=\/wp\/v2\/posts\/2257"}],"collection":[{"href":"https:\/\/www.fcedu.uner.edu.ar\/medianayterceraedad\/index.php?rest_route=\/wp\/v2\/posts"}],"about":[{"href":"https:\/\/www.fcedu.uner.edu.ar\/medianayterceraedad\/index.php?rest_route=\/wp\/v2\/types\/post"}],"author":[{"embeddable":true,"href":"https:\/\/www.fcedu.uner.edu.ar\/medianayterceraedad\/index.php?rest_route=\/wp\/v2\/users\/1"}],"replies":[{"embeddable":true,"href":"https:\/\/www.fcedu.uner.edu.ar\/medianayterceraedad\/index.php?rest_route=%2Fwp%2Fv2%2Fcomments&post=2257"}],"version-history":[{"count":14,"href":"https:\/\/www.fcedu.uner.edu.ar\/medianayterceraedad\/index.php?rest_route=\/wp\/v2\/posts\/2257\/revisions"}],"predecessor-version":[{"id":2276,"href":"https:\/\/www.fcedu.uner.edu.ar\/medianayterceraedad\/index.php?rest_route=\/wp\/v2\/posts\/2257\/revisions\/2276"}],"wp:featuredmedia":[{"embeddable":true,"href":"https:\/\/www.fcedu.uner.edu.ar\/medianayterceraedad\/index.php?rest_route=\/wp\/v2\/media\/2258"}],"wp:attachment":[{"href":"https:\/\/www.fcedu.uner.edu.ar\/medianayterceraedad\/index.php?rest_route=%2Fwp%2Fv2%2Fmedia&parent=2257"}],"wp:term":[{"taxonomy":"category","embeddable":true,"href":"https:\/\/www.fcedu.uner.edu.ar\/medianayterceraedad\/index.php?rest_route=%2Fwp%2Fv2%2Fcategories&post=2257"},{"taxonomy":"post_tag","embeddable":true,"href":"https:\/\/www.fcedu.uner.edu.ar\/medianayterceraedad\/index.php?rest_route=%2Fwp%2Fv2%2Ftags&post=2257"}],"curies":[{"name":"wp","href":"https:\/\/api.w.org\/{rel}","templated":true}]}}