{"id":2277,"date":"2017-11-10T14:52:28","date_gmt":"2017-11-10T14:52:28","guid":{"rendered":"http:\/\/www.fcedu.uner.edu.ar\/medianayterceraedad\/?p=2277"},"modified":"2017-11-14T14:18:47","modified_gmt":"2017-11-14T14:18:47","slug":"pregoneras-de-historias","status":"publish","type":"post","link":"https:\/\/www.fcedu.uner.edu.ar\/medianayterceraedad\/?p=2277","title":{"rendered":"Pregoneras de historias"},"content":{"rendered":"<h4>Pregoneras de historias (27.10.2017)<\/h4>\n<p><span style=\"color: #333333;\">\u201cHab\u00eda una vez\u201d\u2026 as\u00ed deber\u00eda comenzar esta presentaci\u00f3n del Club de Narradores del Departamento de la Mediana y Tercera Edad que pertenece a la Facultad de Ciencias de la Educaci\u00f3n de la UNER. Presentaci\u00f3n que ha sido organizada por la Biblioteca de la Asociaci\u00f3n Universitaria de la Mediana y Tercera Edad por s\u00e9ptimo a\u00f1o consecutivo. <\/span><br \/>\n<span style=\"color: #333333;\"> No es casual que en esta oportunidad las integrantes hayan elegido llamar a este evento \u201cPregoneras de Historias\u201d.<\/span><br \/>\n<span style=\"color: #333333;\"> La tan conocida Feria del Libro Infantil y Juvenil que se realiza anualmente desde hace 26 a\u00f1os en Buenos Aires instituye desde 1990 el Premio anual \u201cPregoneros\u201d a personas e instituciones que difunden la literatura infantil y juvenil argentina desarrollando su vocaci\u00f3n desde diferentes \u00e1mbitos de trabajo. <\/span><\/p>\n<p><span style=\"color: #333333;\"><img decoding=\"async\" loading=\"lazy\" class=\"size-medium wp-image-2292 alignright\" src=\"https:\/\/www.fcedu.uner.edu.ar\/medianayterceraedad\/wp-content\/uploads\/2017\/11\/CARRETA-LA-ANDARIEGA-ch-300x243.jpg\" alt=\"\" width=\"300\" height=\"243\" srcset=\"https:\/\/www.fcedu.uner.edu.ar\/medianayterceraedad\/wp-content\/uploads\/2017\/11\/CARRETA-LA-ANDARIEGA-ch-300x243.jpg 300w, https:\/\/www.fcedu.uner.edu.ar\/medianayterceraedad\/wp-content\/uploads\/2017\/11\/CARRETA-LA-ANDARIEGA-ch.jpg 696w\" sizes=\"(max-width: 300px) 100vw, 300px\" \/>Este a\u00f1o 2017 decidi\u00f3 otorgar el Premio \u201cPregoneros\u201d-Instituci\u00f3n a nuestro Club de Narradores. Merecimiento justo a una trayectoria y una dedicaci\u00f3n constante de 24 a\u00f1os de una tarea persistente y silenciosa coordinada por su mentora Prof. Mirta Cossia de Pacher, nuestra Cachita, hasta el a\u00f1o pr\u00f3ximo pasado y actualmente por la Lic. Elin Rodr\u00edguez.<\/span><\/p>\n<p><span style=\"color: #333333;\">El premio es una r\u00e9plica de la carreta \u201cLa andariega\u201d de Javier Villafa\u00f1e, poeta, escritor y titiritero argentino, con la que recorri\u00f3 la Argentina y pa\u00edses lim\u00edtrofes pregonando sus historias, cuentos y relatos.<\/span><\/p>\n<p><span style=\"color: #333333;\">Vargas Llosa dec\u00eda que le fascinaba imaginar a los antiguos antepasados en las cavernas, en torno a las hogueras en noches hirvientes de amenazas, inventando historias y pregon\u00e1ndolas como un modo de guarecerse de un mundo desconocido y peligroso. Como dijera la escritora Muriel Barbery: \u201c \u2026el contador de historias transforma la vida en un r\u00edo de resplandecientes reflejos en el que se anegan la pena y el tedio.\u201d\u00b4<\/span><br \/>\n<span style=\"color: #333333;\"> En una \u00e9poca en que casi se han perdido las tertulias familiares donde se transmit\u00edan historias de padres y abuelos, en una \u00e9poca en que la palabra parece perder en beneficio de la imagen, la Narraci\u00f3n Oral abre caminos insospechados. Porque la narraci\u00f3n de cuentos tiene proyecciones que van m\u00e1s all\u00e1 del mero placer. El contador de cuentos recrea las palabras que resuenan y dejan huellas navegando en la mente del que las oye. El cuento es la semilla, nosotros somos su tierra<\/span><br \/>\n<span style=\"color: #333333;\"> Y COLOR\u00cdN COLORADO, este cuento entra por un zapato roto para que las narradoras cuenten otros.<\/span><\/p>\n<p>&nbsp;<\/p>\n<p><strong>Autora:<\/strong><\/p>\n<p>Liliana Mont\u00f3rfano &#8211; alumna del Departamento de la Mediana y Tercera Edad y miembro de la Asociaci\u00f3n Universitaria de la Mediana y Tercera Edad.<\/p>\n<p>&nbsp;<\/p>\n","protected":false},"excerpt":{"rendered":"<p>Pregoneras de historias (27.10.2017) \u201cHab\u00eda una vez\u201d\u2026 as\u00ed deber\u00eda comenzar esta presentaci\u00f3n del Club de Narradores del Departamento de la Mediana y Tercera Edad que pertenece a la Facultad de Ciencias de la Educaci\u00f3n de la UNER. Presentaci\u00f3n que ha sido organizada por la Biblioteca de la Asociaci\u00f3n Universitaria de la Mediana y Tercera Edad&#8230; <\/p>\n<div class=\"clear\"><\/div>\n<p><a href=\"https:\/\/www.fcedu.uner.edu.ar\/medianayterceraedad\/?p=2277\" class=\"excerpt-read-more\">Read More<i class=\"fa fa-caret-right icon-caret-right\"><\/i><\/a><\/p>\n","protected":false},"author":1,"featured_media":2292,"comment_status":"open","ping_status":"open","sticky":false,"template":"","format":"gallery","meta":{"footnotes":""},"categories":[26],"tags":[27],"_links":{"self":[{"href":"https:\/\/www.fcedu.uner.edu.ar\/medianayterceraedad\/index.php?rest_route=\/wp\/v2\/posts\/2277"}],"collection":[{"href":"https:\/\/www.fcedu.uner.edu.ar\/medianayterceraedad\/index.php?rest_route=\/wp\/v2\/posts"}],"about":[{"href":"https:\/\/www.fcedu.uner.edu.ar\/medianayterceraedad\/index.php?rest_route=\/wp\/v2\/types\/post"}],"author":[{"embeddable":true,"href":"https:\/\/www.fcedu.uner.edu.ar\/medianayterceraedad\/index.php?rest_route=\/wp\/v2\/users\/1"}],"replies":[{"embeddable":true,"href":"https:\/\/www.fcedu.uner.edu.ar\/medianayterceraedad\/index.php?rest_route=%2Fwp%2Fv2%2Fcomments&post=2277"}],"version-history":[{"count":7,"href":"https:\/\/www.fcedu.uner.edu.ar\/medianayterceraedad\/index.php?rest_route=\/wp\/v2\/posts\/2277\/revisions"}],"predecessor-version":[{"id":2316,"href":"https:\/\/www.fcedu.uner.edu.ar\/medianayterceraedad\/index.php?rest_route=\/wp\/v2\/posts\/2277\/revisions\/2316"}],"wp:featuredmedia":[{"embeddable":true,"href":"https:\/\/www.fcedu.uner.edu.ar\/medianayterceraedad\/index.php?rest_route=\/wp\/v2\/media\/2292"}],"wp:attachment":[{"href":"https:\/\/www.fcedu.uner.edu.ar\/medianayterceraedad\/index.php?rest_route=%2Fwp%2Fv2%2Fmedia&parent=2277"}],"wp:term":[{"taxonomy":"category","embeddable":true,"href":"https:\/\/www.fcedu.uner.edu.ar\/medianayterceraedad\/index.php?rest_route=%2Fwp%2Fv2%2Fcategories&post=2277"},{"taxonomy":"post_tag","embeddable":true,"href":"https:\/\/www.fcedu.uner.edu.ar\/medianayterceraedad\/index.php?rest_route=%2Fwp%2Fv2%2Ftags&post=2277"}],"curies":[{"name":"wp","href":"https:\/\/api.w.org\/{rel}","templated":true}]}}