{"id":2684,"date":"2018-05-17T21:59:22","date_gmt":"2018-05-17T21:59:22","guid":{"rendered":"http:\/\/www.fcedu.uner.edu.ar\/medianayterceraedad\/?p=2684"},"modified":"2018-05-17T21:59:49","modified_gmt":"2018-05-17T21:59:49","slug":"congreso-iberoamericano-educacion-y-personas-mayores","status":"publish","type":"post","link":"https:\/\/www.fcedu.uner.edu.ar\/medianayterceraedad\/?p=2684","title":{"rendered":"Congreso Iberoamericano Educaci\u00f3n y Personas Mayores"},"content":{"rendered":"<p><span style=\"color: #333333;\"><strong>El Departamento de la Mediana y Tercera Edad de la Facultad de Ciencias de la Educaci\u00f3n -UNER, como miembro de la Red Iberoamericana de Programas Universitarios con Adultos Mayores (Ripuam), invita a participar del Congreso Iberoamericano Educaci\u00f3n y Personas Mayores: <em>Desaf\u00edos para el Siglo XXI<\/em> a realizarse en Santiago de Chile el 25 y 26 de octubre.<\/strong><\/span><\/p>\n<hr \/>\n<p><span style=\"color: #333333;\">El \u201c<strong>Congreso Iberoamericano Educaci\u00f3n y Personas Mayores: <em>Desaf\u00edo para el siglo XXI<\/em><\/strong>\u201d, y <strong>VII Congreso Iberoamericano de Programas Universitarios para Adultos Mayores,<\/strong> se realizar\u00e1n de manera simult\u00e1nea en Santiago de Chile, el 25 y 26 de octubre del presente.<\/span><\/p>\n<p><span style=\"color: #333333;\">La organizaci\u00f3n ejecutiva est\u00e1 a cargo de la Pontificia Universidad Cat\u00f3lica de Chile y cuenta con la colaboraci\u00f3n de las universidades que conforman la Ripuam, red de la que este Departamento es miembro desde sus or\u00edgenes.<\/span><\/p>\n<p><span style=\"color: #333333;\">En el facebook oficial del Congreso <span style=\"color: #3366ff;\">(<a style=\"color: #3366ff;\" href=\"https:\/\/www.facebook.com\/educacionypersonasmayores\/\">https:\/\/www.facebook.com\/educacionypersonasmayores\/<\/a>)<\/span> se puede obtener informaci\u00f3n sobre los fundamentos, objetivos y ejes tem\u00e1ticos a trabajar, como as\u00ed tambi\u00e9n los enlaces para descargar las indicaciones y los formularios para enviar res\u00famenes. El plazo m\u00e1ximo de presentaci\u00f3n es el 30 de junio.<\/span><\/p>\n<h5><span style=\"color: #00c768;\">Los Congresos de la Ripuam<\/span><\/h5>\n<p><span style=\"color: #333333;\">La historia de estos congresos de universidades iberoamericanas que cuentan con espacios educativos con adultos mayores, se remonta a un primer encuentro en Sevilla (Espa\u00f1a) all\u00e1 por el 1999, formaliz\u00e1ndose luego en congresos peri\u00f3dicos que se realizaron en Lima, Per\u00fa (2005); Paran\u00e1, <\/span><span style=\"color: #333333;\">Argentina<\/span><span style=\"color: #333333;\"> (2007); San Jos\u00e9,\u00a0 <\/span><span style=\"color: #333333;\">Costa Rica <\/span><span style=\"color: #333333;\">(2009); Alicante, <\/span><span style=\"color: #333333;\">Espa\u00f1a<\/span><span style=\"color: #333333;\"> (2011); La Habana,\u00a0 <\/span><span style=\"color: #333333;\">Cuba <\/span><span style=\"color: #333333;\">(2013) y en Ponta Grossa,\u00a0 <\/span><span style=\"color: #333333;\">Brasil <\/span><span style=\"color: #333333;\">(2015).<\/span><\/p>\n<p><span style=\"color: #333333;\">Desde sus inicios el Departamento de la Mediana y Tercera Edad ha participado activamente de estos eventos y alienta a que cada vez m\u00e1s interesados en la tem\u00e1tica se sumen a estos congresos internacionales que siempre se han convertido en espacios de gran riqueza acad\u00e9mica pues facilita el acercamiento, reflexi\u00f3n, intercambio y proyecciones entre los pares que trabajan en toda Iberoam\u00e9rica en pos de la educaci\u00f3n con adultos mayores.<\/span><\/p>\n<p><span style=\"color: #333333;\">\u00a0<\/span><\/p>\n<p>&nbsp;<\/p>\n<p>&nbsp;<\/p>\n","protected":false},"excerpt":{"rendered":"<p>El Departamento de la Mediana y Tercera Edad de la Facultad de Ciencias de la Educaci\u00f3n -UNER, como miembro de la Red Iberoamericana de Programas Universitarios con Adultos Mayores (Ripuam), invita a participar del Congreso Iberoamericano Educaci\u00f3n y Personas Mayores: Desaf\u00edos para el Siglo XXI a realizarse en Santiago de Chile el 25 y 26&#8230; <\/p>\n<div class=\"clear\"><\/div>\n<p><a href=\"https:\/\/www.fcedu.uner.edu.ar\/medianayterceraedad\/?p=2684\" class=\"excerpt-read-more\">Read More<i class=\"fa fa-caret-right icon-caret-right\"><\/i><\/a><\/p>\n","protected":false},"author":1,"featured_media":2687,"comment_status":"open","ping_status":"open","sticky":false,"template":"","format":"gallery","meta":{"footnotes":""},"categories":[1],"tags":[],"_links":{"self":[{"href":"https:\/\/www.fcedu.uner.edu.ar\/medianayterceraedad\/index.php?rest_route=\/wp\/v2\/posts\/2684"}],"collection":[{"href":"https:\/\/www.fcedu.uner.edu.ar\/medianayterceraedad\/index.php?rest_route=\/wp\/v2\/posts"}],"about":[{"href":"https:\/\/www.fcedu.uner.edu.ar\/medianayterceraedad\/index.php?rest_route=\/wp\/v2\/types\/post"}],"author":[{"embeddable":true,"href":"https:\/\/www.fcedu.uner.edu.ar\/medianayterceraedad\/index.php?rest_route=\/wp\/v2\/users\/1"}],"replies":[{"embeddable":true,"href":"https:\/\/www.fcedu.uner.edu.ar\/medianayterceraedad\/index.php?rest_route=%2Fwp%2Fv2%2Fcomments&post=2684"}],"version-history":[{"count":9,"href":"https:\/\/www.fcedu.uner.edu.ar\/medianayterceraedad\/index.php?rest_route=\/wp\/v2\/posts\/2684\/revisions"}],"predecessor-version":[{"id":2694,"href":"https:\/\/www.fcedu.uner.edu.ar\/medianayterceraedad\/index.php?rest_route=\/wp\/v2\/posts\/2684\/revisions\/2694"}],"wp:featuredmedia":[{"embeddable":true,"href":"https:\/\/www.fcedu.uner.edu.ar\/medianayterceraedad\/index.php?rest_route=\/wp\/v2\/media\/2687"}],"wp:attachment":[{"href":"https:\/\/www.fcedu.uner.edu.ar\/medianayterceraedad\/index.php?rest_route=%2Fwp%2Fv2%2Fmedia&parent=2684"}],"wp:term":[{"taxonomy":"category","embeddable":true,"href":"https:\/\/www.fcedu.uner.edu.ar\/medianayterceraedad\/index.php?rest_route=%2Fwp%2Fv2%2Fcategories&post=2684"},{"taxonomy":"post_tag","embeddable":true,"href":"https:\/\/www.fcedu.uner.edu.ar\/medianayterceraedad\/index.php?rest_route=%2Fwp%2Fv2%2Ftags&post=2684"}],"curies":[{"name":"wp","href":"https:\/\/api.w.org\/{rel}","templated":true}]}}