{"id":2695,"date":"2018-05-23T20:05:50","date_gmt":"2018-05-23T20:05:50","guid":{"rendered":"http:\/\/www.fcedu.uner.edu.ar\/medianayterceraedad\/?p=2695"},"modified":"2018-05-23T20:05:50","modified_gmt":"2018-05-23T20:05:50","slug":"miembro-de-la-academia-nacional-de-bellas-artes-dara-un-curso-de-arte-en-argentina","status":"publish","type":"post","link":"https:\/\/www.fcedu.uner.edu.ar\/medianayterceraedad\/?p=2695","title":{"rendered":"Miembro de la Academia Nacional de Bellas Artes dar\u00e1 un curso de arte en Argentina"},"content":{"rendered":"<div style=\"text-align: left;\"><span style=\"font-family: 'Century Gothic', sans-serif; font-size: small;\"><i><span style=\"font-family: 'Century Gothic', sans-serif; font-size: medium;\">Cuatro momentos del arte en la Argentina<\/span><span style=\"font-family: 'Century Gothic', sans-serif; font-size: medium;\">\u00a0es el curso que dar\u00e1 el miembro de la Academia Nacional de Bellas Artes y asesor Honorario de la Comisi\u00f3n Nacional de Museos y Monumentos Hist\u00f3ricos, Marcelo Olmos. Organizada por el Departamento de la Mediana y Tercera Edad (DMyTE) de la Facultad de Ciencias de la Educaci\u00f3n, la propuesta es abierta al p\u00fablico general, tendr\u00e1 cuatro encuentros y comenzar\u00e1 este jueves 24 de mayo. Est\u00e1 abierta la inscripci\u00f3n.<\/span><\/i><\/span><\/div>\n<div style=\"text-align: left;\"><\/div>\n<div style=\"text-align: left;\"><span style=\"font-family: 'Century Gothic', sans-serif; font-size: small;\"><i><span style=\"font-family: 'Century Gothic', sans-serif; font-size: medium;\">Olmos adem\u00e1s es arquitecto y ex director por concurso abierto nacional de los Museos Provinciales de Entre R\u00edos y Santa Fe. En 2003 recibi\u00f3 el Premio Fray Mocho 2003, y es docente en la Universidad Nacional del Litoral y en la Universidad Aut\u00f3noma de Entre R\u00edos.<\/span><\/i><\/span><\/div>\n<div style=\"text-align: left;\"><span style=\"font-family: 'Century Gothic', sans-serif; font-size: small;\"><i><span style=\"font-family: 'Century Gothic', sans-serif; font-size: medium;\">El curso es parte del programa 2018 del Departamento de la Mediana y Tercera Edad. Comenzar\u00e1 este jueves 24 de mayo y se extender\u00e1 los tres jueves siguientes. Se dar\u00e1 en el auditorio Rodolfo Walsh, Buenos Aires 389, y cada encuentro ser\u00e1 de 18:00 a 20:00. Los interesados deber\u00e1n inscribirse en la sede del DMyTE, Alameda de la Federaci\u00f3n 115.<\/span><\/i><\/span><\/div>\n<div style=\"text-align: left;\"><span style=\"font-family: 'Century Gothic', sans-serif; font-size: small;\"><i><span style=\"font-family: 'Century Gothic', sans-serif; font-size: medium;\">La propuesta<\/span><\/i><\/span><\/div>\n<div style=\"text-align: left;\"><span style=\"font-family: 'Century Gothic', sans-serif; font-size: small;\"><i><span style=\"font-family: 'Century Gothic', sans-serif; font-size: medium;\">Esta invitaci\u00f3n presenta el arte como punto de partida para lograr el aprendizaje de contenidos socio-hist\u00f3ricos y ling\u00fc\u00edsticos.\u00a0<\/span><span style=\"font-family: 'Century Gothic', sans-serif; font-size: medium;\">\u00a0<\/span><span style=\"font-family: 'Century Gothic', sans-serif; font-size: medium;\">\u201cCuatro recortes en la historia del arte en la Argentina, ahondando instantes claves en el desarrollo de la tem\u00e1tica en donde contexto y protagonistas van marcando la producci\u00f3n en un panorama complejo de interacciones\u201d, se\u00f1al\u00f3 Olmos en torno a la din\u00e1mica de trabajo.<\/span><\/i><\/span><\/div>\n<div style=\"text-align: left;\"><span style=\"font-family: 'Century Gothic', sans-serif; font-size: small;\"><i><span style=\"font-family: 'Century Gothic', sans-serif; font-size: medium;\">De este modo, con el tema \u201cUna nueva y gloriosa Naci\u00f3n\u201d se inicia el desarrollo del curso, el 24 de mayo de 18:00 a 20:00. Para continuar, el jueves siguiente 31 de mayo con la tem\u00e1tica \u201cAmerindia, la b\u00fasqueda de las ra\u00edces\u201d. En tanto que, el 7 de junio se trabajar\u00e1 \u201cArte en clave Di Tella\u201d para finalizar el mismo, el 14 de junio mediante la exposici\u00f3n \u201cCentro y periferia y su vigencia disfrazada\u201d.<\/span><\/i><\/span><\/div>\n<div style=\"text-align: left;\"><span style=\"font-family: 'Century Gothic', sans-serif; font-size: small;\"><i><span style=\"font-family: 'Century Gothic', sans-serif; font-size: medium;\">\u00a0<\/span><\/i><\/span><\/div>\n<div style=\"text-align: left;\"><span style=\"font-family: 'Century Gothic', sans-serif; font-size: small;\"><i><span style=\"font-family: 'Century Gothic', sans-serif; font-size: medium;\">Informes e inscripciones<\/span><\/i><\/span><\/div>\n<div style=\"text-align: left;\"><span style=\"font-family: 'Century Gothic', sans-serif; font-size: small;\"><i><span style=\"font-family: 'Century Gothic', sans-serif; font-size: medium;\">Los interesados en obtener m\u00e1s informaci\u00f3n y\/o inscribirse deber\u00e1n dirigirse a la sede del DMyTE de la Facultad de Ciencias de la Educaci\u00f3n, perteneciente a la Universidad Nacional de Entre R\u00edos (UNER), Alameda de la Federaci\u00f3n 115.<\/span><span style=\"font-family: 'Century Gothic', sans-serif; font-size: medium;\">\u00a0<\/span><span style=\"font-family: 'Century Gothic', sans-serif; font-size: medium;\">Los horarios de atenci\u00f3n son de lunes a viernes de 16:00 a 19:00. Tambi\u00e9n pueden comunicarse por las siguientes v\u00edas:<\/span><\/i><\/span><\/div>\n<div style=\"text-align: left;\"><span style=\"font-family: 'Century Gothic', sans-serif; font-size: small;\"><i><span style=\"font-family: 'Century Gothic', sans-serif; font-size: medium;\">\u00a0<\/span><span style=\"font-family: 'Century Gothic', sans-serif; font-size: medium;\">Telef\u00f3nicamente al Tel, 0343 4222033-4230657 interno49<\/span><\/i><\/span><\/div>\n<div style=\"text-align: left;\"><span style=\"font-family: 'Century Gothic', sans-serif; font-size: small;\"><i><span style=\"font-family: 'Century Gothic', sans-serif; font-size: medium;\">Mail:\u00a0<\/span><a id=\"LPlnk205554\" href=\"mailto:departamentotres@gmail.com\" target=\"_blank\" rel=\"noopener noreferrer\"><span style=\"font-family: 'Century Gothic', sans-serif; font-size: medium;\">departamentotres@gmail.com<\/span><\/a><\/i><\/span><\/div>\n<div style=\"text-align: left;\"><span style=\"font-family: 'Century Gothic', sans-serif; font-size: small;\"><i><span style=\"font-family: 'Century Gothic', sans-serif; font-size: medium;\">Facebook: Departamento de la Mediana y Tercera Edad-FCEDU<\/span><\/i><\/span><\/div>\n","protected":false},"excerpt":{"rendered":"<p>Cuatro momentos del arte en la Argentina\u00a0es el curso que dar\u00e1 el miembro de la Academia Nacional de Bellas Artes y asesor Honorario de la Comisi\u00f3n Nacional de Museos y Monumentos Hist\u00f3ricos, Marcelo Olmos. Organizada por el Departamento de la Mediana y Tercera Edad (DMyTE) de la Facultad de Ciencias de la Educaci\u00f3n, la propuesta&#8230; <\/p>\n<div class=\"clear\"><\/div>\n<p><a href=\"https:\/\/www.fcedu.uner.edu.ar\/medianayterceraedad\/?p=2695\" class=\"excerpt-read-more\">Read More<i class=\"fa fa-caret-right icon-caret-right\"><\/i><\/a><\/p>\n","protected":false},"author":1,"featured_media":2696,"comment_status":"open","ping_status":"open","sticky":false,"template":"","format":"standard","meta":{"footnotes":""},"categories":[1],"tags":[],"_links":{"self":[{"href":"https:\/\/www.fcedu.uner.edu.ar\/medianayterceraedad\/index.php?rest_route=\/wp\/v2\/posts\/2695"}],"collection":[{"href":"https:\/\/www.fcedu.uner.edu.ar\/medianayterceraedad\/index.php?rest_route=\/wp\/v2\/posts"}],"about":[{"href":"https:\/\/www.fcedu.uner.edu.ar\/medianayterceraedad\/index.php?rest_route=\/wp\/v2\/types\/post"}],"author":[{"embeddable":true,"href":"https:\/\/www.fcedu.uner.edu.ar\/medianayterceraedad\/index.php?rest_route=\/wp\/v2\/users\/1"}],"replies":[{"embeddable":true,"href":"https:\/\/www.fcedu.uner.edu.ar\/medianayterceraedad\/index.php?rest_route=%2Fwp%2Fv2%2Fcomments&post=2695"}],"version-history":[{"count":1,"href":"https:\/\/www.fcedu.uner.edu.ar\/medianayterceraedad\/index.php?rest_route=\/wp\/v2\/posts\/2695\/revisions"}],"predecessor-version":[{"id":2697,"href":"https:\/\/www.fcedu.uner.edu.ar\/medianayterceraedad\/index.php?rest_route=\/wp\/v2\/posts\/2695\/revisions\/2697"}],"wp:featuredmedia":[{"embeddable":true,"href":"https:\/\/www.fcedu.uner.edu.ar\/medianayterceraedad\/index.php?rest_route=\/wp\/v2\/media\/2696"}],"wp:attachment":[{"href":"https:\/\/www.fcedu.uner.edu.ar\/medianayterceraedad\/index.php?rest_route=%2Fwp%2Fv2%2Fmedia&parent=2695"}],"wp:term":[{"taxonomy":"category","embeddable":true,"href":"https:\/\/www.fcedu.uner.edu.ar\/medianayterceraedad\/index.php?rest_route=%2Fwp%2Fv2%2Fcategories&post=2695"},{"taxonomy":"post_tag","embeddable":true,"href":"https:\/\/www.fcedu.uner.edu.ar\/medianayterceraedad\/index.php?rest_route=%2Fwp%2Fv2%2Ftags&post=2695"}],"curies":[{"name":"wp","href":"https:\/\/api.w.org\/{rel}","templated":true}]}}