{"id":2699,"date":"2018-05-28T21:17:35","date_gmt":"2018-05-28T21:17:35","guid":{"rendered":"http:\/\/www.fcedu.uner.edu.ar\/medianayterceraedad\/?p=2699"},"modified":"2018-06-06T10:52:43","modified_gmt":"2018-06-06T10:52:43","slug":"charla-comunicacion-y-personas-mayores-desde-un-enfoque-de-derechos-humanos-en-la-fcedu","status":"publish","type":"post","link":"https:\/\/www.fcedu.uner.edu.ar\/medianayterceraedad\/?p=2699","title":{"rendered":"Charla Comunicaci\u00f3n y Personas Mayores desde un enfoque de Derechos Humanos en la FCEDU"},"content":{"rendered":"<p><strong><span style=\"color: #333333;\">Con la coordinaci\u00f3n de la Defensor\u00eda del P\u00fablico de Servicios de Comunicaci\u00f3n Audiovisual. Es organizada por el Departamento de la Mediana y Tercera Edad con el acompa\u00f1amiento de la Secretar\u00eda de Extensi\u00f3n y Cultura de la FCEDU en el marco del D\u00eda Mundial de Toma de Conciencia del Abuso y Maltrato en la Vejez. Mi\u00e9rcoles 13 de junio a las 16:30 en el Auditorio Rodolfo Walsh, Buenos Aires 389. <\/span><\/strong><\/p>\n<hr \/>\n<p><span style=\"color: #333333;\">En el marco del <span style=\"color: #497bbd;\"><strong><a href=\"http:\/\/www.un.org\/es\/events\/elderabuse\/\">D\u00eda de Toma de Conciencia del Abuso y Maltrato en la Vejez<\/a>, 15 de junio<\/strong><\/span>, se desarrollar\u00e1 una charla sobre las <strong>representaciones medi\u00e1ticas de las vejeces y las recomendaciones para el tratamiento period\u00edstico respetuoso y responsable sobre las personas mayores<\/strong>. La disertaci\u00f3n estar\u00e1 a cargo de la<strong> Especialista Mariana Rodr\u00edguez<\/strong> de la <strong>Direcci\u00f3n de An\u00e1lisis, Investigaci\u00f3n y Monitoreo de la <span style=\"color: #497bbd;\"><a style=\"color: #497bbd;\" href=\"http:\/\/defensadelpublico.gob.ar\/\">Defensor\u00eda del P\u00fablico de Servicios de Comunicaci\u00f3n Audiovisual.<\/a><\/span><\/strong><\/span><\/p>\n<p><span style=\"color: #333333;\">La actividad ser\u00e1 el mi\u00e9rcoles <strong>13 de junio a las 16:30<\/strong> en el <strong>Auditorio Rodolfo Walsh, <\/strong>Buenos Aires 389,\u00a0y es organizada por el <strong>Departamento de la Mediana y Tercera Edad (DMyTE)<\/strong> con el acompa\u00f1amiento de la <strong>Secretar\u00eda de Extensi\u00f3n y Cultura de la Facultad de Ciencias de la Educaci\u00f3n<\/strong>. La instancia busca promover la reflexi\u00f3n sobre el abordaje de las personas mayores en radio y en televisi\u00f3n. As\u00ed como tambi\u00e9n, contribuir un tratamiento que contemple la diversidad de vejeces, desestime prejuicios, reconozca las potencialidades de esta etapa de la vida, y entienda a las y los <strong>adultos mayores como sujetos de derecho.<\/strong><\/span><\/p>\n<p><span style=\"color: #333333;\">La charla est\u00e1 destinada a estudiantes, docentes y profesionales de la comunicaci\u00f3n, a estudiantes y docentes del DMyTE, y a quienes se especializan en el trabajo con adultos mayores. Adem\u00e1s, se convoca a la comunidad en general para contribuir al reconocimiento de los <strong>derechos de las audiencias<\/strong> de los medios de comunicaci\u00f3n audiovisual.<\/span><\/p>\n<p><span style=\"color: #333333;\">Mariana Rodr\u00edguez, es Licenciada en Ciencias de la Comunicaci\u00f3n (UBA) y Especialista en Gesti\u00f3n e Intervenci\u00f3n Gerontol\u00f3gica (UNTREF). La propuesta consiste en brindar los datos del <strong><a href=\"http:\/\/defensadelpublico.gob.ar\/escaso-abordaje-sobre-las-personas-mayores-en-los-medios-audiovisuales\/\">monitoreo 2017<\/a><\/strong> en relaci\u00f3n al abordaje de las personas mayores realizado por la Direcci\u00f3n de An\u00e1lisis, Investigaci\u00f3n y Monitoreo de la Defensor\u00eda del P\u00fablico de Servicios de Comunicaci\u00f3n Audiovisual. Tambi\u00e9n compartir las <a href=\"http:\/\/defensadelpublico.gob.ar\/tratamiento-responsable-sobre-las-personas-mayores-en-los-medios-audiovisuales\/\"><strong>recomendaciones que elabor\u00f3 la Defensor\u00eda para el tratamiento period\u00edstico responsable y respetuoso de las vejeces en los medios. <\/strong><\/a><\/span><\/p>\n<p><span style=\"color: #333333;\">I<strong>nscripciones v\u00eda formulario<\/strong> <strong>online:<\/strong> <span style=\"color: #497bbd;\"><a style=\"color: #497bbd;\" href=\"https:\/\/goo.gl\/forms\/3RuGvihYwyvhM0G33\">https:\/\/goo.gl\/forms\/3RuGvihYwyvhM0G33 <\/a><\/span><\/span><br \/>\n<span style=\"color: #333333;\">Se entregar\u00e1n certificados y las acreditaciones ser\u00e1n a partir de las <strong>16:00.<\/strong><\/span><\/p>\n<h5><span style=\"color: #00c768;\">La Defensor\u00eda<\/span><\/h5>\n<p><span style=\"color: #333333;\">La <strong>Defensor\u00eda del P\u00fablico<\/strong> tiene la misi\u00f3n de promover, difundir y defender el Derecho a la Comunicaci\u00f3n democr\u00e1tica de las audiencias de los medios de comunicaci\u00f3n audiovisual en todo el territorio nacional.<\/span><br \/>\n<span style=\"color: #333333;\">Es un organismo p\u00fablico creado por la Ley 26.522 de Servicios de Comunicaci\u00f3n Audiovisual, constituido formalmente desde 2012. Su existencia se sustenta en una concepci\u00f3n del Derecho a la Libertad de Expresi\u00f3n que contempla las facultades y obligaciones de quienes producen y emiten y de quienes son receptores\/as de medios. En este sentido, la Defensor\u00eda recibe y canaliza las consultas, reclamos y denuncias de los p\u00fablicos para que sus derechos ciudadanos como receptores de medios sean respetados y lleva adelante una tarea pedag\u00f3gica para explicar en qu\u00e9 consiste el derecho a la comunicaci\u00f3n, c\u00f3mo ejercerlo y c\u00f3mo reclamar si no es respetado.<\/span><\/p>\n<p><img decoding=\"async\" loading=\"lazy\" class=\"size-medium wp-image-2707 alignleft\" src=\"https:\/\/www.fcedu.uner.edu.ar\/medianayterceraedad\/wp-content\/uploads\/2018\/05\/Flyer-Defensor\u00eda-300x300.jpg\" alt=\"\" width=\"300\" height=\"300\" srcset=\"https:\/\/www.fcedu.uner.edu.ar\/medianayterceraedad\/wp-content\/uploads\/2018\/05\/Flyer-Defensor\u00eda-300x300.jpg 300w, https:\/\/www.fcedu.uner.edu.ar\/medianayterceraedad\/wp-content\/uploads\/2018\/05\/Flyer-Defensor\u00eda-150x150.jpg 150w, https:\/\/www.fcedu.uner.edu.ar\/medianayterceraedad\/wp-content\/uploads\/2018\/05\/Flyer-Defensor\u00eda-768x768.jpg 768w, https:\/\/www.fcedu.uner.edu.ar\/medianayterceraedad\/wp-content\/uploads\/2018\/05\/Flyer-Defensor\u00eda-400x400.jpg 400w, https:\/\/www.fcedu.uner.edu.ar\/medianayterceraedad\/wp-content\/uploads\/2018\/05\/Flyer-Defensor\u00eda.jpg 960w\" sizes=\"(max-width: 300px) 100vw, 300px\" \/><\/p>\n<p>&nbsp;<\/p>\n<p>&nbsp;<\/p>\n<p>&nbsp;<\/p>\n<p>&nbsp;<\/p>\n<p>&nbsp;<\/p>\n<p>&nbsp;<\/p>\n<p>&nbsp;<\/p>\n<p>&nbsp;<\/p>\n<p>&nbsp;<\/p>\n<p>&nbsp;<\/p>\n<p>&nbsp;<\/p>\n","protected":false},"excerpt":{"rendered":"<p>Con la coordinaci\u00f3n de la Defensor\u00eda del P\u00fablico de Servicios de Comunicaci\u00f3n Audiovisual. Es organizada por el Departamento de la Mediana y Tercera Edad con el acompa\u00f1amiento de la Secretar\u00eda de Extensi\u00f3n y Cultura de la FCEDU en el marco del D\u00eda Mundial de Toma de Conciencia del Abuso y Maltrato en la Vejez. Mi\u00e9rcoles&#8230; <\/p>\n<div class=\"clear\"><\/div>\n<p><a href=\"https:\/\/www.fcedu.uner.edu.ar\/medianayterceraedad\/?p=2699\" class=\"excerpt-read-more\">Read More<i class=\"fa fa-caret-right icon-caret-right\"><\/i><\/a><\/p>\n","protected":false},"author":1,"featured_media":2706,"comment_status":"open","ping_status":"open","sticky":false,"template":"","format":"gallery","meta":{"footnotes":""},"categories":[1],"tags":[],"_links":{"self":[{"href":"https:\/\/www.fcedu.uner.edu.ar\/medianayterceraedad\/index.php?rest_route=\/wp\/v2\/posts\/2699"}],"collection":[{"href":"https:\/\/www.fcedu.uner.edu.ar\/medianayterceraedad\/index.php?rest_route=\/wp\/v2\/posts"}],"about":[{"href":"https:\/\/www.fcedu.uner.edu.ar\/medianayterceraedad\/index.php?rest_route=\/wp\/v2\/types\/post"}],"author":[{"embeddable":true,"href":"https:\/\/www.fcedu.uner.edu.ar\/medianayterceraedad\/index.php?rest_route=\/wp\/v2\/users\/1"}],"replies":[{"embeddable":true,"href":"https:\/\/www.fcedu.uner.edu.ar\/medianayterceraedad\/index.php?rest_route=%2Fwp%2Fv2%2Fcomments&post=2699"}],"version-history":[{"count":13,"href":"https:\/\/www.fcedu.uner.edu.ar\/medianayterceraedad\/index.php?rest_route=\/wp\/v2\/posts\/2699\/revisions"}],"predecessor-version":[{"id":2715,"href":"https:\/\/www.fcedu.uner.edu.ar\/medianayterceraedad\/index.php?rest_route=\/wp\/v2\/posts\/2699\/revisions\/2715"}],"wp:featuredmedia":[{"embeddable":true,"href":"https:\/\/www.fcedu.uner.edu.ar\/medianayterceraedad\/index.php?rest_route=\/wp\/v2\/media\/2706"}],"wp:attachment":[{"href":"https:\/\/www.fcedu.uner.edu.ar\/medianayterceraedad\/index.php?rest_route=%2Fwp%2Fv2%2Fmedia&parent=2699"}],"wp:term":[{"taxonomy":"category","embeddable":true,"href":"https:\/\/www.fcedu.uner.edu.ar\/medianayterceraedad\/index.php?rest_route=%2Fwp%2Fv2%2Fcategories&post=2699"},{"taxonomy":"post_tag","embeddable":true,"href":"https:\/\/www.fcedu.uner.edu.ar\/medianayterceraedad\/index.php?rest_route=%2Fwp%2Fv2%2Ftags&post=2699"}],"curies":[{"name":"wp","href":"https:\/\/api.w.org\/{rel}","templated":true}]}}