{"id":2716,"date":"2018-06-18T22:03:40","date_gmt":"2018-06-18T22:03:40","guid":{"rendered":"http:\/\/www.fcedu.uner.edu.ar\/medianayterceraedad\/?p=2716"},"modified":"2018-06-18T22:03:40","modified_gmt":"2018-06-18T22:03:40","slug":"cantar-un-pretexto-para-disfrutar-encontrarse-y-ayudar","status":"publish","type":"post","link":"https:\/\/www.fcedu.uner.edu.ar\/medianayterceraedad\/?p=2716","title":{"rendered":"Cantar: un pretexto para disfrutar, encontrarse y ayudar"},"content":{"rendered":"<p><span style=\"color: #000000;\"><strong>El Taller de canto las \u201cGuachinangas\u201d del Departamento de la Mediana y Tercera Edad de la FCEDU form\u00f3 parte en dos festejos. Uno, con motivo del 25 de mayo se realiz\u00f3 en el Centro de Jubilados de Paran\u00e1 el pasado 23. El otro, fue en el Amparo Maternal el 28 de mayo para conmemorar sus 100 a\u00f1os de labor.<\/strong><\/span><\/p>\n<p style=\"text-align: right;\"><span style=\"color: #000000;\"><em>Por Mar\u00eda Cielo Ramirez, estudiante de la Licenciatura en Comunicaci\u00f3n Social\u00a0<\/em><\/span><\/p>\n<hr \/>\n<p><span style=\"color: #000000;\">Como parte de dos invitaciones festivas, el Taller de canto las \u201cGuachinangas\u201d respondi\u00f3 con su canto a trav\u00e9s de dos presentaciones. La primera invitaci\u00f3n fue para interpretar canciones folkl\u00f3ricas del Litoral en el <strong>Centro de Jubilados de Paran\u00e1<\/strong> de calle Pellegrini 454. En el atardecer del 23 de mayo, las canciones no fueron un dato menor como manifestaci\u00f3n de la gesta patria del 25 de mayo:<\/span><\/p>\n<p><span style=\"color: #000000;\"><strong>\u201cEn el Centro de Jubilados cantamos rindiendo honor a nuestra Patria, logrando que el p\u00fablico cantara con nosotras y luego compartimos charlas, unas ricas empanadas y pastelitos con el p\u00fablico presente. No fue otra cosa que, compartir momentos \u00fanicos\u201d<\/strong>, asever\u00f3 Estela una integrante de \u201cGuachinangas\u201d que\u00a0particip\u00f3 de lo acontecido.<\/span><\/p>\n<p><span style=\"color: #000000;\"><img decoding=\"async\" loading=\"lazy\" class=\"alignright size-medium wp-image-2719\" src=\"https:\/\/www.fcedu.uner.edu.ar\/medianayterceraedad\/wp-content\/uploads\/2018\/06\/Screenshot_20180528-120152-169x300.png\" alt=\"\" width=\"169\" height=\"300\" srcset=\"https:\/\/www.fcedu.uner.edu.ar\/medianayterceraedad\/wp-content\/uploads\/2018\/06\/Screenshot_20180528-120152-169x300.png 169w, https:\/\/www.fcedu.uner.edu.ar\/medianayterceraedad\/wp-content\/uploads\/2018\/06\/Screenshot_20180528-120152-576x1024.png 576w, https:\/\/www.fcedu.uner.edu.ar\/medianayterceraedad\/wp-content\/uploads\/2018\/06\/Screenshot_20180528-120152.png 720w\" sizes=\"(max-width: 169px) 100vw, 169px\" \/><\/span><\/p>\n<p><span style=\"color: #000000;\">Por otro lado, el festejo del centenario de la instituci\u00f3n <strong>Amparo Maternal<\/strong> conjuntamente al d\u00eda de los jardines de infantes, fueron ocasi\u00f3n para que el lunes 28 de mayo, nuevamente las \u201cGuachinangas\u201d lograran expresar a trav\u00e9s del canto emociones y vivencias.<\/span><\/p>\n<p><span style=\"color: #000000;\"><strong>\u201cEstuvimos compartiendo canciones infantiles a las que tambi\u00e9n dramatizamos. Fue un momento &#8216;m\u00e1gico&#8217; los ni\u00f1os interactuando y viviendo este cuento con nosotras, junto con sus maestras y autoridades que quedaron muy contentos\u201d<\/strong>, afirm\u00f3 la profesora que coordina el taller de canto en su d\u00e9cimo a\u00f1o, Silvina Gonz\u00e1lez.<\/span><\/p>\n<p><span style=\"color: #000000;\">\u00c9sta es la segunda presentaci\u00f3n que las \u201cGuachinangas\u201d realizan en el Amparo Maternal en donde cada canci\u00f3n infantil ayud\u00f3 a ensanchar la comunicaci\u00f3n y la amistad.<\/span><\/p>\n<p><span style=\"color: #000000;\"><strong>\u201cFue un placer cantar y jugar junto a esos ni\u00f1os. Est\u00e1bamos caracterizadas de Gallina Turuleca, pollitos, vaca, cucarachas, Pinocho y de otros animalitos de granja. Mientras tanto, Silvia Mayer contaba el cuento y el resto cant\u00e1bamos. Les aseguro que nos alegra la vida. Una hermosa oportunidad de ser felices\u201d<\/strong>, testimoni\u00f3\u00a0Estela acerca del evento.<\/span><\/p>\n<p><span style=\"color: #339966;\"><strong>El grupo de canto\u00a0 las \u201cGuachinangas\u201d<\/strong><\/span><\/p>\n<p><img decoding=\"async\" loading=\"lazy\" class=\" wp-image-2721 alignleft\" src=\"https:\/\/www.fcedu.uner.edu.ar\/medianayterceraedad\/wp-content\/uploads\/2018\/06\/Screenshot_20180528-115504-169x300.png\" alt=\"\" width=\"141\" height=\"250\" srcset=\"https:\/\/www.fcedu.uner.edu.ar\/medianayterceraedad\/wp-content\/uploads\/2018\/06\/Screenshot_20180528-115504-169x300.png 169w, https:\/\/www.fcedu.uner.edu.ar\/medianayterceraedad\/wp-content\/uploads\/2018\/06\/Screenshot_20180528-115504-576x1024.png 576w, https:\/\/www.fcedu.uner.edu.ar\/medianayterceraedad\/wp-content\/uploads\/2018\/06\/Screenshot_20180528-115504.png 720w\" sizes=\"(max-width: 141px) 100vw, 141px\" \/><span style=\"color: #000000;\">Con 10 a\u00f1os de presencia en la comunidad, el Taller de Canto que dirige la <strong>profesora Silvina Gonz\u00e1lez<\/strong> se adentra en el placer del canto y la m\u00fasica. Su actividad implica un estimulo para el compartir y los intercambios, a trav\u00e9s de canciones:<\/span><\/p>\n<p><span style=\"color: #000000;\"><strong>\u201cMovidas por el gusto del canto, vamos a los lugares donde nos invitan y creemos que podemos aportar un granito de esta fuerza que nos mantiene unidas. Quienes integran el espacio del taller, con cada voz hacemos una, en las malas y en las buenas.\u00bfTendr\u00e1 la vida mejor visi\u00f3n que \u00e9sta?\u201d<\/strong>, se\u00f1al\u00f3 Alicia una alumna del taller. El grupo trabaja semanalmente: <strong>\u201cnos reunimos para unir nuestras voces, homenajeando a la vida y a la amistad\u201d<\/strong>, ratific\u00f3.<\/span><\/p>\n<p>&nbsp;<\/p>\n<p>&nbsp;<\/p>\n<p><img decoding=\"async\" loading=\"lazy\" class=\"aligncenter wp-image-2728 size-full\" src=\"https:\/\/www.fcedu.uner.edu.ar\/medianayterceraedad\/wp-content\/uploads\/2018\/06\/Guachinangas-mayo-2.jpg\" alt=\"\" width=\"640\" height=\"480\" srcset=\"https:\/\/www.fcedu.uner.edu.ar\/medianayterceraedad\/wp-content\/uploads\/2018\/06\/Guachinangas-mayo-2.jpg 640w, https:\/\/www.fcedu.uner.edu.ar\/medianayterceraedad\/wp-content\/uploads\/2018\/06\/Guachinangas-mayo-2-300x225.jpg 300w, https:\/\/www.fcedu.uner.edu.ar\/medianayterceraedad\/wp-content\/uploads\/2018\/06\/Guachinangas-mayo-2-400x300.jpg 400w\" sizes=\"(max-width: 640px) 100vw, 640px\" \/><\/p>\n<p>&nbsp;<\/p>\n<p>&nbsp;<\/p>\n","protected":false},"excerpt":{"rendered":"<p>El Taller de canto las \u201cGuachinangas\u201d del Departamento de la Mediana y Tercera Edad de la FCEDU form\u00f3 parte en dos festejos. Uno, con motivo del 25 de mayo se realiz\u00f3 en el Centro de Jubilados de Paran\u00e1 el pasado 23. El otro, fue en el Amparo Maternal el 28 de mayo para conmemorar sus&#8230; <\/p>\n<div class=\"clear\"><\/div>\n<p><a href=\"https:\/\/www.fcedu.uner.edu.ar\/medianayterceraedad\/?p=2716\" class=\"excerpt-read-more\">Read More<i class=\"fa fa-caret-right icon-caret-right\"><\/i><\/a><\/p>\n","protected":false},"author":1,"featured_media":2727,"comment_status":"open","ping_status":"open","sticky":false,"template":"","format":"gallery","meta":{"footnotes":""},"categories":[1],"tags":[],"_links":{"self":[{"href":"https:\/\/www.fcedu.uner.edu.ar\/medianayterceraedad\/index.php?rest_route=\/wp\/v2\/posts\/2716"}],"collection":[{"href":"https:\/\/www.fcedu.uner.edu.ar\/medianayterceraedad\/index.php?rest_route=\/wp\/v2\/posts"}],"about":[{"href":"https:\/\/www.fcedu.uner.edu.ar\/medianayterceraedad\/index.php?rest_route=\/wp\/v2\/types\/post"}],"author":[{"embeddable":true,"href":"https:\/\/www.fcedu.uner.edu.ar\/medianayterceraedad\/index.php?rest_route=\/wp\/v2\/users\/1"}],"replies":[{"embeddable":true,"href":"https:\/\/www.fcedu.uner.edu.ar\/medianayterceraedad\/index.php?rest_route=%2Fwp%2Fv2%2Fcomments&post=2716"}],"version-history":[{"count":11,"href":"https:\/\/www.fcedu.uner.edu.ar\/medianayterceraedad\/index.php?rest_route=\/wp\/v2\/posts\/2716\/revisions"}],"predecessor-version":[{"id":2733,"href":"https:\/\/www.fcedu.uner.edu.ar\/medianayterceraedad\/index.php?rest_route=\/wp\/v2\/posts\/2716\/revisions\/2733"}],"wp:featuredmedia":[{"embeddable":true,"href":"https:\/\/www.fcedu.uner.edu.ar\/medianayterceraedad\/index.php?rest_route=\/wp\/v2\/media\/2727"}],"wp:attachment":[{"href":"https:\/\/www.fcedu.uner.edu.ar\/medianayterceraedad\/index.php?rest_route=%2Fwp%2Fv2%2Fmedia&parent=2716"}],"wp:term":[{"taxonomy":"category","embeddable":true,"href":"https:\/\/www.fcedu.uner.edu.ar\/medianayterceraedad\/index.php?rest_route=%2Fwp%2Fv2%2Fcategories&post=2716"},{"taxonomy":"post_tag","embeddable":true,"href":"https:\/\/www.fcedu.uner.edu.ar\/medianayterceraedad\/index.php?rest_route=%2Fwp%2Fv2%2Ftags&post=2716"}],"curies":[{"name":"wp","href":"https:\/\/api.w.org\/{rel}","templated":true}]}}