{"id":2759,"date":"2018-07-04T23:13:13","date_gmt":"2018-07-04T23:13:13","guid":{"rendered":"http:\/\/www.fcedu.uner.edu.ar\/medianayterceraedad\/?p=2759"},"modified":"2018-07-27T21:55:34","modified_gmt":"2018-07-27T21:55:34","slug":"para-aprender-y-compartir-museos-cine-literatura-y-folclore-son-algunas-de-las-nuevas-propuestas-para-adultos-y-adultos-mayores","status":"publish","type":"post","link":"https:\/\/www.fcedu.uner.edu.ar\/medianayterceraedad\/?p=2759","title":{"rendered":"Para aprender y compartir: Museos, cine, literatura, jardiner\u00eda y folclore son algunas de las nuevas propuestas para adultos y adultos mayores"},"content":{"rendered":"<p class=\"x_MsoNormal\"><strong>En el Departamento de la Mediana y Tercera Edad de la FCEDU se llevar\u00e1n a cabo nuevos cursos y talleres en el segundo trimestre 2018. Iniciar\u00e1n en la semana del 6 de agosto. Son espacios que favorecen la iniciativa y creatividad colectiva. Las inscripciones ser\u00e1n hasta este viernes 6 de julio, y luego del 23 de julio al 3 de agosto.<\/strong><\/p>\n<hr \/>\n<p class=\"x_MsoNormal\">A partir de agosto continuar\u00e1n las propuestas que ofrece la Facultad de Ciencias de la Educaci\u00f3n de la Universidad Nacional de Entre R\u00edos (UNER) para adultos y adultos mayores a trav\u00e9s del programa 2018 del Departamento de la Mediana y Tercera Edad Mediante los diversos espacios que ofrece el Departamento se propicia la creatividad individual y colectiva de los alumnos, quienes trabajan desde sus posibilidades y potencialidades.<\/p>\n<p class=\"x_MsoNormal\">A los cursos y talleres vigentes, se suman los siguientes:<\/p>\n<p class=\"x_MsoNormal\"><b>\u201cUna traves\u00eda por museos de Arte\u201d<\/b>, a cargo de la licenciada Cristina Dom\u00ednguez, mi\u00e9rcoles de 18 a 19:30;\u00a0<b>\u201cFolclore\u201d<\/b>, con la profesora Mar\u00eda Rosa Bertolami, lunes de 18 a 19:30;\u00a0<b>\u201cCiclo de cine\u201d<\/b>, coordinado por Pablo Russo-Carlos Pages, mi\u00e9rcoles de 17 a 19;\u00a0<b>\u201cCine-Debate\u201d<\/b>, a cargo del profesor Hern\u00e1n Ceccato, martes de 15:30 a 17:30;\u00a0<b>\u201cAntoine de Saint-Exupery, su humanismo y hero\u00edsmo\u201d<\/b>, desarrollado por la profesora Rosa Dorbessan, jueves de 17 a 18:30;\u00a0<b>\u201c<i>El crimen es una fiesta<\/i>\u00a0y otros libros\u201d<\/b>, a cargo del profesor Fernando Kosiak;\u00a0<b>\u201cModa: historia y tendencias\u201d<\/b>, dado por el profesor\u00a0Maximiliano Santos, jueves de 16:30 18:30;<b>\u00a0\u201cEl derecho d\u00eda a d\u00eda\u201d<\/b>, a cargo de la doctora Silvia Aguiar, jueves de 18 a 19:30;\u00a0<b>\u201cClaves para entender la econom\u00eda pol\u00edtica actual\u201d<\/b>, desarrollado por el profesor Luis Laferriere, viernes de 18 a 20(cada 15 d\u00edas);\u00a0<b>\u201cDise\u00f1o de jardines: orqu\u00eddeas y jardines en peque\u00f1os espacios\u201d<\/b>, lo dictar\u00e1n las profesoras Adriana Zorzet-Myriam Martinez, mi\u00e9rcoles de 15:30 a 18:30;<b>\u00a0\u201cTaller de Teatro Iniciaci\u00f3n\u201d<\/b>, coordinado por el profesor Gabriel Zonis, mi\u00e9rcoles de 16 a 18;\u00a0<b>\u201cFormaci\u00f3n de Narradores\u201d<\/b>, desarrollado por la licenciada Elin Rodriguez, mi\u00e9rcoles de 17 a 19;\u00a0<b>\u201cManejo de celulares y tablets\u201d<\/b>, a cargo del profesor Francisco Gregorutti, martes de 17 a 18:30.<\/p>\n<p class=\"x_MsoNormal\"><b>\u00a0<\/b><\/p>\n<p class=\"x_MsoNormal\">Adem\u00e1s, contin\u00faa Tomo la palabra: taller de producci\u00f3n period\u00edstica; Paran\u00e1: Historia, patrimonio cultural y legado; Tai Chi Chuan; Biodanza; Espacio Crear: T\u00e9cnicas para un acercamiento a las artes visuales; Reciclado con Ingenio; Ritmos Caribe\u00f1os (varias niveles); Tango (varios niveles); Fotograf\u00eda (varios niveles); Recreaci\u00f3n Dram\u00e1tica Avanzada; Teatro de Humor; Radioteatro; Acompa\u00f1amiento en guitarra; Bordado y cultura; Taller de Canto; Club de Narradores, Computaci\u00f3n (varios niveles); Internet (varios niveles); Estimulaci\u00f3n cognitiva; Entramando Historias: Identidad y desarrollo personal a lo largo de la vida; Franc\u00e9s (varios niveles); Alem\u00e1n avanzado; Italiano (varios niveles), Portugu\u00e9s (varios niveles); e Ingl\u00e9s (varios niveles).<\/p>\n<p class=\"x_MsoNormal\">En tanto, en las\u00a0<b>Aulas Abiertas Itinerantes<\/b>\u00a0se ofrece Fotograf\u00eda e Italiano en Cerrito; Folclore en el barrio paranaense de Bajada Grande y Taller de Producci\u00f3n Radiof\u00f3nica en\u00a0\u00a0la Asociaci\u00f3n Civil Barriletes, tambi\u00e9n en Paran\u00e1.<\/p>\n<p class=\"x_MsoNormal\"><strong><span style=\"font-weight: 400;\"><\/p>\n<div class=\"gdlr-shortcode-wrapper\">\n<div class=\"gdlr-box-with-icon-ux gdlr-ux\">\n<div class=\"gdlr-item gdlr-box-with-icon-item pos-left type-normal\" ><i class=\"fa fa-info\"  style=\"color:#4984d5;\" ><\/i><\/p>\n<h4 class=\"box-with-icon-title\">Informes e inscripci\u00f3n<\/h4>\n<div class=\"clear\"><\/div>\n<div class=\"box-with-icon-caption\"><\/div>\n<\/div>\n<\/div>\n<\/div>\n<p><\/span><\/strong><\/p>\n<p class=\"x_MsoNormal\">\n<p class=\"x_MsoNormal\">Los interesados en obtener informaci\u00f3n sobre los talleres y cursos del Departamento de la Mediana y Tercera Edad deben dirigirse a la sede de la Facultad de Ciencias de la Educaci\u00f3n, UNER, Alameda de la Federaci\u00f3n 115, los lunes, mi\u00e9rcoles, jueves y viernes de 16:00 a 19:00, mientras que, los martes de 9:00 a 12:00. Se inscribe del 25\/06 al 06\/07 y del 23\/07 al 03\/08. Las clases del segundo trimestre iniciar\u00e1n en la semana del 6 de agosto. Tambi\u00e9n pueden comunicarse por las siguientes v\u00edas:<\/p>\n<p class=\"x_MsoNormal\">\u00a0Telef\u00f3nicamente al Tel, 0343 4222033-4230657 interno49<\/p>\n<p class=\"x_MsoNormal\">Mail:\u00a0<a href=\"mailto:departamentotres@gmail.com\" target=\"_blank\" rel=\"noopener noreferrer\">departamentotres@gmail.com<\/a><\/p>\n<p class=\"x_MsoNormal\">Facebook: Departamento de la Mediana y Tercera Edad-FCEDU<\/p>\n","protected":false},"excerpt":{"rendered":"<p>En el Departamento de la Mediana y Tercera Edad de la FCEDU se llevar\u00e1n a cabo nuevos cursos y talleres en el segundo trimestre 2018. Iniciar\u00e1n en la semana del 6 de agosto. Son espacios que favorecen la iniciativa y creatividad colectiva. Las inscripciones ser\u00e1n hasta este viernes 6 de julio, y luego del 23&#8230; <\/p>\n<div class=\"clear\"><\/div>\n<p><a href=\"https:\/\/www.fcedu.uner.edu.ar\/medianayterceraedad\/?p=2759\" class=\"excerpt-read-more\">Read More<i class=\"fa fa-caret-right icon-caret-right\"><\/i><\/a><\/p>\n","protected":false},"author":1,"featured_media":2760,"comment_status":"open","ping_status":"open","sticky":false,"template":"","format":"gallery","meta":{"footnotes":""},"categories":[1],"tags":[],"_links":{"self":[{"href":"https:\/\/www.fcedu.uner.edu.ar\/medianayterceraedad\/index.php?rest_route=\/wp\/v2\/posts\/2759"}],"collection":[{"href":"https:\/\/www.fcedu.uner.edu.ar\/medianayterceraedad\/index.php?rest_route=\/wp\/v2\/posts"}],"about":[{"href":"https:\/\/www.fcedu.uner.edu.ar\/medianayterceraedad\/index.php?rest_route=\/wp\/v2\/types\/post"}],"author":[{"embeddable":true,"href":"https:\/\/www.fcedu.uner.edu.ar\/medianayterceraedad\/index.php?rest_route=\/wp\/v2\/users\/1"}],"replies":[{"embeddable":true,"href":"https:\/\/www.fcedu.uner.edu.ar\/medianayterceraedad\/index.php?rest_route=%2Fwp%2Fv2%2Fcomments&post=2759"}],"version-history":[{"count":6,"href":"https:\/\/www.fcedu.uner.edu.ar\/medianayterceraedad\/index.php?rest_route=\/wp\/v2\/posts\/2759\/revisions"}],"predecessor-version":[{"id":2768,"href":"https:\/\/www.fcedu.uner.edu.ar\/medianayterceraedad\/index.php?rest_route=\/wp\/v2\/posts\/2759\/revisions\/2768"}],"wp:featuredmedia":[{"embeddable":true,"href":"https:\/\/www.fcedu.uner.edu.ar\/medianayterceraedad\/index.php?rest_route=\/wp\/v2\/media\/2760"}],"wp:attachment":[{"href":"https:\/\/www.fcedu.uner.edu.ar\/medianayterceraedad\/index.php?rest_route=%2Fwp%2Fv2%2Fmedia&parent=2759"}],"wp:term":[{"taxonomy":"category","embeddable":true,"href":"https:\/\/www.fcedu.uner.edu.ar\/medianayterceraedad\/index.php?rest_route=%2Fwp%2Fv2%2Fcategories&post=2759"},{"taxonomy":"post_tag","embeddable":true,"href":"https:\/\/www.fcedu.uner.edu.ar\/medianayterceraedad\/index.php?rest_route=%2Fwp%2Fv2%2Ftags&post=2759"}],"curies":[{"name":"wp","href":"https:\/\/api.w.org\/{rel}","templated":true}]}}